{"id":108,"date":"2017-04-05T01:25:57","date_gmt":"2017-04-05T04:25:57","guid":{"rendered":"https:\/\/lasilusiones.com.ar\/blog\/?p=108"},"modified":"2017-04-05T01:25:57","modified_gmt":"2017-04-05T04:25:57","slug":"infosur-artistas-con-discapacidad-actuaran-para-los-vecinos-de-quilmes-en-el-teatro-municipal-con-entrada-gratuita","status":"publish","type":"post","link":"https:\/\/lasilusiones.com.ar\/blog\/infosur-artistas-con-discapacidad-actuaran-para-los-vecinos-de-quilmes-en-el-teatro-municipal-con-entrada-gratuita\/","title":{"rendered":"InfoSur &#8211; Artistas con discapacidad actuar\u00e1n para los vecinos de Quilmes en el teatro municipal con entrada gratuita"},"content":{"rendered":"<p>La Compa\u00f1\u00eda de arte inclusivo Las Ilusiones llega por primera vez a Quilmes con un espect\u00e1culo para toda la familia en el Teatro Municipal de la ciudad con entrada libre y gratuita.<\/p>\n<p>En esta oportunidad subir\u00e1n al escenario 19 artistas con y sin discapacidad intelectual para representar la reconocida comedia de Moli\u00e8re \u201cEl Enfermo Imaginario\u201d. La funci\u00f3n ser\u00e1 el pr\u00f3ximo s\u00e1bado 8 de abril a las 21hs en Av. Mitre 721.<\/p>\n<blockquote class=\"wp-embedded-content\" data-secret=\"nN898fUK4k\"><p><a href=\"https:\/\/infosurdiario.com.ar\/artistas-con-discapacidad-actuaran-para-los-vecinos-de-quilmes-en-el-teatro-municipal-con-entrada-gratuita\/\">Artistas con discapacidad actuar\u00e1n para los vecinos de Quilmes en el teatro municipal con entrada gratuita<\/a><\/p><\/blockquote>\n<p><iframe loading=\"lazy\" class=\"wp-embedded-content\" sandbox=\"allow-scripts\" security=\"restricted\" style=\"position: absolute; visibility: hidden;\" title=\"\u00abArtistas con discapacidad actuar\u00e1n para los vecinos de Quilmes en el teatro municipal con entrada gratuita\u00bb \u2014 Infosur Diario\" src=\"https:\/\/infosurdiario.com.ar\/artistas-con-discapacidad-actuaran-para-los-vecinos-de-quilmes-en-el-teatro-municipal-con-entrada-gratuita\/embed\/#?secret=YH210rY6Ln#?secret=nN898fUK4k\" data-secret=\"nN898fUK4k\" width=\"525\" height=\"296\" frameborder=\"0\" marginwidth=\"0\" marginheight=\"0\" scrolling=\"no\"><\/iframe><\/p>\n","protected":false},"excerpt":{"rendered":"<p>La Compa\u00f1\u00eda de arte inclusivo Las Ilusiones llega por primera vez a Quilmes con un espect\u00e1culo para toda la familia en el Teatro Municipal de&hellip;<\/p>\n","protected":false},"author":1,"featured_media":109,"comment_status":"open","ping_status":"open","sticky":false,"template":"","format":"standard","meta":{"_monsterinsights_skip_tracking":false,"_monsterinsights_sitenote_active":false,"_monsterinsights_sitenote_note":"","_monsterinsights_sitenote_category":0,"footnotes":""},"categories":[8],"tags":[],"class_list":["post-108","post","type-post","status-publish","format-standard","has-post-thumbnail","hentry","category-prensa"],"_links":{"self":[{"href":"https:\/\/lasilusiones.com.ar\/blog\/wp-json\/wp\/v2\/posts\/108","targetHints":{"allow":["GET"]}}],"collection":[{"href":"https:\/\/lasilusiones.com.ar\/blog\/wp-json\/wp\/v2\/posts"}],"about":[{"href":"https:\/\/lasilusiones.com.ar\/blog\/wp-json\/wp\/v2\/types\/post"}],"author":[{"embeddable":true,"href":"https:\/\/lasilusiones.com.ar\/blog\/wp-json\/wp\/v2\/users\/1"}],"replies":[{"embeddable":true,"href":"https:\/\/lasilusiones.com.ar\/blog\/wp-json\/wp\/v2\/comments?post=108"}],"version-history":[{"count":0,"href":"https:\/\/lasilusiones.com.ar\/blog\/wp-json\/wp\/v2\/posts\/108\/revisions"}],"wp:featuredmedia":[{"embeddable":true,"href":"https:\/\/lasilusiones.com.ar\/blog\/wp-json\/"}],"wp:attachment":[{"href":"https:\/\/lasilusiones.com.ar\/blog\/wp-json\/wp\/v2\/media?parent=108"}],"wp:term":[{"taxonomy":"category","embeddable":true,"href":"https:\/\/lasilusiones.com.ar\/blog\/wp-json\/wp\/v2\/categories?post=108"},{"taxonomy":"post_tag","embeddable":true,"href":"https:\/\/lasilusiones.com.ar\/blog\/wp-json\/wp\/v2\/tags?post=108"}],"curies":[{"name":"wp","href":"https:\/\/api.w.org\/{rel}","templated":true}]}}