{"id":1084,"date":"2021-10-25T10:54:33","date_gmt":"2021-10-25T13:54:33","guid":{"rendered":"https:\/\/lasilusiones.com.ar\/blog\/?p=1084"},"modified":"2021-10-25T10:54:33","modified_gmt":"2021-10-25T13:54:33","slug":"25-de-octubre-dia-mundial-de-la-espina-bifida-e-hidrocefalia","status":"publish","type":"post","link":"https:\/\/lasilusiones.com.ar\/blog\/25-de-octubre-dia-mundial-de-la-espina-bifida-e-hidrocefalia\/","title":{"rendered":"25 de octubre: D\u00eda Mundial de la Espina B\u00edfida e Hidrocefalia"},"content":{"rendered":"\n<p>En 2011 se determin\u00f3 esta fecha para concientizar sobre la espina b\u00edfida y la hidrocefalia, las formas en que ambas afecciones pueden reducirse a trav\u00e9s de la prevenci\u00f3n primaria y para promover los derechos de las personas que las sufren.<\/p>\n\n\n\n<p>La Espina B\u00edfida es una alteraci\u00f3n en la formaci\u00f3n del sistema nervioso central durante el primer mes de gestaci\u00f3n, que afecta la zona del &#8220;tubo neural&#8221; (los huesos de la columna no se forman totalmente). Se desconoce la raz\u00f3n exacta, pero, en algunos casos, existe una predisposici\u00f3n gen\u00e9tica e influyen diferentes factores. Uno de ellos es la insuficiencia de \u00e1cido f\u00f3lico. Las distintas pruebas mostraron que si la madre consume \u00e1cido f\u00f3lico (AF) en dosis adecuadas durante el per\u00edodo anterior a la concepci\u00f3n y primer trimestre del embarazo, disminuye considerablemente el riesgo. En Argentina, nacen unos 400 ni\u00f1os al a\u00f1o con esta malformaci\u00f3n, por eso, en 2002, se promulg\u00f3 la <a href=\"http:\/\/www.senasa.gob.ar\/normativas\/ley-nacional-25630-2002-poder-ejecutivo-nacionalhttps:\/www.sap.org.ar\/uploads\/documentos\/ley-25630-la-fortificaci-oacuten-de-las-harinas.pdf\" target=\"_blank\" rel=\"noreferrer noopener\">Ley N\u00b025.630<\/a> para la prevenci\u00f3n de anemias y malformaciones del tubo neural. En ella se exige que la harina de trigo destinada al consumo que se comercializa en el mercado nacional est\u00e9 enriquecida, entre otras, con dosis de AF, seg\u00fan proporciones definidas.<\/p>\n\n\n\n<p>La malformaci\u00f3n afecta a tres de los principales sistemas del organismo: el sistema nervioso central, el aparato locomotor y el sistema genitourinario y una de las lesiones m\u00e1s comunes es la hidrocefalia (agua en el cerebro). As\u00ed como todos somos diferentes no hay dos beb\u00e9s con espina b\u00edfida que sean exactamente iguales y la gravedad de sus temas de salud tienen distintos grados, pero con la atenci\u00f3n adecuada y estimulaci\u00f3n f\u00edsica, las personas con espina b\u00edfida pueden alcanzar un gran potencial.<\/p>\n\n\n\n<div class=\"wp-block-media-text alignwide is-stacked-on-mobile\" style=\"grid-template-columns:46% auto\"><figure class=\"wp-block-media-text__media\"><img decoding=\"async\" src=\"https:\/\/lasilusiones.com.ar\/blog\/wp-content\/uploads\/2021\/10\/6I2A0070-1024x683.jpg\" alt=\"\" class=\"wp-image-1085 size-full\"\/><\/figure><div class=\"wp-block-media-text__content\">\n<p class=\"has-normal-font-size\"><strong>Jorge Maxi<\/strong>, tiene 25 a\u00f1os y es actor de la sede de CABA de teatro y comedia musical. Nos cont\u00f3 que sus hobbies son coleccionar cosas y dibujar. Le preguntamos qu\u00e9 era para \u00e9l el arte: <em>&#8220;para mi el arte es poder expresarme a trav\u00e9s de la voz y el movimiento. Mi sue\u00f1o era estar en un teatro importante de la calle Corrientes y<em> ya est\u00e1 cumplido <\/em>y estoy muy feliz por eso&#8221;<\/em>. Dice que nunca se sinti\u00f3 discriminado pero quiso dejar un mensaje: <em>&#8220;juntos podemos hacer un mundo mejor, sin prejuicios y con posibilidades para todos. Para mi la discapacidad es algo que no me impide hacer lo que a mi mas me gusta pero, a veces, a la sociedad le cuesta ver eso&#8221;.  <\/em><\/p>\n<\/div><\/div>\n\n\n\n<p>Sigamos difundiendo para mostrar que, como dice Jorge Maxi, un mundo mejor es posible si eliminamos nuestros prejuicios y nos vemos como pares. <\/p>\n","protected":false},"excerpt":{"rendered":"<p>En 2011 se determin\u00f3 esta fecha para concientizar sobre la espina b\u00edfida y la hidrocefalia, las formas en que ambas afecciones pueden reducirse a trav\u00e9s&hellip;<\/p>\n","protected":false},"author":1,"featured_media":1093,"comment_status":"open","ping_status":"open","sticky":false,"template":"","format":"standard","meta":{"_monsterinsights_skip_tracking":false,"_monsterinsights_sitenote_active":false,"_monsterinsights_sitenote_note":"","_monsterinsights_sitenote_category":0,"footnotes":""},"categories":[4],"tags":[],"class_list":["post-1084","post","type-post","status-publish","format-standard","has-post-thumbnail","hentry","category-articulo"],"_links":{"self":[{"href":"https:\/\/lasilusiones.com.ar\/blog\/wp-json\/wp\/v2\/posts\/1084","targetHints":{"allow":["GET"]}}],"collection":[{"href":"https:\/\/lasilusiones.com.ar\/blog\/wp-json\/wp\/v2\/posts"}],"about":[{"href":"https:\/\/lasilusiones.com.ar\/blog\/wp-json\/wp\/v2\/types\/post"}],"author":[{"embeddable":true,"href":"https:\/\/lasilusiones.com.ar\/blog\/wp-json\/wp\/v2\/users\/1"}],"replies":[{"embeddable":true,"href":"https:\/\/lasilusiones.com.ar\/blog\/wp-json\/wp\/v2\/comments?post=1084"}],"version-history":[{"count":0,"href":"https:\/\/lasilusiones.com.ar\/blog\/wp-json\/wp\/v2\/posts\/1084\/revisions"}],"wp:featuredmedia":[{"embeddable":true,"href":"https:\/\/lasilusiones.com.ar\/blog\/wp-json\/"}],"wp:attachment":[{"href":"https:\/\/lasilusiones.com.ar\/blog\/wp-json\/wp\/v2\/media?parent=1084"}],"wp:term":[{"taxonomy":"category","embeddable":true,"href":"https:\/\/lasilusiones.com.ar\/blog\/wp-json\/wp\/v2\/categories?post=1084"},{"taxonomy":"post_tag","embeddable":true,"href":"https:\/\/lasilusiones.com.ar\/blog\/wp-json\/wp\/v2\/tags?post=1084"}],"curies":[{"name":"wp","href":"https:\/\/api.w.org\/{rel}","templated":true}]}}