{"id":1098,"date":"2021-11-04T09:15:50","date_gmt":"2021-11-04T12:15:50","guid":{"rendered":"https:\/\/lasilusiones.com.ar\/blog\/?p=1098"},"modified":"2021-11-04T09:15:50","modified_gmt":"2021-11-04T12:15:50","slug":"les-presentamos-despuntado-asociacion-civil","status":"publish","type":"post","link":"https:\/\/lasilusiones.com.ar\/blog\/les-presentamos-despuntado-asociacion-civil\/","title":{"rendered":"Les presentamos &#8220;Despuntado&#8221;, Asociaci\u00f3n Civil"},"content":{"rendered":"\n<p>Habiendo cumplido 13 a\u00f1os de crecimiento sostenido, superando nuestras expectativas y estando consolidados en el \u00e1mbito del arte y la cultura, en Las Ilusiones no nos detenemos. Seguimos expandi\u00e9ndonos, siempre en la b\u00fasqueda de una sociedad m\u00e1s inclusiva, que brinde oportunidades para todos por igual.<\/p>\n\n\n\n<p>Con emoci\u00f3n y alegr\u00eda les contamos que este a\u00f1o se concret\u00f3 una idea que hace mucho tiempo ven\u00edamos trabajando: crear una Asociaci\u00f3n Civil. Hoy les presentamos: <em>Despuntado<\/em>. Si bien seguiremos impulsando iniciativas culturales, uno de los principales objetivos de esta ONG es proyectarse en el \u00e1mbito social y laboral de la persona con discapacidad, para generar autonom\u00eda. El proyecto m\u00e1s importante que vamos a encarar es el de <em>Viviendas tuteladas.<\/em> Un sue\u00f1o que, a trav\u00e9s de Despuntado, estamos buscando concretar.<\/p>\n\n\n\n<p>\u00bfQu\u00e9 son las viviendas tuteladas? Juan Ignacio, nuestro director, curs\u00f3 un m\u00e1ster en Madrid donde este concepto se encuentra muy desarrollado y pudo vivenciar el funcionamiento de este tipo de proyectos. Las viviendas tuteladas buscan brindar la posibilidad, a j\u00f3venes y adultos con discapacidad intelectual, de vivir en espacios cotidianos y reales de manera aut\u00f3noma, fuera del \u00e1mbito institucional o de hogares.<\/p>\n\n\n\n<p>Esta ONG va a permitir que nos vinculemos con empresas o particulares que quieran acompa\u00f1arnos, realizando aportes econ\u00f3micos. Adem\u00e1s de las becas de arte y las distintas acciones de visibilidad, otro proyecto importante que buscamos potenciar es el de la carrera de Preceptores de Arte. El objetivo es el desarrollo profesional desde el arte con la posterior inserci\u00f3n laboral.<\/p>\n\n\n\n<p>Despuntado, adem\u00e1s, es una organizaci\u00f3n que en su mismo seno es inclusiva porque uno de los miembros de la comisi\u00f3n directiva, es una persona con discapacidad.<\/p>\n\n\n\n<p>\u00bfPor qu\u00e9 <em>Despuntado<\/em>? Cuando pensamos un nombre elegimos <em>despuntar<\/em> porque significa <em>empezar a manifestarse al amanecer, brotar y desarrollar tallos<\/em>. Y eso es lo que buscamos con este proyecto. Generar un nuevo amanecer, potenciar otras etapas de crecimiento para las personas con discapacidad que generen nuevos y m\u00e1s potentes tallos, una vida con esperanza para las familias y la sociedad. Despuntar tambi\u00e9n significa <em>ingenio<\/em>. El ingenio es la facultad&nbsp;del&nbsp;ser&nbsp;humano&nbsp;para inventar, crear, la habilidad para conseguir lo que desea, la intuici\u00f3n, el talento. Y todo esto sabemos que de sobra lo tenemos todos, solo necesitamos espacios donde se nos permita desarrollarlo.<\/p>\n\n\n\n<p>M\u00e1s adelante les iremos compartiendo novedades y avances de esto que reci\u00e9n empieza.<\/p>\n","protected":false},"excerpt":{"rendered":"<p>Habiendo cumplido 13 a\u00f1os de crecimiento sostenido, superando nuestras expectativas y estando consolidados en el \u00e1mbito del arte y la cultura, en Las Ilusiones no&hellip;<\/p>\n","protected":false},"author":1,"featured_media":0,"comment_status":"open","ping_status":"open","sticky":false,"template":"","format":"standard","meta":{"_monsterinsights_skip_tracking":false,"_monsterinsights_sitenote_active":false,"_monsterinsights_sitenote_note":"","_monsterinsights_sitenote_category":0,"footnotes":""},"categories":[10],"tags":[],"class_list":["post-1098","post","type-post","status-publish","format-standard","hentry","category-presentacion"],"_links":{"self":[{"href":"https:\/\/lasilusiones.com.ar\/blog\/wp-json\/wp\/v2\/posts\/1098","targetHints":{"allow":["GET"]}}],"collection":[{"href":"https:\/\/lasilusiones.com.ar\/blog\/wp-json\/wp\/v2\/posts"}],"about":[{"href":"https:\/\/lasilusiones.com.ar\/blog\/wp-json\/wp\/v2\/types\/post"}],"author":[{"embeddable":true,"href":"https:\/\/lasilusiones.com.ar\/blog\/wp-json\/wp\/v2\/users\/1"}],"replies":[{"embeddable":true,"href":"https:\/\/lasilusiones.com.ar\/blog\/wp-json\/wp\/v2\/comments?post=1098"}],"version-history":[{"count":0,"href":"https:\/\/lasilusiones.com.ar\/blog\/wp-json\/wp\/v2\/posts\/1098\/revisions"}],"wp:attachment":[{"href":"https:\/\/lasilusiones.com.ar\/blog\/wp-json\/wp\/v2\/media?parent=1098"}],"wp:term":[{"taxonomy":"category","embeddable":true,"href":"https:\/\/lasilusiones.com.ar\/blog\/wp-json\/wp\/v2\/categories?post=1098"},{"taxonomy":"post_tag","embeddable":true,"href":"https:\/\/lasilusiones.com.ar\/blog\/wp-json\/wp\/v2\/tags?post=1098"}],"curies":[{"name":"wp","href":"https:\/\/api.w.org\/{rel}","templated":true}]}}