{"id":1104,"date":"2021-11-11T08:28:21","date_gmt":"2021-11-11T11:28:21","guid":{"rendered":"https:\/\/www.lasilusiones.com.ar\/blog\/?p=1104"},"modified":"2021-11-11T08:28:21","modified_gmt":"2021-11-11T11:28:21","slug":"preceptores-de-arte","status":"publish","type":"post","link":"https:\/\/lasilusiones.com.ar\/blog\/preceptores-de-arte\/","title":{"rendered":"Preceptores de arte"},"content":{"rendered":"\n<p>En Las Ilusiones trabajamos en forma constante para potenciar las fortalezas de todos nuestros artistas y buscamos que crezcan m\u00e1s all\u00e1 del arte. En ese camino, apostamos por la b\u00fasqueda de la profesionalizaci\u00f3n y la constante autonom\u00eda. Hoy les presentamos uno de los proyectos en el que comenzamos a trabajar en el 2018, que fue evolucionando y hoy tiene sus primeros frutos.<\/p>\n\n\n\n<p>La formaci\u00f3n de <strong>Preceptores de arte<\/strong> surgi\u00f3 porque vimos una necesidad y una oportunidad. Comenzamos a probar de manera incipiente con artistas con aptitudes para la docencia, emp\u00e1ticos, por su colaboraci\u00f3n en las clases, su capacidad de resolver situaciones de manera aut\u00f3noma y el nivel aprendizaje adquirido de la lecto-escritura. Les dimos algunas tareas  administrativas  y como auxiliares en educaci\u00f3n y luego, detectando su potencial, comenzamos a formarlos internamente. La idea era capacitarlos para que incorporen contenidos art\u00edsticos te\u00f3ricos a partir de la pr\u00e1ctica, acompa\u00f1ando a los referentes y asistentes de grupo en las clases. Hoy, el objetivo final es ofrecerles una salida laboral.<\/p>\n\n\n\n<p> La idea inicial comenz\u00f3 en el 2018 en la sede de CABA con Fernando Pacheco. Durante el 2019 se extendi\u00f3 a sedes de Lan\u00fas, con Nicolas Risso, y a Olivos, con Ignacio Bastita. Los preceptores se ocuparon de asistir a los referentes en clase llevando adelante actividades como imprimir o fotocopiar libretos, tomar lista de los artistas, armar inventarios de utiler\u00eda, realizar compras de elementos para las clases, ordenar los elementos de trabajo, etc.  <\/p>\n\n\n\n<div class=\"wp-block-media-text alignwide is-stacked-on-mobile\" style=\"grid-template-columns:47% auto\"><figure class=\"wp-block-media-text__media\"><img decoding=\"async\" src=\"https:\/\/www.lasilusiones.com.ar\/blog\/wp-content\/uploads\/2021\/11\/prece2-1-1024x576.png\" alt=\"\" class=\"wp-image-1110 size-full\"\/><\/figure><div class=\"wp-block-media-text__content\">\n<p>En el 2020 la formaci\u00f3n pas\u00f3 a la modalidad virtual y se sumaron Victoria Fern\u00e1ndez, Catalina Centuri\u00f3n, Sof\u00eda Curros y Noelia Cortijos. Durante el 2021 se continu\u00f3 con la capacitaci\u00f3n virtual con contenidos te\u00f3ricos, donde los j\u00f3venes estudiaron diversos conocimientos que fueron poniendo en pr\u00e1ctica en las clases. El objetivo es que el a\u00f1o pr\u00f3ximo cuenten con mayor formaci\u00f3n para trabajar en el campo nuevamente. <\/p>\n<\/div><\/div>\n\n\n\n<p>El gran objetivo largo plazo es hacer una carrera oficial de asistentes en arte con el apoyo de alguna universidad y garantizar la inserci\u00f3n laboral de quienes la terminen. Creemos que la capacitaci\u00f3n es la clave para la inserci\u00f3n y desde nuestra ONG, queremos promover la inclusi\u00f3n laboral real, aquella que fomente nuevas oportunidades para la autonom\u00eda e independencia.<\/p>\n","protected":false},"excerpt":{"rendered":"<p>En Las Ilusiones trabajamos en forma constante para potenciar las fortalezas de todos nuestros artistas y buscamos que crezcan m\u00e1s all\u00e1 del arte. En ese&hellip;<\/p>\n","protected":false},"author":1,"featured_media":1106,"comment_status":"open","ping_status":"open","sticky":false,"template":"","format":"standard","meta":{"_monsterinsights_skip_tracking":false,"_monsterinsights_sitenote_active":false,"_monsterinsights_sitenote_note":"","_monsterinsights_sitenote_category":0,"footnotes":""},"categories":[3],"tags":[],"class_list":["post-1104","post","type-post","status-publish","format-standard","has-post-thumbnail","hentry","category-actividades"],"_links":{"self":[{"href":"https:\/\/lasilusiones.com.ar\/blog\/wp-json\/wp\/v2\/posts\/1104","targetHints":{"allow":["GET"]}}],"collection":[{"href":"https:\/\/lasilusiones.com.ar\/blog\/wp-json\/wp\/v2\/posts"}],"about":[{"href":"https:\/\/lasilusiones.com.ar\/blog\/wp-json\/wp\/v2\/types\/post"}],"author":[{"embeddable":true,"href":"https:\/\/lasilusiones.com.ar\/blog\/wp-json\/wp\/v2\/users\/1"}],"replies":[{"embeddable":true,"href":"https:\/\/lasilusiones.com.ar\/blog\/wp-json\/wp\/v2\/comments?post=1104"}],"version-history":[{"count":0,"href":"https:\/\/lasilusiones.com.ar\/blog\/wp-json\/wp\/v2\/posts\/1104\/revisions"}],"wp:featuredmedia":[{"embeddable":true,"href":"https:\/\/lasilusiones.com.ar\/blog\/wp-json\/"}],"wp:attachment":[{"href":"https:\/\/lasilusiones.com.ar\/blog\/wp-json\/wp\/v2\/media?parent=1104"}],"wp:term":[{"taxonomy":"category","embeddable":true,"href":"https:\/\/lasilusiones.com.ar\/blog\/wp-json\/wp\/v2\/categories?post=1104"},{"taxonomy":"post_tag","embeddable":true,"href":"https:\/\/lasilusiones.com.ar\/blog\/wp-json\/wp\/v2\/tags?post=1104"}],"curies":[{"name":"wp","href":"https:\/\/api.w.org\/{rel}","templated":true}]}}