{"id":112,"date":"2017-03-28T01:29:20","date_gmt":"2017-03-28T04:29:20","guid":{"rendered":"https:\/\/lasilusiones.com.ar\/blog\/?p=112"},"modified":"2017-03-28T01:29:20","modified_gmt":"2017-03-28T04:29:20","slug":"zona-norte-vision-artistas-con-discapacidad-de-zona-norte-actuaran-para-sus-vecinos-en-espacio-nucleo","status":"publish","type":"post","link":"https:\/\/lasilusiones.com.ar\/blog\/zona-norte-vision-artistas-con-discapacidad-de-zona-norte-actuaran-para-sus-vecinos-en-espacio-nucleo\/","title":{"rendered":"Zona Norte Visi\u00f3n &#8211; Artistas con discapacidad de zona norte actuar\u00e1n para sus vecinos en Espacio N\u00facleo"},"content":{"rendered":"<p><strong>La compa\u00f1\u00eda \u201cLas Ilusiones\u201d, que en diciembre pasado estren\u00f3 una producci\u00f3n con artistas con discapacidad en un teatro comercial de la Av. Corrientes, lo que signific\u00f3 un hito para este colectivo social, presentar\u00e1 dos obras en zona norte: \u201cLa Poci\u00f3n\u201d y \u201cEl Chavo del 8\u201d.<\/strong><\/p>\n<p>(Para leer m\u00e1s click en el siguiente link)<\/p>\n<blockquote class=\"wp-embedded-content\" data-secret=\"5J0sBdv9su\"><p><a href=\"https:\/\/zonanortevision.com.ar\/107193\/artistas-discapacidad-zona-norte-actuaran-vecinos-espacio-nucleo\/\">Artistas con discapacidad de zona norte actuar\u00e1n para sus vecinos en Espacio N\u00facleo<\/a><\/p><\/blockquote>\n<p><iframe loading=\"lazy\" class=\"wp-embedded-content\" sandbox=\"allow-scripts\" security=\"restricted\" style=\"position: absolute; visibility: hidden;\" title=\"\u00abArtistas con discapacidad de zona norte actuar\u00e1n para sus vecinos en Espacio N\u00facleo\u00bb \u2014 Zona Norte Visi\u00f3n\" src=\"https:\/\/zonanortevision.com.ar\/107193\/artistas-discapacidad-zona-norte-actuaran-vecinos-espacio-nucleo\/embed\/#?secret=tE1mNf8dKy#?secret=5J0sBdv9su\" data-secret=\"5J0sBdv9su\" width=\"525\" height=\"296\" frameborder=\"0\" marginwidth=\"0\" marginheight=\"0\" scrolling=\"no\"><\/iframe><\/p>\n","protected":false},"excerpt":{"rendered":"<p>La compa\u00f1\u00eda \u201cLas Ilusiones\u201d, que en diciembre pasado estren\u00f3 una producci\u00f3n con artistas con discapacidad en un teatro comercial de la Av. Corrientes, lo que&hellip;<\/p>\n","protected":false},"author":1,"featured_media":113,"comment_status":"open","ping_status":"open","sticky":false,"template":"","format":"standard","meta":{"_monsterinsights_skip_tracking":false,"_monsterinsights_sitenote_active":false,"_monsterinsights_sitenote_note":"","_monsterinsights_sitenote_category":0,"footnotes":""},"categories":[8],"tags":[],"class_list":["post-112","post","type-post","status-publish","format-standard","has-post-thumbnail","hentry","category-prensa"],"_links":{"self":[{"href":"https:\/\/lasilusiones.com.ar\/blog\/wp-json\/wp\/v2\/posts\/112","targetHints":{"allow":["GET"]}}],"collection":[{"href":"https:\/\/lasilusiones.com.ar\/blog\/wp-json\/wp\/v2\/posts"}],"about":[{"href":"https:\/\/lasilusiones.com.ar\/blog\/wp-json\/wp\/v2\/types\/post"}],"author":[{"embeddable":true,"href":"https:\/\/lasilusiones.com.ar\/blog\/wp-json\/wp\/v2\/users\/1"}],"replies":[{"embeddable":true,"href":"https:\/\/lasilusiones.com.ar\/blog\/wp-json\/wp\/v2\/comments?post=112"}],"version-history":[{"count":0,"href":"https:\/\/lasilusiones.com.ar\/blog\/wp-json\/wp\/v2\/posts\/112\/revisions"}],"wp:featuredmedia":[{"embeddable":true,"href":"https:\/\/lasilusiones.com.ar\/blog\/wp-json\/"}],"wp:attachment":[{"href":"https:\/\/lasilusiones.com.ar\/blog\/wp-json\/wp\/v2\/media?parent=112"}],"wp:term":[{"taxonomy":"category","embeddable":true,"href":"https:\/\/lasilusiones.com.ar\/blog\/wp-json\/wp\/v2\/categories?post=112"},{"taxonomy":"post_tag","embeddable":true,"href":"https:\/\/lasilusiones.com.ar\/blog\/wp-json\/wp\/v2\/tags?post=112"}],"curies":[{"name":"wp","href":"https:\/\/api.w.org\/{rel}","templated":true}]}}