{"id":1124,"date":"2021-11-18T09:45:57","date_gmt":"2021-11-18T12:45:57","guid":{"rendered":"https:\/\/www.lasilusiones.com.ar\/blog\/?p=1124"},"modified":"2021-11-18T09:45:57","modified_gmt":"2021-11-18T12:45:57","slug":"microemprendimientos","status":"publish","type":"post","link":"https:\/\/lasilusiones.com.ar\/blog\/microemprendimientos\/","title":{"rendered":"Microemprendimientos"},"content":{"rendered":"\n<p>En Las Ilusiones amamos hacer arte, pero nuestros artistas hacen muchas otras cosas. En esta oportunidad, les presentamos a los artistas de la Compa\u00f1\u00eda que son emprendedores. Algunos empezaron hace varios a\u00f1os y otros, aprovechando la pandemia, comenzaron este camino el a\u00f1o pasado. Todos eligieron sus pasatiempos favoritos, encontrando all\u00ed una veta comercial y un proyecto a futuro. En muchos casos, las familias, que en un inicio solo acompa\u00f1aban, se fueron sumergiendo en las tareas y hoy son parte del emprendimiento familiar donde cada uno aporta desde su conocimiento o experiencia. Ac\u00e1 tambi\u00e9n la diversidad se hace presente para potenciar y so\u00f1ar nuevos horizontes. Los invitamos a leer esta nota llena de magia, cosas ricas y colores.<\/p>\n\n\n\n<div class=\"wp-block-media-text alignwide has-media-on-the-right is-stacked-on-mobile\" style=\"grid-template-columns:auto 22%\"><figure class=\"wp-block-media-text__media\"><img decoding=\"async\" src=\"https:\/\/www.lasilusiones.com.ar\/blog\/wp-content\/uploads\/2021\/11\/WhatsApp-Image-2021-11-18-at-08.58.34-718x1024.jpeg\" alt=\"\" class=\"wp-image-1126 size-full\"\/><\/figure><div class=\"wp-block-media-text__content\">\n<p><strong>Nahuel &#8211; Pizzas Caseras<\/strong> <\/p>\n\n\n\n<p><\/p>\n\n\n\n<p class=\"has-regular-font-size\">Nahuel es artista de la sede de Olivos y su proyecto surgi\u00f3 a comienzos del 2019, cuando termin\u00f3 el CFI y no ten\u00eda trabajo. La idea inicial era hacer prepizzas \u201cpara ocupar su tiempo\u201d pero despu\u00e9s se transform\u00f3 en un emprendimiento, porque las empez\u00f3 a vender.<\/p>\n<\/div><\/div>\n\n\n\n<div class=\"wp-block-media-text alignwide is-stacked-on-mobile\" style=\"grid-template-columns:25% auto\"><figure class=\"wp-block-media-text__media\"><img decoding=\"async\" src=\"https:\/\/www.lasilusiones.com.ar\/blog\/wp-content\/uploads\/2021\/11\/Nahuel-768x1024.jpeg\" alt=\"\" class=\"wp-image-1125 size-full\"\/><\/figure><div class=\"wp-block-media-text__content\">\n<p class=\"has-regular-font-size\"><em>\u201cUna amiga nos ayud\u00f3 con el logo y los perfiles de Instagram y Facebook. La expectativa era que Nahuel tuviera una ocupaci\u00f3n y que gane algo de dinero, \u00e9l siempre dec\u00eda que la plata era para sus vacaciones\u201d<\/em>, cont\u00f3 Graciela, mam\u00e1 de Nahuel. Los amigos y la familia ayudaron para que el emprendimiento se fuera dando a conocer y as\u00ed llegaron los pedidos, porque en el barrio todos conocen a Nahuel y quer\u00edan probar sus pre pizzas. Cada vez se sumaban m\u00e1s clientes con pedidos grandes y ah\u00ed empezaron a ayudar la hermana y la sobrina de Nahuel, <em>\u201cyo siempre lo ayudo con los tiempos y el horno\u201d<\/em>, agreg\u00f3 Graciela. <em>\u201cPara Nahuel fue s\u00faper positivo el proyecto porque \u00e9l estaba acostumbrado a un ritmo de colegio, con horarios y actividades que de pronto ya no estaban y se encontraba perdido, aburrido y tambi\u00e9n un poco molesto y desorientado. Esto lo ayud\u00f3 a reorganizarse adem\u00e1s de sumar actividades como f\u00fatbol, comedia musical y gastronom\u00eda. Tenemos muchas ideas, pero \u00e9l tambi\u00e9n trabaja en \u2018Nos Sobran Motivos Eventos\u2019, as\u00ed que reparte su tiempo con el restaurante y nuestro emprendimiento\u201d<\/em>, coment\u00f3 Graciela. Sigan a Nahuel en <a rel=\"noreferrer noopener\" href=\"https:\/\/instagram.com\/nahuel_elcapitandelamasa?utm_medium=copy_link\" data-type=\"URL\" data-id=\"https:\/\/instagram.com\/nahuel_elcapitandelamasa?utm_medium=copy_link\" target=\"_blank\">@nahuel_elcapitandelamasa<\/a> que se acerca el fin de semana y viene bien una pizza.<\/p>\n<\/div><\/div>\n\n\n\n<div class=\"wp-block-media-text alignwide has-media-on-the-right is-stacked-on-mobile\" style=\"grid-template-columns:auto 30%\"><figure class=\"wp-block-media-text__media\"><img decoding=\"async\" src=\"https:\/\/www.lasilusiones.com.ar\/blog\/wp-content\/uploads\/2021\/11\/WhatsApp-Image-2021-11-17-at-19.57.38-1024x682.jpeg\" alt=\"\" class=\"wp-image-1127 size-full\"\/><\/figure><div class=\"wp-block-media-text__content\">\n<p class=\"has-regular-font-size\"><strong>Mariel &#8211; Artesan\u00edas y desayunos<\/strong><\/p>\n\n\n\n<p>Mariel es de Pergamino y desde los 16 vive en Lan\u00fas, es artista de esa sede y tiene su emprendimiento de artesan\u00edas y desayunos, junto con Hern\u00e1n, su pareja. Nos cont\u00f3 que pinta desde que era chica: <em>\u201cmi mam\u00e1 me ense\u00f1\u00f3 a pintar, ella era modista de alta costura y es algo que aprend\u00ed a hacer con ella\u201d.<\/em><\/p>\n<\/div><\/div>\n\n\n\n<div class=\"wp-block-media-text alignwide is-stacked-on-mobile\" style=\"grid-template-columns:24% auto\"><figure class=\"wp-block-media-text__media\"><img decoding=\"async\" src=\"https:\/\/www.lasilusiones.com.ar\/blog\/wp-content\/uploads\/2021\/11\/hecho-en-casa-1-577x1024.jpeg\" alt=\"\" class=\"wp-image-1130 size-full\"\/><\/figure><div class=\"wp-block-media-text__content\">\n<p class=\"has-regular-font-size\">Cuando le preguntamos c\u00f3mo surgi\u00f3 el emprendimiento, nos dijo que empez\u00f3<em> \u201ccon algunas cositas en cer\u00e1mica, luego otras cositas en madera y despu\u00e9s las chicas del taller de madera me dieron algunas m\u00e1s para pintar\u201d.<\/em> El servicio que ofrece es muy completo, porque adem\u00e1s de pintar las bandejas, arma un desayuno completo seg\u00fan lo que el cliente quiera: <em>\u201cpor ejemplo, si es para una chica se pone una cadenita o un llaverito, o para el d\u00eda de la madre o el d\u00eda del padre se hace algo especial\u201d, <\/em>coment\u00f3<em>. <\/em>Mariel tambi\u00e9n pinta tazas que hacen unos amigos de ella: <em>\u201cme dicen Mari \u2018cuando quieras venir a hacer tazas, ven\u00ed\u2019 y yo voy y las hago con ellos. Es un un buen grupo\u201d, <\/em>dijo contenta<em>.<\/em> Adem\u00e1s de comprar todos los elementos para el desayuno, a veces, ofrece sus bombones y tambi\u00e9n los incluye en el regalo. Recibe todos los pedidos por WhatsApp y cotiza el servicio para cada cliente, seg\u00fan lo que le pidan. Si ten\u00e9s alg\u00fan cumplea\u00f1os cerca, &#8220;Hecho en casa&#8221; puede ser una buena opci\u00f3n.<\/p>\n<\/div><\/div>\n\n\n\n<div class=\"wp-block-media-text alignwide has-media-on-the-right is-stacked-on-mobile\" style=\"grid-template-columns:auto 28%\"><figure class=\"wp-block-media-text__media\"><img decoding=\"async\" src=\"https:\/\/www.lasilusiones.com.ar\/blog\/wp-content\/uploads\/2021\/11\/Bel1-815x1024.jpeg\" alt=\"\" class=\"wp-image-1131 size-full\"\/><\/figure><div class=\"wp-block-media-text__content\">\n<p class=\"has-regular-font-size\"><strong>Bel\u00e9n &#8211; Juguetes<\/strong><\/p>\n\n\n\n<p>Bel\u00e9n tiene 22 a\u00f1os, es artista de comedia musical de la sede de Lan\u00fas y le gusta pintar desde que era chica. Con la pandemia, su Terapista Ocupacional le sugiri\u00f3 buscar nuevas actividades para ocupar el tiempo. Dora, su mam\u00e1 nos cont\u00f3 que primero probaron con bombones (ella los hace), pero Belu no se enganch\u00f3.<\/p>\n<\/div><\/div>\n\n\n\n<div class=\"wp-block-media-text alignwide is-stacked-on-mobile\" style=\"grid-template-columns:31% auto\"><figure class=\"wp-block-media-text__media\"><img decoding=\"async\" src=\"https:\/\/www.lasilusiones.com.ar\/blog\/wp-content\/uploads\/2021\/11\/Bel2-1003x1024.jpeg\" alt=\"\" class=\"wp-image-1132 size-full\"\/><\/figure><div class=\"wp-block-media-text__content\">\n<p class=\"has-regular-font-size\">Jos\u00e9, pap\u00e1 de Bel\u00e9n, trabaja la madera, as\u00ed que empezaron a hacer juguetes did\u00e1cticos que Bel\u00e9n pinta. En palabras de Dora: <em>\u201ces un emprendimiento familiar porque mis hijos mayores, Cristian y Andrea, se encargan del Instagram. Hacemos distintos juguetes y vamos incursionando en otras opciones como porta macetas para el d\u00eda de la madre\u201d<\/em>. Adem\u00e1s, Bel\u00e9n y Dora pintan juntas mientras escuchan m\u00fasica. Este proyecto le sirvi\u00f3 a Bel\u00e9n para manejarse con el dinero, aprender los colores y las cantidades, a ahorrar para invertir en material y, claro, tambi\u00e9n para comprarse cosas. Dora nos dijo que algo importante fue que este proyecto le sirvi\u00f3 a Bel\u00e9n a socializar, algo que siempre le cost\u00f3 un poco, pero <em>\u201cahora vienen los clientes y ella les explica todo\u201d. <\/em>Si est\u00e1s pensando en hacer un regalo original y pedag\u00f3gico, contactate con <a rel=\"noreferrer noopener\" href=\"https:\/\/instagram.com\/lubel_juguetes?utm_medium=copy_link\" data-type=\"URL\" data-id=\"https:\/\/instagram.com\/lubel_juguetes?utm_medium=copy_link\" target=\"_blank\">@lubel_juguetes<\/a> que, seguro, hay algo para vos.<\/p>\n<\/div><\/div>\n\n\n\n<div class=\"wp-block-media-text alignwide has-media-on-the-right is-stacked-on-mobile\" style=\"grid-template-columns:auto 30%\"><figure class=\"wp-block-media-text__media\"><img decoding=\"async\" src=\"https:\/\/www.lasilusiones.com.ar\/blog\/wp-content\/uploads\/2021\/11\/Maria-Celi-1004x1024.jpeg\" alt=\"\" class=\"wp-image-1133 size-full\"\/><\/figure><div class=\"wp-block-media-text__content\">\n<p class=\"has-regular-font-size\"><strong>Catalina, Sebasti\u00e1n, Mar\u00eda y Lorena &#8211; Alimentos Saludables y aptos para cel\u00edacos<\/strong><\/p>\n\n\n\n<p>\u201cCeli de Olivos\u201d es el proyecto gastron\u00f3mico del que forman parte Cata, Sebas y Mar\u00eda, artistas de la sede Olivos de Las Ilusiones. La idea se le ocurri\u00f3 a Mariana, la mam\u00e1 de Sebasti\u00e1n (Seba es cel\u00edaco) y se uni\u00f3 Cata, dado que ellos eran compa\u00f1eros es la escuela El Lucero del Alba. As\u00ed fue que empezaron a elaborar comida para cel\u00edacos.<\/p>\n<\/div><\/div>\n\n\n\n<div class=\"wp-block-media-text alignwide is-stacked-on-mobile\" style=\"grid-template-columns:31% auto\"><figure class=\"wp-block-media-text__media\"><img decoding=\"async\" src=\"https:\/\/www.lasilusiones.com.ar\/blog\/wp-content\/uploads\/2021\/11\/Cata-y-Seba-Celi-1000x1024.jpeg\" alt=\"\" class=\"wp-image-1134 size-full\"\/><\/figure><div class=\"wp-block-media-text__content\">\n<p class=\"has-regular-font-size\">Hoy ya son ocho los que trabajan lunes, martes y jueves, de 9 a 15. <em>&#8220;Mariana se encarga de la administraci\u00f3n, la venta y la organizaci\u00f3n en general y yo estoy con en la cocina son ellos. Lo nuestro es pura colaboraci\u00f3n pero tambi\u00e9n tenemos una terapista ocupacional que est\u00e1 pagada por la obra social\u201d<\/em>, cont\u00f3 Marcela, mam\u00e1 de Cata. Este emprendimiento tambi\u00e9n es familiar y ahora est\u00e1n trabajando en la casa de la abuela de Sebas, que les cedi\u00f3 la parte de arriba de su casa y ah\u00ed tienen instalada la cocina. Tambi\u00e9n charlamos con los protagonistas. <em>&#8220;Trabajo en Celi desde hace cuatro a\u00f1os. Hacemos alimentos para cel\u00edacos o intolerantes a las harinas, nos pagan nuestros sueldos, vendemos y compramos. Hacemos todos los productos nosotros: panes, masitas de queso, de coco, chipas. Muchas cosas ricas. Me gusta este trabajo porque puedo tener amigos y aprender\u201d<\/em>, nos cont\u00f3 Cata. <em>\u201cYo trabajo en este emprendimiento de productos sin TAC, con mis amigos Sebas y Cata, hacemos tartas y panes, somos felices\u201d<\/em>, agreg\u00f3 Mar\u00eda, que tambi\u00e9n aclar\u00f3 que es actriz. <em>\u201cHacemos entrenamiento de cocina, panes, masitas saladas y dulces y en Las Ilusiones act\u00fao en obras de teatro\u201d<\/em>, sum\u00f3 Sebasti\u00e1n. Visit\u00e1 el Instagram&nbsp; <a rel=\"noreferrer noopener\" href=\"https:\/\/instagram.com\/celideolivos?utm_medium=copy_link\" data-type=\"URL\" data-id=\"https:\/\/instagram.com\/celideolivos?utm_medium=copy_link\" target=\"_blank\">@celideolivos<\/a> y que se te haga agua la boca con todo lo que venden all\u00ed.<\/p>\n<\/div><\/div>\n\n\n\n<div class=\"wp-block-media-text alignwide has-media-on-the-right is-stacked-on-mobile\" style=\"grid-template-columns:auto 25%\"><figure class=\"wp-block-media-text__media\"><img decoding=\"async\" src=\"https:\/\/www.lasilusiones.com.ar\/blog\/wp-content\/uploads\/2021\/11\/Juli-cera-768x1024.jpeg\" alt=\"\" class=\"wp-image-1135 size-full\"\/><\/figure><div class=\"wp-block-media-text__content\">\n<p class=\"has-regular-font-size\"><strong>Julieta &#8211; Cer\u00e1mica<\/strong><\/p>\n\n\n\n<p>Julieta es artista de Maschwitz, tiene 25 a\u00f1os, despu\u00e9s de terminar el colegi\u00f3 hizo la carrera de Cascos Verdes y, durante la cuarentena, encontr\u00f3 en la cer\u00e1mica una oportunidad laboral. Conversamos con Juli y con Liliana, su mam\u00e1, y nos contaron que el emprendimiento tom\u00f3 mayor impulso durante la cuarentena.<\/p>\n<\/div><\/div>\n\n\n\n<div class=\"wp-block-media-text alignwide is-stacked-on-mobile\" style=\"grid-template-columns:34% auto\"><figure class=\"wp-block-media-text__media\"><img decoding=\"async\" src=\"https:\/\/www.lasilusiones.com.ar\/blog\/wp-content\/uploads\/2021\/11\/Juli-cliente-768x1024.jpeg\" alt=\"\" class=\"wp-image-1136 size-full\"\/><\/figure><div class=\"wp-block-media-text__content\">\n<p class=\"has-regular-font-size\">Juli ya en la escuela ten\u00eda clases de cer\u00e1mica y, por eso, quiso empezar a ir a talleres. Lili tambi\u00e9n empez\u00f3 a ir. \u201c<em>Juli me invit\u00f3 a una clase y me gust\u00f3 much\u00edsimo\u201d, <\/em>nos cont\u00f3<em>. <\/em>Antes de la cuarentena, Juli estaba buscando trabajo <em>\u201cas\u00ed que empezamos a hacer cosas de cer\u00e1mica en casa porque justo hab\u00edamos comprado un horno\u201d, <\/em>agreg\u00f3 Lili. \u201c<em>Durante la cuarentena empec\u00e9 a hacer cer\u00e1mica en mi casa, tengo una p\u00e1gina de Instagram donde publico las cosas que hago y la gente puede comprar. Yo aprend\u00ed en varios talleres, me encanta hacer cer\u00e1mica, siempre me gust\u00f3. Y me gusta vender en las ferias, este a\u00f1o fui a dos. Me gusta venderle al p\u00fablico. Me ayuda mi mam\u00e1 Lili y con Instagram, mi hermana Camila. Las cosas de cer\u00e1mica las hago por la ma\u00f1ana y a la tarde ahora trabajo en un local de bicicletas\u201d <\/em>coment\u00f3 Juli<em>. <\/em>La familia siempre tuvo la idea de proyectar un futuro donde Julieta se pudiera desarrollar con la cer\u00e1mica, vi\u00e9ndolo como una posibilidad laboral.<em> \u201cTodo lo hacemos con el apoyo de toda la familia, yo confecciono piezas, compramos materiales y nos fuimos acomodando en casa. Tambi\u00e9n tomamos talleres on line juntas para aprender un poco m\u00e1s porque es un arte que tiene sus cosas espec\u00edficas\u201d<\/em>, a\u00f1adi\u00f3 Lili. Macetas, platos, bowls y muchas m\u00e1s cosas son las que vas a encontrar si entr\u00e1s en el perfil de <a rel=\"noreferrer noopener\" href=\"https:\/\/instagram.com\/cer.juliriboldi?utm_medium=copy_link\" data-type=\"URL\" data-id=\"https:\/\/instagram.com\/cer.juliriboldi?utm_medium=copy_link\" target=\"_blank\">@cer.juliriboldi<\/a>&nbsp;&nbsp;<\/p>\n<\/div><\/div>\n\n\n\n<div class=\"wp-block-media-text alignwide has-media-on-the-right is-stacked-on-mobile\" style=\"grid-template-columns:auto 31%\"><figure class=\"wp-block-media-text__media\"><img decoding=\"async\" src=\"https:\/\/www.lasilusiones.com.ar\/blog\/wp-content\/uploads\/2021\/11\/Ale-811x1024.jpeg\" alt=\"\" class=\"wp-image-1137 size-full\"\/><\/figure><div class=\"wp-block-media-text__content\">\n<p class=\"has-regular-font-size\"><strong>Alejandro &#8211; Shows de magia<\/strong><\/p>\n\n\n\n<p>\u201cMagia Inclusiva\u201d surgi\u00f3 en el 2014 cuando Alejandro se sum\u00f3 a Las Ilusiones, en la sede de Lan\u00fas, y conoci\u00f3 a Omi, quien ten\u00eda su espect\u00e1culo de magia. En ese momento, Omi necesitaba un asistente que pudiera ayudarlo con la m\u00fasica, a preparar los efectos de magia y dem\u00e1s.<\/p>\n<\/div><\/div>\n\n\n\n<div class=\"wp-block-media-text alignwide is-stacked-on-mobile\" style=\"grid-template-columns:40% auto\"><figure class=\"wp-block-media-text__media\"><img decoding=\"async\" src=\"https:\/\/www.lasilusiones.com.ar\/blog\/wp-content\/uploads\/2021\/11\/Ale-escenario-1006x1024.jpeg\" alt=\"\" class=\"wp-image-1138 size-full\"\/><\/figure><div class=\"wp-block-media-text__content\">\n<p class=\"has-regular-font-size\">Con el fin de trabajar la inclusi\u00f3n laboral y viendo que a Alejandro le gustaba todo el tema de la magia, Omi le propuso aprender a hacer magia y as\u00ed Ale se convirti\u00f3 en el mago y Omi en el asistente. <em>\u201cLa idea inicial era poder llevar el espect\u00e1culo a escuelas y jardines de infantes, pero despu\u00e9s esa propuesta termin\u00f3 siendo superada porque empezaron a llamarnos familias que quer\u00edan contratar el espect\u00e1culo para cumplea\u00f1os, bautismos, comuniones<\/em>\u201d, cont\u00f3 Cinthia, nuestra vice y co-equiper de Ale y Omi. As\u00ed fue que Magia Inclusiva abri\u00f3 sus puertas al mercado y empez\u00f3 a hacer funciones en escuelas, eventos, teatros y empezaron a surgir las giras contratadas por los municipios. Llegaron los auspicios para hacer una gira por Espa\u00f1a (con el apoyo de Canciller\u00eda de la Naci\u00f3n), por Chile (con el auspicio del Municipio de Avellaneda y la Fundaci\u00f3n de Twitteros Solidarios de Chile). En el 2017 trabajaron toda la temporada de verano de Mar del Plata y durante el 2019 realizaron una gira por Argentina. Recorrieron lugares como Santa Fe, Reconquista, Chaco, Puerto Deseado en Santa Cruz y numerosas ciudades de la provincia de Buenos Aires (Allen, 25 de Mayo, Lincoln, Trenque Lauquen, Luj\u00e1n, etc.). Y en 2020 con la pandemia, como tantas otras actividades, ofrecieron eventos de manera virtual.<em> \u201cEl objetivo de Magia Inclusiva es trabajar en la inclusi\u00f3n laboral y visibilizar el trabajo del artista con discapacidad. Alejandro cobra por sus presentaciones, tiene un cachet\u201d,<\/em> coment\u00f3 Cinthia. Conoc\u00e9 m\u00e1s de Magia Inclusiva en su Instagram <a rel=\"noreferrer noopener\" href=\"https:\/\/instagram.com\/magiainclusiva?utm_medium=copy_link\" data-type=\"URL\" data-id=\"https:\/\/instagram.com\/magiainclusiva?utm_medium=copy_link\" target=\"_blank\">@magiainclusiva<\/a> y mir\u00e1 parte de sus shows en el canal de<a rel=\"noreferrer noopener\" href=\"https:\/\/www.youtube.com\/channel\/UCmY7Caw7aLAK3rWyrsea45w\" data-type=\"URL\" data-id=\"https:\/\/www.youtube.com\/channel\/UCmY7Caw7aLAK3rWyrsea45w\" target=\"_blank\"> YouTube<\/a>.&nbsp;&nbsp;<\/p>\n<\/div><\/div>\n\n\n\n<p>Disfrutamos conversar con los protagonistas y sus equipos, percibir su entusiasmo, su amor por lo que hacen, sus ganas de seguir creando. Conocer las historias, ver sus fotos y videos, es inspirador.&nbsp;<\/p>\n\n\n\n<p>Muchas veces tenemos m\u00e1s miedos que l\u00edmites. Tal vez deber\u00edamos pensar que si coincidimos con otros so\u00f1adores apasionados que nos escuchen, nos acompa\u00f1en o nos den un empujoncito, podemos superar esos miedos y lograr lo impensado. Ojal\u00e1 esta nota sea el empujoncito que est\u00e1s necesitando.&nbsp;<\/p>\n","protected":false},"excerpt":{"rendered":"<p>En Las Ilusiones amamos hacer arte, pero nuestros artistas hacen muchas otras cosas. En esta oportunidad, les presentamos a los artistas de la Compa\u00f1\u00eda que&hellip;<\/p>\n","protected":false},"author":1,"featured_media":1139,"comment_status":"open","ping_status":"open","sticky":false,"template":"","format":"standard","meta":{"_monsterinsights_skip_tracking":false,"_monsterinsights_sitenote_active":false,"_monsterinsights_sitenote_note":"","_monsterinsights_sitenote_category":0,"footnotes":""},"categories":[4],"tags":[],"class_list":["post-1124","post","type-post","status-publish","format-standard","has-post-thumbnail","hentry","category-articulo"],"_links":{"self":[{"href":"https:\/\/lasilusiones.com.ar\/blog\/wp-json\/wp\/v2\/posts\/1124","targetHints":{"allow":["GET"]}}],"collection":[{"href":"https:\/\/lasilusiones.com.ar\/blog\/wp-json\/wp\/v2\/posts"}],"about":[{"href":"https:\/\/lasilusiones.com.ar\/blog\/wp-json\/wp\/v2\/types\/post"}],"author":[{"embeddable":true,"href":"https:\/\/lasilusiones.com.ar\/blog\/wp-json\/wp\/v2\/users\/1"}],"replies":[{"embeddable":true,"href":"https:\/\/lasilusiones.com.ar\/blog\/wp-json\/wp\/v2\/comments?post=1124"}],"version-history":[{"count":0,"href":"https:\/\/lasilusiones.com.ar\/blog\/wp-json\/wp\/v2\/posts\/1124\/revisions"}],"wp:featuredmedia":[{"embeddable":true,"href":"https:\/\/lasilusiones.com.ar\/blog\/wp-json\/"}],"wp:attachment":[{"href":"https:\/\/lasilusiones.com.ar\/blog\/wp-json\/wp\/v2\/media?parent=1124"}],"wp:term":[{"taxonomy":"category","embeddable":true,"href":"https:\/\/lasilusiones.com.ar\/blog\/wp-json\/wp\/v2\/categories?post=1124"},{"taxonomy":"post_tag","embeddable":true,"href":"https:\/\/lasilusiones.com.ar\/blog\/wp-json\/wp\/v2\/tags?post=1124"}],"curies":[{"name":"wp","href":"https:\/\/api.w.org\/{rel}","templated":true}]}}