{"id":1160,"date":"2021-12-15T12:45:29","date_gmt":"2021-12-15T15:45:29","guid":{"rendered":"https:\/\/www.lasilusiones.com.ar\/blog\/?p=1160"},"modified":"2021-12-15T12:45:29","modified_gmt":"2021-12-15T15:45:29","slug":"inclusion-vs-integracion-mucho-mas-que-dos-palabras","status":"publish","type":"post","link":"https:\/\/lasilusiones.com.ar\/blog\/inclusion-vs-integracion-mucho-mas-que-dos-palabras\/","title":{"rendered":"&#8220;Inclusi\u00f3n vs. integraci\u00f3n. Mucho m\u00e1s que dos palabras&#8221;"},"content":{"rendered":"\n<p>En esta nota para la revista Novedades Educativas, nuestro director nos invita a reflexionar sobre estos dos conceptos y su profundidad, siempre pensando en el desarrollo y la potencialidad de cada individuo y, en consecuencia, de la sociedad toda. Pensar en superar la idea de integraci\u00f3n, que plantea un nosotros vs ellos y e ir por la <strong>inclusi\u00f3n como una filosof\u00eda de vida<\/strong>, presente en los actos m\u00e1s peque\u00f1os y cotidianos. <\/p>\n\n\n\n<p>Los invitamos a <a rel=\"noreferrer noopener\" href=\"https:\/\/www.lasilusiones.com.ar\/blog\/wp-content\/uploads\/2021\/12\/Inclusion-vs-integracion-nota.pdf\" data-type=\"URL\" data-id=\"https:\/\/www.lasilusiones.com.ar\/blog\/wp-content\/uploads\/2021\/12\/Inclusion-vs-integracion-nota.pdf\" target=\"_blank\">leer la nota<\/a>. <\/p>\n","protected":false},"excerpt":{"rendered":"<p>En esta nota para la revista Novedades Educativas, nuestro director nos invita a reflexionar sobre estos dos conceptos y su profundidad, siempre pensando en el&hellip;<\/p>\n","protected":false},"author":1,"featured_media":1173,"comment_status":"open","ping_status":"open","sticky":false,"template":"","format":"standard","meta":{"_monsterinsights_skip_tracking":false,"_monsterinsights_sitenote_active":false,"_monsterinsights_sitenote_note":"","_monsterinsights_sitenote_category":0,"footnotes":""},"categories":[4],"tags":[],"class_list":["post-1160","post","type-post","status-publish","format-standard","has-post-thumbnail","hentry","category-articulo"],"_links":{"self":[{"href":"https:\/\/lasilusiones.com.ar\/blog\/wp-json\/wp\/v2\/posts\/1160","targetHints":{"allow":["GET"]}}],"collection":[{"href":"https:\/\/lasilusiones.com.ar\/blog\/wp-json\/wp\/v2\/posts"}],"about":[{"href":"https:\/\/lasilusiones.com.ar\/blog\/wp-json\/wp\/v2\/types\/post"}],"author":[{"embeddable":true,"href":"https:\/\/lasilusiones.com.ar\/blog\/wp-json\/wp\/v2\/users\/1"}],"replies":[{"embeddable":true,"href":"https:\/\/lasilusiones.com.ar\/blog\/wp-json\/wp\/v2\/comments?post=1160"}],"version-history":[{"count":0,"href":"https:\/\/lasilusiones.com.ar\/blog\/wp-json\/wp\/v2\/posts\/1160\/revisions"}],"wp:featuredmedia":[{"embeddable":true,"href":"https:\/\/lasilusiones.com.ar\/blog\/wp-json\/"}],"wp:attachment":[{"href":"https:\/\/lasilusiones.com.ar\/blog\/wp-json\/wp\/v2\/media?parent=1160"}],"wp:term":[{"taxonomy":"category","embeddable":true,"href":"https:\/\/lasilusiones.com.ar\/blog\/wp-json\/wp\/v2\/categories?post=1160"},{"taxonomy":"post_tag","embeddable":true,"href":"https:\/\/lasilusiones.com.ar\/blog\/wp-json\/wp\/v2\/tags?post=1160"}],"curies":[{"name":"wp","href":"https:\/\/api.w.org\/{rel}","templated":true}]}}