{"id":1247,"date":"2022-02-23T07:25:06","date_gmt":"2022-02-23T10:25:06","guid":{"rendered":"https:\/\/www.lasilusiones.com.ar\/blog\/?p=1247"},"modified":"2022-02-23T07:25:06","modified_gmt":"2022-02-23T10:25:06","slug":"los-guardianes-del-ambiente-de-la-fundacion-chacras","status":"publish","type":"post","link":"https:\/\/lasilusiones.com.ar\/blog\/los-guardianes-del-ambiente-de-la-fundacion-chacras\/","title":{"rendered":"\u00a0Los Guardianes del Ambiente de la Fundaci\u00f3n Chacras"},"content":{"rendered":"\n<p>El 2021 fue un a\u00f1o donde la virtualidad nos permiti\u00f3 interactuar con otras organizaciones que trabajan la inclusi\u00f3n, sea desde el arte o desde otras disciplinas. Tuvimos invitados a nuestras clases virtuales a \u201c<a rel=\"noreferrer noopener\" href=\"https:\/\/www.instagram.com\/teatro.inclusivo_damos.sala\/\" target=\"_blank\">Damos Sala<\/a>\u201d (compa\u00f1\u00eda de teatro inclusivo de Mar del Plata); \u201c<a rel=\"noreferrer noopener\" href=\"https:\/\/mvl.edu.ar\/establecimientos\/centro-de-formacion-integral-javier-durlach\/\" target=\"_blank\">Centro de Formaci\u00f3n Integral Vicente L\u00f3pez<\/a>\u201d, \u201c<a rel=\"noreferrer noopener\" href=\"https:\/\/instagram.com\/centrodedia_unir?utm_medium=copy_link\" target=\"_blank\">Centro de D\u00eda Unir<\/a>\u201d, \u201cEscuela Portal\u201d; <a rel=\"noreferrer noopener\" href=\"https:\/\/instagram.com\/cinyfbanfield?utm_medium=copy_link\" target=\"_blank\">CINyF Banfield<\/a> (Consultorios Integrales para el Ni\u00f1o y su Familia, para tratar trastornos del neurodesarrollo); &#8220;<a rel=\"noreferrer noopener\" href=\"https:\/\/instagram.com\/cambiandolamirada?utm_medium=copy_link\" target=\"_blank\">Cambiando la mirada<\/a>&#8221; y &#8220;<a href=\"https:\/\/instagram.com\/liberartetalleres?utm_medium=copy_link\" target=\"_blank\" rel=\"noreferrer noopener\">Liberarte Talleres<\/a>&#8221; (\u00a1desde Per\u00fa!). Todos ellos participaron en forma gratuita de alguna de nuestras clases de Conectados y fue un gran momento para compartir arte entre colegas.\u00a0<\/p>\n\n\n\n<p>El pasado 8 febrero retomamos los encuentros con instituciones, con una primera charla, a trav\u00e9s de Zoom, con Andrea Vega. Andrea coordina las actividades de \u201cLos guardianes del ambiente\u201d, programa de la Fundaci\u00f3n Chacras del que participan personas con discapacidad intelectual o sensorial, que se formaron como Gestores Ambientales, dentro de la Fundaci\u00f3n. Adem\u00e1s de las tareas que hacen en cada sede (huerta, compostaje, elaboraci\u00f3n de objetos con materiales reciclados, etc), tambi\u00e9n capacitan en empresas y dan clases en universidades, jardines de infantes y a organismos del gobierno. Antes en forma presencial y ahora por Zoom.  La charla fue gratuita para todos los que formamos parte de Las Ilusiones y pueden verla en este <a rel=\"noreferrer noopener\" href=\"https:\/\/us02web.zoom.us\/rec\/share\/Wy2WUjEuwcGGSePNR2xGV9K6Az2SbWsEMMr8qKHyic-YzexWLKB6MzHkrx5Y23RY.Z3u5FALbBDz_xxWs\" target=\"_blank\">link<\/a><a href=\"https:\/\/us02web.zoom.us\/rec\/share\/Wy2WUjEuwcGGSePNR2xGV9K6Az2SbWsEMMr8qKHyic-YzexWLKB6MzHkrx5Y23RY.Z3u5FALbBDz_xxWs\"> <\/a>hasta el 3 de marzo (c\u00f3digo para acceder chacras2022#). Pueden conocer m\u00e1s sobre este proyecto en su <a rel=\"noreferrer noopener\" href=\"http:\/\/fundacionchacras.org\/guardianes-del-ambiente\/\" target=\"_blank\">p\u00e1gina<\/a>.<\/p>\n\n\n\n<p>Las Ilusiones contin\u00faa compartiendo lo que realizan otras instituciones, generando acercamiento e invitando a que nuestra comunidad encuentre nuevos espacios de integraci\u00f3n y autonom\u00eda.<\/p>\n","protected":false},"excerpt":{"rendered":"<p>El 2021 fue un a\u00f1o donde la virtualidad nos permiti\u00f3 interactuar con otras organizaciones que trabajan la inclusi\u00f3n, sea desde el arte o desde otras&hellip;<\/p>\n","protected":false},"author":1,"featured_media":1249,"comment_status":"open","ping_status":"open","sticky":false,"template":"","format":"standard","meta":{"_monsterinsights_skip_tracking":false,"_monsterinsights_sitenote_active":false,"_monsterinsights_sitenote_note":"","_monsterinsights_sitenote_category":0,"footnotes":""},"categories":[3],"tags":[],"class_list":["post-1247","post","type-post","status-publish","format-standard","has-post-thumbnail","hentry","category-actividades"],"_links":{"self":[{"href":"https:\/\/lasilusiones.com.ar\/blog\/wp-json\/wp\/v2\/posts\/1247","targetHints":{"allow":["GET"]}}],"collection":[{"href":"https:\/\/lasilusiones.com.ar\/blog\/wp-json\/wp\/v2\/posts"}],"about":[{"href":"https:\/\/lasilusiones.com.ar\/blog\/wp-json\/wp\/v2\/types\/post"}],"author":[{"embeddable":true,"href":"https:\/\/lasilusiones.com.ar\/blog\/wp-json\/wp\/v2\/users\/1"}],"replies":[{"embeddable":true,"href":"https:\/\/lasilusiones.com.ar\/blog\/wp-json\/wp\/v2\/comments?post=1247"}],"version-history":[{"count":0,"href":"https:\/\/lasilusiones.com.ar\/blog\/wp-json\/wp\/v2\/posts\/1247\/revisions"}],"wp:featuredmedia":[{"embeddable":true,"href":"https:\/\/lasilusiones.com.ar\/blog\/wp-json\/"}],"wp:attachment":[{"href":"https:\/\/lasilusiones.com.ar\/blog\/wp-json\/wp\/v2\/media?parent=1247"}],"wp:term":[{"taxonomy":"category","embeddable":true,"href":"https:\/\/lasilusiones.com.ar\/blog\/wp-json\/wp\/v2\/categories?post=1247"},{"taxonomy":"post_tag","embeddable":true,"href":"https:\/\/lasilusiones.com.ar\/blog\/wp-json\/wp\/v2\/tags?post=1247"}],"curies":[{"name":"wp","href":"https:\/\/api.w.org\/{rel}","templated":true}]}}