{"id":1261,"date":"2022-03-09T09:30:40","date_gmt":"2022-03-09T12:30:40","guid":{"rendered":"https:\/\/www.lasilusiones.com.ar\/blog\/?p=1261"},"modified":"2022-03-09T09:30:40","modified_gmt":"2022-03-09T12:30:40","slug":"8-de-marzo-dia-internacional-de-la-mujer","status":"publish","type":"post","link":"https:\/\/lasilusiones.com.ar\/blog\/8-de-marzo-dia-internacional-de-la-mujer\/","title":{"rendered":"8 de marzo: D\u00eda Internacional de la Mujer"},"content":{"rendered":"\n<p>Como sabemos, cada 8 de marzo se conmemora el D\u00eda Internacional de la Mujer. \u00bfCu\u00e1l es el origen de esta fecha? En 1908, 129 mujeres trabajadoras de una f\u00e1brica estadounidense reclamaban tener los mismos derechos que sus compa\u00f1eros varones: igual paga por igual tarea y una jornada laboral de menos de 10 horas. El due\u00f1o puso fin al reclamo cerrando las puertas de la f\u00e1brica y un incendio termin\u00f3 con la vida de las obreras. 114 a\u00f1os despu\u00e9s, los reclamos son muy similares. Con lo cual, cada vez m\u00e1s, en lugar de un d\u00eda de festejo, se propone como una jornada de reconocimiento y reflexi\u00f3n.<\/p>\n\n\n\n<p>Sea cual sea el lugar desde donde pensemos o vivamos el 8M, es necesario reivindicar los derechos, valorar la diversidad dentro del universo de la mujer, el respeto por las elecciones, la importancia de acompa\u00f1arnos y cuidarnos; siempre pensando en una sociedad m\u00e1s equitativa para todos.<\/p>\n\n\n\n<p>Y si hablamos de reivindicar derechos, es bueno pensar qu\u00e9 les sucede a las mujeres con discapacidad, cuya lucha por la inclusi\u00f3n y el derribar barreras se hace m\u00e1s ardua a\u00fan. Aprovechamos este d\u00eda para revivir con ustedes el <a href=\"https:\/\/youtu.be\/C0N_XmenSps\" target=\"_blank\" rel=\"noreferrer noopener\">documental \u201cSer mujer\u201d,<\/a> proyecto que pudo realizarse gracias a que Las Ilusiones gan\u00f3 una de las becas del Fondo Metropolitano de las Artes. Este documental intent\u00f3 mostrar a la sociedad c\u00f3mo las t\u00e9cnicas art\u00edsticas ofrecen recursos que se pueden utilizar en la vida diaria y favorecen las capacidades resilientes de las personas, siendo sumamente beneficiosas para enfrentar situaciones dif\u00edciles.<\/p>\n\n\n\n<p>Las artistas participantes del Proyecto fueron Romina Ram\u00edrez, sede Lan\u00fas; Luc\u00eda Chaspman, Luc\u00eda Rubino y Magui Bogg\u00f3n, sede Ballester; Mar\u00eda Bozzini y Bel\u00e9n Rossi, sede Olivos. Las referentes del proyecto, Julieta Segade (sede Olivos) y Mar\u00eda Cecilia Bonsembiante (psic\u00f3loga que acompa\u00f1a diversas actividades de la Compa\u00f1\u00eda).<\/p>\n\n\n\n<p>Ayer le preguntamos a nuestra comunidad qu\u00e9 palabras asociamos con MUJER y esta \u201cnube\u201d fue el resultado. Gracias a todos por sumarse a esta actividad que tambi\u00e9n refleja ese mundo diverso, colorido, de m\u00faltiples miradas que implica ser mujer. Miradas y sentires que conviven en nuestra comunidad ilusionada.<\/p>\n\n\n\n<p><\/p>\n\n\n\n<figure class=\"wp-block-image size-large\"><img decoding=\"async\" src=\"https:\/\/www.lasilusiones.com.ar\/blog\/wp-content\/uploads\/2022\/03\/WhatsApp-Image-2022-03-09-at-10.07.39-1024x538.jpeg\" alt=\"\" class=\"wp-image-1265\"\/><\/figure>\n","protected":false},"excerpt":{"rendered":"<p>Como sabemos, cada 8 de marzo se conmemora el D\u00eda Internacional de la Mujer. \u00bfCu\u00e1l es el origen de esta fecha? En 1908, 129 mujeres&hellip;<\/p>\n","protected":false},"author":1,"featured_media":1262,"comment_status":"open","ping_status":"open","sticky":false,"template":"","format":"standard","meta":{"_monsterinsights_skip_tracking":false,"_monsterinsights_sitenote_active":false,"_monsterinsights_sitenote_note":"","_monsterinsights_sitenote_category":0,"footnotes":""},"categories":[4],"tags":[],"class_list":["post-1261","post","type-post","status-publish","format-standard","has-post-thumbnail","hentry","category-articulo"],"_links":{"self":[{"href":"https:\/\/lasilusiones.com.ar\/blog\/wp-json\/wp\/v2\/posts\/1261","targetHints":{"allow":["GET"]}}],"collection":[{"href":"https:\/\/lasilusiones.com.ar\/blog\/wp-json\/wp\/v2\/posts"}],"about":[{"href":"https:\/\/lasilusiones.com.ar\/blog\/wp-json\/wp\/v2\/types\/post"}],"author":[{"embeddable":true,"href":"https:\/\/lasilusiones.com.ar\/blog\/wp-json\/wp\/v2\/users\/1"}],"replies":[{"embeddable":true,"href":"https:\/\/lasilusiones.com.ar\/blog\/wp-json\/wp\/v2\/comments?post=1261"}],"version-history":[{"count":0,"href":"https:\/\/lasilusiones.com.ar\/blog\/wp-json\/wp\/v2\/posts\/1261\/revisions"}],"wp:featuredmedia":[{"embeddable":true,"href":"https:\/\/lasilusiones.com.ar\/blog\/wp-json\/"}],"wp:attachment":[{"href":"https:\/\/lasilusiones.com.ar\/blog\/wp-json\/wp\/v2\/media?parent=1261"}],"wp:term":[{"taxonomy":"category","embeddable":true,"href":"https:\/\/lasilusiones.com.ar\/blog\/wp-json\/wp\/v2\/categories?post=1261"},{"taxonomy":"post_tag","embeddable":true,"href":"https:\/\/lasilusiones.com.ar\/blog\/wp-json\/wp\/v2\/tags?post=1261"}],"curies":[{"name":"wp","href":"https:\/\/api.w.org\/{rel}","templated":true}]}}