{"id":1268,"date":"2022-03-10T13:56:29","date_gmt":"2022-03-10T16:56:29","guid":{"rendered":"https:\/\/www.lasilusiones.com.ar\/blog\/?p=1268"},"modified":"2022-03-10T13:56:29","modified_gmt":"2022-03-10T16:56:29","slug":"dar-la-palabra","status":"publish","type":"post","link":"https:\/\/lasilusiones.com.ar\/blog\/dar-la-palabra\/","title":{"rendered":"\u201cDar la palabra\u201d"},"content":{"rendered":"\n<p>Este a\u00f1o, elegimos conmemorar el <strong>8M<\/strong> compartiendo una charla con toda nuestra comunidad. <strong>\u201cDar la palabra\u201d<\/strong>, estuvo a cargo de la Licenciada Mar\u00eda Cecilia Bonsembiante y la idea fue conversar y reflexionar juntos sobre esta fecha que nos encuentra unidos, luchando por m\u00e1s derechos para las mujeres, pero en b\u00fasqueda de una sociedad m\u00e1s equitativa.<\/p>\n\n\n\n<p>Elegimos <em>dar la palabra<\/em> para que, entre todos, pensemos en el concepto de <strong>mujer<\/strong>. En qu\u00e9 coincidimos en qu\u00e9 no, qu\u00e9 implica hoy y c\u00f3mo podemos revalorizar el rol. Partimos de la idea de que es una palabra muy asociada a la maternidad, al dar vida, a algo que nos atraviesa en lo org\u00e1nico pero, quisimos abrir el juego a reflexionar sobre qu\u00e9 rol queremos ocupar. Surgieron emociones e ideas que ponen a las mujeres como agentes de cambio, desde la amabilidad y el respeto en nuestra v\u00ednculo con el medio, al que tambi\u00e9n le exigimos reconocimiento y oportunidades. Crecimiento, valoraci\u00f3n, ganas de trabajar, paciencia, energ\u00eda y lucha. Y un concepto muy importante: ser protagonistas, en estos tiempos tan dif\u00edciles, de ese cambio que queremos vivenciar.  Asumir una actitud que nos permita aprender y crecer.<\/p>\n\n\n\n<p>Los invitamos a revivir el encuentro en nuestra p\u00e1gina de <a href=\"https:\/\/youtu.be\/CvKPypg30b0\">YouTube<\/a>.<\/p>\n","protected":false},"excerpt":{"rendered":"<p>Este a\u00f1o, elegimos conmemorar el 8M compartiendo una charla con toda nuestra comunidad. \u201cDar la palabra\u201d, estuvo a cargo de la Licenciada Mar\u00eda Cecilia Bonsembiante&hellip;<\/p>\n","protected":false},"author":1,"featured_media":1269,"comment_status":"open","ping_status":"open","sticky":false,"template":"","format":"standard","meta":{"_monsterinsights_skip_tracking":false,"_monsterinsights_sitenote_active":false,"_monsterinsights_sitenote_note":"","_monsterinsights_sitenote_category":0,"footnotes":""},"categories":[3],"tags":[],"class_list":["post-1268","post","type-post","status-publish","format-standard","has-post-thumbnail","hentry","category-actividades"],"_links":{"self":[{"href":"https:\/\/lasilusiones.com.ar\/blog\/wp-json\/wp\/v2\/posts\/1268","targetHints":{"allow":["GET"]}}],"collection":[{"href":"https:\/\/lasilusiones.com.ar\/blog\/wp-json\/wp\/v2\/posts"}],"about":[{"href":"https:\/\/lasilusiones.com.ar\/blog\/wp-json\/wp\/v2\/types\/post"}],"author":[{"embeddable":true,"href":"https:\/\/lasilusiones.com.ar\/blog\/wp-json\/wp\/v2\/users\/1"}],"replies":[{"embeddable":true,"href":"https:\/\/lasilusiones.com.ar\/blog\/wp-json\/wp\/v2\/comments?post=1268"}],"version-history":[{"count":0,"href":"https:\/\/lasilusiones.com.ar\/blog\/wp-json\/wp\/v2\/posts\/1268\/revisions"}],"wp:featuredmedia":[{"embeddable":true,"href":"https:\/\/lasilusiones.com.ar\/blog\/wp-json\/"}],"wp:attachment":[{"href":"https:\/\/lasilusiones.com.ar\/blog\/wp-json\/wp\/v2\/media?parent=1268"}],"wp:term":[{"taxonomy":"category","embeddable":true,"href":"https:\/\/lasilusiones.com.ar\/blog\/wp-json\/wp\/v2\/categories?post=1268"},{"taxonomy":"post_tag","embeddable":true,"href":"https:\/\/lasilusiones.com.ar\/blog\/wp-json\/wp\/v2\/tags?post=1268"}],"curies":[{"name":"wp","href":"https:\/\/api.w.org\/{rel}","templated":true}]}}