{"id":1274,"date":"2022-03-16T09:06:26","date_gmt":"2022-03-16T12:06:26","guid":{"rendered":"https:\/\/www.lasilusiones.com.ar\/blog\/?p=1274"},"modified":"2022-03-16T09:06:26","modified_gmt":"2022-03-16T12:06:26","slug":"15-de-marzo-dia-nacional-de-la-accesibilidad","status":"publish","type":"post","link":"https:\/\/lasilusiones.com.ar\/blog\/15-de-marzo-dia-nacional-de-la-accesibilidad\/","title":{"rendered":"15 de marzo: D\u00eda Nacional de la Accesibilidad"},"content":{"rendered":"\n<p>El 15 de marzo de 1994 se sancion\u00f3 la Ley Nacional N\u00ba 24.314 \u201c<strong>Accesibilidad de personas con movilidad reducida\u201d<\/strong>,&nbsp; que estableci\u00f3 la eliminaci\u00f3n de barreras f\u00edsicas en los \u00e1mbitos urbanos y en el transporte p\u00fablico con el objetivo de lograr la accesibilidad para todos.<\/p>\n\n\n\n<p>El t\u00e9rmino <em>accesibilidad <\/em>define el grado en que las personas pueden usar un espacio, producto o servicio, m\u00e1s all\u00e1 de sus capacidades f\u00edsicas, cognitivas o t\u00e9cnicas. Las dificultades que pueden presentarse para acceder son:<\/p>\n\n\n\n<ul class=\"wp-block-list\"><li>visuales, como la ceguera o diversos grados de visi\u00f3n reducida<\/li><li>auditivas, diferentes niveles de hipoacusia o sordera<\/li><li>motrices, dificultad de trasladarse o manipular objetos<\/li><li>cognitivas, como falta de memoria, atenci\u00f3n o problemas de aprendizaje<\/li><\/ul>\n\n\n\n<p>En la ley se incluye la eliminaci\u00f3n de barreras para el acceso f\u00edsico como ser:<\/p>\n\n\n\n<ul class=\"wp-block-list\"><li>creaci\u00f3n de ba\u00f1os<\/li><li>existencia de rampas y escaleras con pasamanos<\/li><li>escalones con medidas recomendadas y pisos antideslizantes<\/li><li>estacionamientos reservados&nbsp;<\/li><li>en el transporte p\u00fablico, pisos antideslizantes y asientos espec\u00edficos para personas con movilidad reducida cercanos a la puerta y espacio para sillas de ruedas<\/li><\/ul>\n\n\n\n<p>Pero este concepto tambi\u00e9n implica el acceso a la informaci\u00f3n, la comunicaci\u00f3n y los servicios. Por eso, los contenidos deben ser presentados en formatos m\u00faltiples universales a trav\u00e9s de diferentes recursos, ya que el acceso a la informaci\u00f3n facilita la autonom\u00eda de las personas con discapacidad y el ejercicio de sus derechos.<br>Para m\u00e1s informaci\u00f3n sobre este tema, pueden ver el video que compartimos en este link&nbsp;<a href=\"https:\/\/www.youtube.com\/watch?v=rNyt5jxbYes\" target=\"_blank\" rel=\"noreferrer noopener\">Microaprendizaje: \u00bfQu\u00e9 es la accesibilidad?<\/a><\/p>\n","protected":false},"excerpt":{"rendered":"<p>El 15 de marzo de 1994 se sancion\u00f3 la Ley Nacional N\u00ba 24.314 \u201cAccesibilidad de personas con movilidad reducida\u201d,&nbsp; que estableci\u00f3 la eliminaci\u00f3n de barreras&hellip;<\/p>\n","protected":false},"author":1,"featured_media":1275,"comment_status":"open","ping_status":"open","sticky":false,"template":"","format":"standard","meta":{"_monsterinsights_skip_tracking":false,"_monsterinsights_sitenote_active":false,"_monsterinsights_sitenote_note":"","_monsterinsights_sitenote_category":0,"footnotes":""},"categories":[4],"tags":[],"class_list":["post-1274","post","type-post","status-publish","format-standard","has-post-thumbnail","hentry","category-articulo"],"_links":{"self":[{"href":"https:\/\/lasilusiones.com.ar\/blog\/wp-json\/wp\/v2\/posts\/1274","targetHints":{"allow":["GET"]}}],"collection":[{"href":"https:\/\/lasilusiones.com.ar\/blog\/wp-json\/wp\/v2\/posts"}],"about":[{"href":"https:\/\/lasilusiones.com.ar\/blog\/wp-json\/wp\/v2\/types\/post"}],"author":[{"embeddable":true,"href":"https:\/\/lasilusiones.com.ar\/blog\/wp-json\/wp\/v2\/users\/1"}],"replies":[{"embeddable":true,"href":"https:\/\/lasilusiones.com.ar\/blog\/wp-json\/wp\/v2\/comments?post=1274"}],"version-history":[{"count":0,"href":"https:\/\/lasilusiones.com.ar\/blog\/wp-json\/wp\/v2\/posts\/1274\/revisions"}],"wp:featuredmedia":[{"embeddable":true,"href":"https:\/\/lasilusiones.com.ar\/blog\/wp-json\/"}],"wp:attachment":[{"href":"https:\/\/lasilusiones.com.ar\/blog\/wp-json\/wp\/v2\/media?parent=1274"}],"wp:term":[{"taxonomy":"category","embeddable":true,"href":"https:\/\/lasilusiones.com.ar\/blog\/wp-json\/wp\/v2\/categories?post=1274"},{"taxonomy":"post_tag","embeddable":true,"href":"https:\/\/lasilusiones.com.ar\/blog\/wp-json\/wp\/v2\/tags?post=1274"}],"curies":[{"name":"wp","href":"https:\/\/api.w.org\/{rel}","templated":true}]}}