{"id":1279,"date":"2022-03-22T09:11:02","date_gmt":"2022-03-22T12:11:02","guid":{"rendered":"https:\/\/www.lasilusiones.com.ar\/blog\/?p=1279"},"modified":"2022-03-22T09:11:02","modified_gmt":"2022-03-22T12:11:02","slug":"21-de-marzo-dia-mundial-de-las-personas-con-sindrome-de-down%ef%bf%bc","status":"publish","type":"post","link":"https:\/\/lasilusiones.com.ar\/blog\/21-de-marzo-dia-mundial-de-las-personas-con-sindrome-de-down%ef%bf%bc\/","title":{"rendered":"21 de marzo: D\u00eda Mundial de la Persona con S\u00edndrome de Down"},"content":{"rendered":"\n<p>En diciembre de 2011, la Asamblea General de la ONU, design\u00f3 esta fecha como el <a href=\"http:\/\/undocs.org\/es\/A\/RES\/66\/149\" data-type=\"URL\" data-id=\"http:\/\/undocs.org\/es\/A\/RES\/66\/149\"><strong>D\u00eda Mundial del S\u00edndrome de Down<\/strong><\/a><strong>, <\/strong>con el objetivo de<strong> <\/strong>generar una mayor conciencia, valorar la dignidad de las personas con discapacidad intelectual y la importancia de la diversidad en la sociedad. Adem\u00e1s, se busca resaltar la importancia de la autonom\u00eda, independencia y libertad en la toma de decisiones.<\/p>\n\n\n\n<div class=\"wp-block-media-text alignwide is-stacked-on-mobile\" style=\"grid-template-columns:35% auto\"><figure class=\"wp-block-media-text__media\"><img decoding=\"async\" src=\"https:\/\/www.lasilusiones.com.ar\/blog\/wp-content\/uploads\/2022\/03\/WhatsApp-Image-2022-03-20-at-18.20.57-1-1015x1024.jpeg\" alt=\"\" class=\"wp-image-1282 size-full\"\/><\/figure><div class=\"wp-block-media-text__content\">\n<p style=\"font-size:-2px\">El <strong>s\u00edndrome de Down<\/strong>, existe en todas las regiones del mundo. Seg\u00fan la encuesta realizada por la Asociaci\u00f3n S\u00edndrome de Down de la Rep\u00fablica Argentina (<a href=\"https:\/\/www.asdra.org.ar\/destacados\/censo-2022-terminemos-con-el-sindrome-de-numeros-empezando-con-una-sola-pregunta\/\">ASDRA<\/a>) y la Red Argentina de Familias de Personas con Trisom\u00eda 21- junto a Wunderman Thompson Argentina-, el 93% de las personas con s\u00edndrome de Down que se capacitan no consiguen empleo y solo el 0,14% de los mayores viven de forma independiente. Este relevamiento se realiz\u00f3 como parte de la campa\u00f1a S\u00edndrome de N\u00fameros que reclama acerca de la falta de estad\u00edsticas oficiales sobre las con personas con s\u00edndrome de Down.<\/p>\n<\/div><\/div>\n\n\n\n<p><strong>\u00bfQu\u00e9 es el S\u00edndrome de Down?<\/strong><\/p>\n\n\n\n<p>El <strong>s\u00edndrome de Down<\/strong> es una alteraci\u00f3n gen\u00e9tica causada por la existencia de material gen\u00e9tico extra en el cromosoma 21 que provoca&nbsp; discapacidad intelectual. La incidencia estimada a nivel mundial se sit\u00faa entre 1 de cada 1.000 y 1 de cada 1.100 reci\u00e9n nacidos. Las personas con s\u00edndrome de Down suelen presentar m\u00e1s problemas de salud en general pero, gracias a los avances, se ha conseguido mejorar su calidad de vida. A principios del siglo XX, se esperaba que los afectados&nbsp; vivieran menos de 10 a\u00f1os. Ahora, cerca del 80% de los adultos superan la edad de los 50 a\u00f1os.&nbsp;<\/p>\n\n\n\n<p>Las Ilusiones realiza numerosas actividades buscando sumar inclusi\u00f3n, generar autonom\u00eda y visibilizar la potencialidad de las personas con discapacidad intelectual. Desde acompa\u00f1ar el desarrollo a trav\u00e9s de herramientas art\u00edsticas y profesionalizar la actividad (presentaciones remuneradas), los Talleres de Autonom\u00eda y Ocupaci\u00f3n, el desarrollo de la carrera de preceptor con su inclusi\u00f3n laboral y la vinculaci\u00f3n con otros organismos que trabajan con discapacidad.&nbsp;<\/p>\n\n\n\n<p>Para conmemorar esta fecha ayer estrenamos un nuevo video de Los Bonette <em>\u201cUn ladrillo m\u00e1s\u201d<\/em>, tema que alza la voz de este colectivo en reconocimiento de sus derechos y pedido de igualdad. Ya pod\u00e9s verlo en nuestro canal de <a href=\"https:\/\/youtu.be\/-m9Thm0YK5k\">YouTube<\/a>. Y como toda esta semana ser\u00e1 dedicada a sensibilizar sobre la diversidad y la inclusi\u00f3n, hoy tendremos un show ac\u00fastico de nuestra banda en <a href=\"https:\/\/maps.app.goo.gl\/b7wA4YttFyLwi36V9\">Keni\u00b4s Bar<\/a>, a las 21 hs. \u00bfYa ten\u00e9s tu entrada?<\/p>\n","protected":false},"excerpt":{"rendered":"<p>En diciembre de 2011, la Asamblea General de la ONU, design\u00f3 esta fecha como el D\u00eda Mundial del S\u00edndrome de Down, con el objetivo de&hellip;<\/p>\n","protected":false},"author":1,"featured_media":1280,"comment_status":"open","ping_status":"open","sticky":false,"template":"","format":"standard","meta":{"_monsterinsights_skip_tracking":false,"_monsterinsights_sitenote_active":false,"_monsterinsights_sitenote_note":"","_monsterinsights_sitenote_category":0,"footnotes":""},"categories":[4],"tags":[],"class_list":["post-1279","post","type-post","status-publish","format-standard","has-post-thumbnail","hentry","category-articulo"],"_links":{"self":[{"href":"https:\/\/lasilusiones.com.ar\/blog\/wp-json\/wp\/v2\/posts\/1279","targetHints":{"allow":["GET"]}}],"collection":[{"href":"https:\/\/lasilusiones.com.ar\/blog\/wp-json\/wp\/v2\/posts"}],"about":[{"href":"https:\/\/lasilusiones.com.ar\/blog\/wp-json\/wp\/v2\/types\/post"}],"author":[{"embeddable":true,"href":"https:\/\/lasilusiones.com.ar\/blog\/wp-json\/wp\/v2\/users\/1"}],"replies":[{"embeddable":true,"href":"https:\/\/lasilusiones.com.ar\/blog\/wp-json\/wp\/v2\/comments?post=1279"}],"version-history":[{"count":0,"href":"https:\/\/lasilusiones.com.ar\/blog\/wp-json\/wp\/v2\/posts\/1279\/revisions"}],"wp:featuredmedia":[{"embeddable":true,"href":"https:\/\/lasilusiones.com.ar\/blog\/wp-json\/"}],"wp:attachment":[{"href":"https:\/\/lasilusiones.com.ar\/blog\/wp-json\/wp\/v2\/media?parent=1279"}],"wp:term":[{"taxonomy":"category","embeddable":true,"href":"https:\/\/lasilusiones.com.ar\/blog\/wp-json\/wp\/v2\/categories?post=1279"},{"taxonomy":"post_tag","embeddable":true,"href":"https:\/\/lasilusiones.com.ar\/blog\/wp-json\/wp\/v2\/tags?post=1279"}],"curies":[{"name":"wp","href":"https:\/\/api.w.org\/{rel}","templated":true}]}}