{"id":1306,"date":"2022-03-28T08:30:59","date_gmt":"2022-03-28T11:30:59","guid":{"rendered":"https:\/\/www.lasilusiones.com.ar\/blog\/?p=1306"},"modified":"2022-03-28T08:30:59","modified_gmt":"2022-03-28T11:30:59","slug":"27-de-marzo-dia-internacional-del-teatro%ef%bf%bc","status":"publish","type":"post","link":"https:\/\/lasilusiones.com.ar\/blog\/27-de-marzo-dia-internacional-del-teatro%ef%bf%bc\/","title":{"rendered":"27 de marzo: D\u00eda Internacional del Teatro"},"content":{"rendered":"\n<p>En 1962, por iniciativa de la UNESCO y a trav\u00e9s del Instituto Internacional del Teatro, se declar\u00f3 esta fecha como el d\u00eda internacional de las artes esc\u00e9nicas.<strong> <\/strong>La historia de este d\u00eda se remonta al momento de la reconstrucci\u00f3n europea: desde 1954, <strong>todos los 27 de marzo se daba inicio a la temporada en el Teatro de las Naciones de Par\u00eds<\/strong>, evento con en el que se pretend\u00eda lograr una comuni\u00f3n entre los pa\u00edses luego de finalizada la Segunda Guerra Mundial.&nbsp;<\/p>\n\n\n\n<p><strong>El objetivo de celebrar este d\u00eda de manera mundial se basa en dar a conocer el mundo de las artes esc\u00e9nicas a m\u00e1s personas<\/strong>, promover el teatro en todas sus formas, crear conciencia sobre su valor y<strong> <\/strong>permitir que la comunidad teatral promueva su trabajo a gran escala, para que los gobiernos y los l\u00edderes de opini\u00f3n sean conscientes de la importancia del teatro. Por eso, durante esta jornada se representan innumerables obras para todas las edades en distintos teatros del mundo.&nbsp;<\/p>\n\n\n\n<p>En Las ilusiones hoy somos m\u00e1s de 400 artistas. Quisimos escuchar a algunos de ellos y que nos cuenten lo que para ellos es el teatro, la actuaci\u00f3n, cu\u00e1les son sus sue\u00f1os y obras que han disfrutado hacer.<\/p>\n\n\n\n<div class=\"wp-block-media-text alignwide is-stacked-on-mobile\"><figure class=\"wp-block-media-text__media\"><img decoding=\"async\" src=\"https:\/\/www.lasilusiones.com.ar\/blog\/wp-content\/uploads\/2022\/03\/nahuel-1024x798.png\" alt=\"\" class=\"wp-image-1303 size-full\"\/><\/figure><div class=\"wp-block-media-text__content\">\n<p class=\"has-regular-font-size\"><strong>Mariano Carabajal <\/strong>es coordinador de las sedes CABA, Ramos Mej\u00eda y Maschwitz. <em>\u201cCuando ten\u00eda 15 a\u00f1os, mi mejor amiga nos invit\u00f3, a un amigo y a m\u00ed, a hacer un taller de teatro en la Casa la Cultura de Gar\u00edn. Ah\u00ed hice mi primer taller y mi primera obra que fue \u2018Prohibido suicidarse en primavera\u2019. Dej\u00e9 por un a\u00f1o y retom\u00e9 en el 2006 con un grupo del municipio de Escobar, que era una compa\u00f1\u00eda teatral que hac\u00eda obras de teatro independiente, creaciones originales del director. Gracias a eso empec\u00e9 a meterme en el mundo del teatro pero desde la producci\u00f3n, desde la creaci\u00f3n y los ensayos. Durante el 2007 y 2008 fui a muchos festivales, viaj\u00e9 por el norte, por el sur, por la costa y eso hizo que me enganchara much\u00edsimo m\u00e1s con el teatro. Disfrutaba mucho poder contar historias a la gente, hacerlas re\u00edr o emocionar, hacerlas pensar. <\/em><\/p>\n<\/div><\/div>\n\n\n\n<p><em>Para m\u00ed el teatro es una herramienta que ayuda mucho a cambiar a las personas. A m\u00ed como actor me cambi\u00f3 un mont\u00f3n. Yo estudi\u00e9 licenciatura en actuaci\u00f3n en la Universidad Nacional de las Artes y esa carrera, m\u00e1s all\u00e1 de formarme como profesional, tambi\u00e9n siento que me form\u00f3 y me cambi\u00f3 como persona, gracias a todos los maestros que tuve y transitando etapas muy buenas tambi\u00e9n etapas de conflictos y de crisis. Etapas que me sirvieron para crecer y madurar como la persona que soy hoy. <em>Por eso, mi sue\u00f1o como actor, pasa por transformar al p\u00fablico que me ve en el escenario. Sea en base a lo que yo muestro en la obra, dependiendo de la tem\u00e1tica, de lo que se proponga como prueba o como contenido. Que siempre se lleven un mensaje, me gusta actuar frente a un p\u00fablico que sea activo y que, no solamente mire, sino que reflexione, que le pasen cosas. Y actualmente, \u2018El sue\u00f1o de Nahuel\u2019  (foto), que es la \u00faltima obra que estoy haciendo, como actor, me genera mucha satisfacci\u00f3n porque ah\u00ed lo que logro es que las personas tomen conciencia, en este caso, sobre la discapacidad. Para m\u00ed el teatro es un universo de posibilidades donde podemos jugar, donde podemos aprender, donde nos podemos animar a ser y a hacer, lo que a veces no nos animamos en nuestro cotidiano. El teatro tiene esas licencias, nos permitimos ser otras personas, nos permitimos trabajar con otras energ\u00edas, abre un mundo de nuevas posibilidades para conocerse, descubrirse y saber que quiz\u00e1s tenemos costados o herramientas bastante dormidas. El escenario, una clase, un profesor, un compa\u00f1ero, una escena o una obra de teatro o un personaje las despiertan y nos transforman, entonces, para m\u00ed el teatro es un universo que transforma, tanto a los que lo hacemos como a lo que los vemos. Y eso me parece lo maravilloso del teatro\u201d<\/em>.<\/em><\/p>\n\n\n\n<p>Tambi\u00e9n conversamos con<strong> Pedro Molina<\/strong>, actor de la Sede de San Isidro y vocal de nuestra ONG Despuntado. <em>\u201cLas Ilusiones me abri\u00f3 las puertas para convertirme en un gran actor. Hicimos bastantes obras, como El perro del hortelano, una obra hermosa con mucha luz, baile y coreograf\u00edas. Cada vez que la hac\u00eda me sent\u00eda en familia, dejaba de pensar en m\u00ed y pensaba en todo lo que hac\u00eda como actor. Tambi\u00e9n hicimos Los Tartufo, Los Locos Adams, La Novicia Rebelde; todas obras que me hicieron crecer y conocer lo que es ser actor. Hay una obra en particular que me encant\u00f3 que fue \u201cLos Hermanos Montesco\u201d. Ah\u00ed me di cuenta del sentido del actor y pude compartirle a mi personaje de Romeo, mi discapacidad. Mi sue\u00f1o es actuar en la tele, en las historias de Adri\u00e1n Suar, si alguien lo conoce que me gu\u00ede hacia \u00e9l\u201d<\/em>, nos cont\u00f3.<\/p>\n\n\n\n<div class=\"wp-block-image\"><figure class=\"aligncenter size-large is-resized\"><img loading=\"lazy\" decoding=\"async\" src=\"https:\/\/www.lasilusiones.com.ar\/blog\/wp-content\/uploads\/2022\/03\/La-novicia-rebelde-34-1024x683.jpg\" alt=\"\" class=\"wp-image-1300\" width=\"605\" height=\"403\"\/><figcaption>Pedro, en &#8220;La Novicia Rebelde&#8221;<\/figcaption><\/figure><\/div>\n\n\n\n<p>Por \u00faltimo, tuvimos la palabra de <strong>Santiago Garc\u00eda<\/strong>, actor y asistente de las sedes Villa Ballester y San Isidro. <em>\u201dDescubr\u00ed el teatro en la primaria. En mi escuela, los alumnos de 7mo grado siempre hac\u00edan una obra al final del a\u00f1o para el resto del colegio y los padres. Durante el a\u00f1o hac\u00edamos escenas breves y ah\u00ed se despert\u00f3 la inquietud \u2018que lindo esto\u2019, pensaba. Me gustaba hacer re\u00edr, me divert\u00eda y me sent\u00eda c\u00f3modo. Tambi\u00e9n me imaginaba trabajando en la tele. Mi mam\u00e1 me escuch\u00f3 y me anot\u00f3 en una escuela de teatro y ah\u00ed descubr\u00ed un mundo que me fascin\u00f3 y que no conoc\u00eda (porque no era de ir a ver obras)\u201d,&nbsp; <\/em>nos cont\u00f3 cuando le preguntamos c\u00f3mo se acerc\u00f3 al teatro. <em>\u201dDisfruto much\u00edsimo de actuar y la realidad es que, con el tiempo me di cuenta de que actuando me siento mucho m\u00e1s honesto que en cualquier otro \u00e1mbito de mi vida, m\u00e1s genuino, m\u00e1s yo. Me siento libre, respondiendo a lo que me pasa sin especular, sin filtros. Porque en la vida todo el tiempo estamos tapando cosas, por los roles que nos toca cumplir y que a uno lo terminan encasillando. Es loco pensar que en un lugar donde se cree que uno deja de ser uno, es el momento m\u00e1s honesto y m\u00e1s libre (aunque uno siempre act\u00faa desde lo que uno es, siente, piensa e imagina)\u201d<\/em>, reflexion\u00f3 cuando quisimos saber qu\u00e9 era lo que m\u00e1s le gustaba de actuar. <em>\u201dLos sue\u00f1os creo que se van modificando y a veces uno se olvida de qu\u00e9 era lo que esperaba y cuando las cosas empiezan a suceder, no las valora tanto. Hasta que se da cuenta de que eso era una gran meta antes. Con lo cual los sue\u00f1os van creciendo y uno va queriendo m\u00e1s y hay que detenerse a valorar el proceso que nos ha tra\u00eddo al lugar donde estamos, a esos sue\u00f1os cumplidos\u201d,<\/em> cerr\u00f3 Santiago.<\/p>\n\n\n\n<div class=\"wp-block-image\"><figure class=\"aligncenter size-large is-resized\"><img loading=\"lazy\" decoding=\"async\" src=\"https:\/\/www.lasilusiones.com.ar\/blog\/wp-content\/uploads\/2022\/03\/WhatsApp-Image-2022-03-23-at-12.52.25-1024x683.jpeg\" alt=\"\" class=\"wp-image-1298\" width=\"687\" height=\"458\"\/><figcaption>Santiago, con Pedro, antes de salir a escena en &#8220;Los Hermanos Montesco&#8221;, obra adaptada y dirigida por Juan Ignacio Acosta.<\/figcaption><\/figure><\/div>\n\n\n\n<p>Esto es el teatro para ellos, as\u00ed lo viven, lo sienten y lo comparten. Y para vos, \u00bfqu\u00e9 es el teatro?<\/p>\n","protected":false},"excerpt":{"rendered":"<p>En 1962, por iniciativa de la UNESCO y a trav\u00e9s del Instituto Internacional del Teatro, se declar\u00f3 esta fecha como el d\u00eda internacional de las&hellip;<\/p>\n","protected":false},"author":1,"featured_media":1302,"comment_status":"open","ping_status":"open","sticky":false,"template":"","format":"standard","meta":{"_monsterinsights_skip_tracking":false,"_monsterinsights_sitenote_active":false,"_monsterinsights_sitenote_note":"","_monsterinsights_sitenote_category":0,"footnotes":""},"categories":[4],"tags":[],"class_list":["post-1306","post","type-post","status-publish","format-standard","has-post-thumbnail","hentry","category-articulo"],"_links":{"self":[{"href":"https:\/\/lasilusiones.com.ar\/blog\/wp-json\/wp\/v2\/posts\/1306","targetHints":{"allow":["GET"]}}],"collection":[{"href":"https:\/\/lasilusiones.com.ar\/blog\/wp-json\/wp\/v2\/posts"}],"about":[{"href":"https:\/\/lasilusiones.com.ar\/blog\/wp-json\/wp\/v2\/types\/post"}],"author":[{"embeddable":true,"href":"https:\/\/lasilusiones.com.ar\/blog\/wp-json\/wp\/v2\/users\/1"}],"replies":[{"embeddable":true,"href":"https:\/\/lasilusiones.com.ar\/blog\/wp-json\/wp\/v2\/comments?post=1306"}],"version-history":[{"count":0,"href":"https:\/\/lasilusiones.com.ar\/blog\/wp-json\/wp\/v2\/posts\/1306\/revisions"}],"wp:featuredmedia":[{"embeddable":true,"href":"https:\/\/lasilusiones.com.ar\/blog\/wp-json\/"}],"wp:attachment":[{"href":"https:\/\/lasilusiones.com.ar\/blog\/wp-json\/wp\/v2\/media?parent=1306"}],"wp:term":[{"taxonomy":"category","embeddable":true,"href":"https:\/\/lasilusiones.com.ar\/blog\/wp-json\/wp\/v2\/categories?post=1306"},{"taxonomy":"post_tag","embeddable":true,"href":"https:\/\/lasilusiones.com.ar\/blog\/wp-json\/wp\/v2\/tags?post=1306"}],"curies":[{"name":"wp","href":"https:\/\/api.w.org\/{rel}","templated":true}]}}