{"id":1328,"date":"2022-03-31T16:21:56","date_gmt":"2022-03-31T19:21:56","guid":{"rendered":"https:\/\/www.lasilusiones.com.ar\/blog\/?p=1328"},"modified":"2022-03-31T16:21:56","modified_gmt":"2022-03-31T19:21:56","slug":"el-paradigma-invertido-de-las-ilusiones%ef%bf%bc","status":"publish","type":"post","link":"https:\/\/lasilusiones.com.ar\/blog\/el-paradigma-invertido-de-las-ilusiones%ef%bf%bc\/","title":{"rendered":"El Paradigma Invertido de Las Ilusiones"},"content":{"rendered":"\n<p>Habitualmente pensamos en <strong>inclusi\u00f3n<\/strong> para hablar de situaciones o actividades donde las personas con discapacidad son las incluidas. En Las Ilusiones trabajamos con el concepto de <em>Paradigma Invertido<\/em>: la persona sin discapacidad se incluye en un grupo con un mayor n\u00famero de personas con discapacidad.&nbsp;<\/p>\n\n\n\n<p>Para que la inclusi\u00f3n sea real y se viva como tal, nuestros ensayos funcionan como cualquier taller art\u00edstico donde todos entrenan, aprenden y se complementan durante el proceso creativo. M\u00e1s all\u00e1 de esto, para desempe\u00f1ar en forma correcta el rol y<strong> acompa\u00f1ar el crecimiento <\/strong>de sus compa\u00f1eros, los artistas incluidos tienen que tener claros algunos puntos: interactuar con los artistas teniendo en cuenta su edad biol\u00f3gica, colaborar con el respeto hacia el espacio y el encuentro, cumplir con la asistencia y puntualidad y ser prolijos con la letra.&nbsp;&nbsp;Este \u00faltimo punto, es algo fundamental del rol del artista incluido: <em>c\u00f3mo <\/em>acompa\u00f1a y <em>hasta d\u00f3nde<\/em> llega su acci\u00f3n. Por ejemplo, frente al olvido de un compa\u00f1ero hay que funcionar como <strong>punto de apoyo<\/strong> para que recuerde su letra o acci\u00f3n sin evidenciar el error, acompa\u00f1arlo y siempre darle lugar, respetando sus tiempos, para que pueda desplegar su creatividad y potencialidad. Adem\u00e1s, como en cualquier entrenamiento art\u00edstico, es importante aprender los momentos de la obra y recordar que la escucha y la mirada activa son herramientas que nos permiten generar v\u00ednculo con el espacio y los otros artistas.<\/p>\n\n\n\n<p><strong>Laura <\/strong>hoy vive en Espa\u00f1a, pero estuvo tres a\u00f1os en Las Ilusiones. Comenz\u00f3 como actriz integrada, participando en Glee, Mul\u00e1n (foto) y Gilda. Tambi\u00e9n fue referente de danza en Ballester y asistente en teatro musical de Mamma Mia y El extra\u00f1o mundo de Jack.&nbsp; <\/p>\n\n\n\n<div class=\"wp-block-media-text alignwide is-stacked-on-mobile\" style=\"grid-template-columns:44% auto\"><figure class=\"wp-block-media-text__media\"><img decoding=\"async\" src=\"https:\/\/www.lasilusiones.com.ar\/blog\/wp-content\/uploads\/2022\/03\/MULAN-420-1024x683.jpg\" alt=\"\" class=\"wp-image-1334 size-full\"\/><\/figure><div class=\"wp-block-media-text__content\">\n<p class=\"has-regular-font-size\">\u201c<em>El d\u00eda que iba a empezar como integrada estaba s\u00faper nerviosa, ten\u00eda much\u00edsimo miedo porque tem\u00eda hacer las cosas mal, equivocarme. Yo no hab\u00eda tenido mucho contacto con personas con discapacidad, porque no hab\u00eda conocido a nadie con discapacidad. As\u00ed que no ten\u00eda mucha idea, solo algunos prejuicios por el desconocimiento. Me sorprendi\u00f3 much\u00edsimo que fuera tan f\u00e1cil. No ten\u00eda que hacer nada en especial, solo ser yo, soltarme, ser Laura, con lo bueno y lo malo. Mi entrega estuvo desde el d\u00eda uno y del otro lado igual. Yo estaba preocupada por lo que ten\u00eda que hacer yo para que las cosas funcionen y realmente me incluyeron y estuvo buen\u00edsimo. Hay que estar recontra presente (siempre deber\u00eda ser as\u00ed) pero siendo actriz integrada practiqu\u00e9 mucho eso, la improvisaci\u00f3n, el amoldarse, el seguir desde el personaje, desde la situaci\u00f3n que se est\u00e9 jugando. Cuando un compa\u00f1ero se traba, seguir, pero acompa\u00f1arlo y sacar adelante la obra. Se entrena realmente el estar ah\u00ed, conectado con tus compa\u00f1eros y el resolver,\u201d<\/em> record\u00f3 sobre su experiencia<em>.<\/em><\/p>\n<\/div><\/div>\n\n\n\n<p><strong>Florencia<\/strong>, pas\u00f3 por Las Ilusiones como artista incluida de teatro musical, en la sede de CABA. <\/p>\n\n\n\n<div class=\"wp-block-media-text alignwide has-media-on-the-right is-stacked-on-mobile\"><figure class=\"wp-block-media-text__media\"><img decoding=\"async\" src=\"https:\/\/www.lasilusiones.com.ar\/blog\/wp-content\/uploads\/2022\/03\/LI-CABA-16-DIC-1-16-1024x683.jpg\" alt=\"\" class=\"wp-image-1333 size-full\"\/><\/figure><div class=\"wp-block-media-text__content\">\n<p><em>\u201cEs un espacio en el que me sent\u00ed s\u00faper c\u00f3moda tanto con los profes como con los otros artistas. Hay much\u00edsimo trabajo, compromiso y amor entonces se puede crecer un mont\u00f3n, como persona y como artista. Por otro lado, entend\u00ed lo que significa realmente inclusi\u00f3n e incluir a todos. Y tambi\u00e9n entend\u00ed que el arte es para todos y que todos tenemos derecho a aprender a cantar, bailar, actuar y cada uno hacerlo desde el lado que pueda. Y eso es lo que me pareci\u00f3 lo maravilloso de este espacio. Es necesario que existan estos lugares con estas propuestas. A mi me enriqueci\u00f3 much\u00edsimo la experiencia y compartir todo este arte el a\u00f1o pasado fue una experiencia que no me la voy a olvidar nunca y la recomiendo<\/em>\u201d, cont\u00f3 sobre su experiencia. La foto es de uno de los Laboratorios Abiertos que realizamos en 2021, cuando volv\u00edamos a la presencialidad.<\/p>\n<\/div><\/div>\n\n\n\n<p><strong>Viviana <\/strong>ingres\u00f3 en la Compa\u00f1\u00eda en el 2017 como actriz integrada de teatro en la sede de CABA, formando parte de las obras &#8220;Bajo la garra&#8221;, &#8220;El Gran Burgu\u00e9s&#8221; (foto) y &#8220;M&#8217;hijo el dotor&#8221;. Con la virtualidad particip\u00f3 en los talleres de Conectados de teatro y canto. Hoy forma parte del equipo de comunicaci\u00f3n de Las Ilusiones.<\/p>\n\n\n\n<div class=\"wp-block-media-text alignwide is-stacked-on-mobile\" style=\"grid-template-columns:47% auto\"><figure class=\"wp-block-media-text__media\"><img decoding=\"async\" src=\"https:\/\/www.lasilusiones.com.ar\/blog\/wp-content\/uploads\/2022\/03\/IMG-20190616-WA0072-1024x768.jpg\" alt=\"\" class=\"wp-image-1335 size-full\"\/><\/figure><div class=\"wp-block-media-text__content\">\n<p class=\"has-regular-font-size\"><em>&#8220;Conoc\u00ed a Las Ilusiones en 2016 viendo el estreno de la sede de<\/em> <em>Ballester, donde actuaba mi prima Flor. Me movi\u00f3 tanto lo que vi<\/em> <em>arriba del escenario que el siguiente a\u00f1o no dud\u00e9 en sumarme. El comienzo no fue sencillo por lo que uno trae en la cabeza sobre la discapacidad. El proceso de trabajo del a\u00f1o y el estreno fueron experiencias incre\u00edbles que solo se pueden comprender formando parte. Ser artista integrado hace que uno aprenda de todo. De la vida en general, de la inclusi\u00f3n real y de actuaci\u00f3n (donde me sent\u00ed m\u00e1s desafiada que en cualquier otro espacio). El compromiso, la generosidad, el respeto y la creatividad que se comparten te hacen crecer y creer en que en el mundo hay lugar para todos, siempre y cuando valoremos lo que cada uno puede dar. El arte es una gran herramienta que nos permite ver eso y nos permite crear y jugar juntos a todos por igual&#8221;<\/em>, reflexion\u00f3 Viviana. <\/p>\n<\/div><\/div>\n\n\n\n<p>Si despu\u00e9s de leer estos testimonios te surge curiosidad, te invitamos a que te sumes. Tenemos sedes y disciplinas donde pod\u00e9s encontrarte con un mundo lleno de oportunidades, colores e ilusi\u00f3n.<\/p>\n","protected":false},"excerpt":{"rendered":"<p>Habitualmente pensamos en inclusi\u00f3n para hablar de situaciones o actividades donde las personas con discapacidad son las incluidas. En Las Ilusiones trabajamos con el concepto&hellip;<\/p>\n","protected":false},"author":1,"featured_media":1329,"comment_status":"open","ping_status":"open","sticky":false,"template":"","format":"standard","meta":{"_monsterinsights_skip_tracking":false,"_monsterinsights_sitenote_active":false,"_monsterinsights_sitenote_note":"","_monsterinsights_sitenote_category":0,"footnotes":""},"categories":[4],"tags":[],"class_list":["post-1328","post","type-post","status-publish","format-standard","has-post-thumbnail","hentry","category-articulo"],"_links":{"self":[{"href":"https:\/\/lasilusiones.com.ar\/blog\/wp-json\/wp\/v2\/posts\/1328","targetHints":{"allow":["GET"]}}],"collection":[{"href":"https:\/\/lasilusiones.com.ar\/blog\/wp-json\/wp\/v2\/posts"}],"about":[{"href":"https:\/\/lasilusiones.com.ar\/blog\/wp-json\/wp\/v2\/types\/post"}],"author":[{"embeddable":true,"href":"https:\/\/lasilusiones.com.ar\/blog\/wp-json\/wp\/v2\/users\/1"}],"replies":[{"embeddable":true,"href":"https:\/\/lasilusiones.com.ar\/blog\/wp-json\/wp\/v2\/comments?post=1328"}],"version-history":[{"count":0,"href":"https:\/\/lasilusiones.com.ar\/blog\/wp-json\/wp\/v2\/posts\/1328\/revisions"}],"wp:featuredmedia":[{"embeddable":true,"href":"https:\/\/lasilusiones.com.ar\/blog\/wp-json\/"}],"wp:attachment":[{"href":"https:\/\/lasilusiones.com.ar\/blog\/wp-json\/wp\/v2\/media?parent=1328"}],"wp:term":[{"taxonomy":"category","embeddable":true,"href":"https:\/\/lasilusiones.com.ar\/blog\/wp-json\/wp\/v2\/categories?post=1328"},{"taxonomy":"post_tag","embeddable":true,"href":"https:\/\/lasilusiones.com.ar\/blog\/wp-json\/wp\/v2\/tags?post=1328"}],"curies":[{"name":"wp","href":"https:\/\/api.w.org\/{rel}","templated":true}]}}