{"id":1344,"date":"2022-04-02T12:08:10","date_gmt":"2022-04-02T15:08:10","guid":{"rendered":"https:\/\/www.lasilusiones.com.ar\/blog\/?p=1344"},"modified":"2022-04-02T12:08:10","modified_gmt":"2022-04-02T15:08:10","slug":"2-de-abril-dia-mundial-de-concienciacion-sobre-el-autismo","status":"publish","type":"post","link":"https:\/\/lasilusiones.com.ar\/blog\/2-de-abril-dia-mundial-de-concienciacion-sobre-el-autismo\/","title":{"rendered":"2 de abril: D\u00eda Mundial de Concientizaci\u00f3n sobre el Autismo"},"content":{"rendered":"\n<p>En el a\u00f1o 2007, las Naciones Unidas declararon&nbsp;esta fecha<strong> <\/strong>con el objetivo de dar visibilidad a las personas con&nbsp;autismo y generar conciencia en las instituciones y la sociedad&nbsp;para favorecer la inclusi\u00f3n.<\/p>\n\n\n\n<p>El trastorno del espectro autista (TEA) es una afecci\u00f3n neurol\u00f3gica y de desarrollo que comienza en la ni\u00f1ez y dura toda la vida. Si bien no se conocen sus causas, las investigaciones sugieren que tanto los genes como los factores ambientales juegan un rol importante. Afecta c\u00f3mo una persona se comporta, interact\u00faa con otros, se comunica y aprende. Este trastorno incluye lo que se conoc\u00eda como s\u00edndrome de Asperger. Se lo llama &#8220;trastorno de espectro&#8221; porque diferentes personas con TEA pueden tener una gran variedad de s\u00edntomas distintos, siendo los principales las dificultades para comunicarse o interactuar (por ejemplo, evitar el contacto visual y querer estar solos) y tener comportamientos repetitivos (como ordenar cosas o repetir frases una y otra vez). <\/p>\n\n\n\n<p>Llegar al diagn\u00f3stico exacto suele ser dif\u00edcil debido a que no existen pruebas m\u00e9dicas y este se alcanza observando el comportamiento del ni\u00f1o y los tratamientos que estimulen su desarrollo desde la edad temprana, son fundamentales.<\/p>\n\n\n\n<p><strong>El azul y el rompecabezas como representaci\u00f3n del Autismo<\/strong><\/p>\n\n\n\n<p>Existe un motivo principal por el que el color azul es el representante del autismo: es porque el azul es el color del mar&nbsp;que, como las personas con autismo, normalmente est\u00e1 calmado y tranquilo, pero en ocasiones su conducta puede descontrolarse. Tambi\u00e9n se dice que, igual que el mar,&nbsp;las personas con autismo albergan un mundo interior muy rico que todo el mundo quedar\u00eda fascinado al conocer.<\/p>\n\n\n\n<p>La pieza de rompe cabeza es el otro gran s\u00edmbolo del autismo y tiene dos interpretaciones:<\/p>\n\n\n\n<ul class=\"wp-block-list\"><li>Las personas con autismo, igual que las piezas de un rompecabezas,&nbsp;necesitan rodearse de las otras piezas para poder adaptarse.<\/li><li>Representaci\u00f3n de la diversidad: todas las piezas de un rompecabezas son distintas, pero ninguna es m\u00e1s ni menos que las otras.&nbsp;<\/li><\/ul>\n\n\n\n<p><\/p>\n\n\n\n<p><strong>Antonella, artista de Las Ilusiones<\/strong>  <\/p>\n\n\n\n<p>Anto se sum\u00f3 a la Compa\u00f1\u00eda en 2019 y particip\u00f3 en &#8220;Peter Pan&#8221;, estuvo dos a\u00f1os en canto (en las clases virtuales del programa Conectados) y este a\u00f1o volvi\u00f3 a las clases presenciales en la sede de Ballester, a danza teatro. Quisimos que Paula, su mam\u00e1, nos cuente un poco m\u00e1s de Anto.<\/p>\n\n\n\n<p><em>&#8220;Anto es una adolescente de 18 a\u00f1os, muy cari\u00f1osa y tierna. Cursa su \u00faltimo a\u00f1o de secundaria junto a un hermoso grupo de amigas que la acompa\u00f1an desde jard\u00edn de infantes. Fue diagnosticada con TEA a los 2 a\u00f1os y medio y, a partir de ese momento, recibi\u00f3 tratamiento psicopedag\u00f3gico.<br>Ama cantar, mirar videos, escuchar m\u00fasica, ir a recitales de sus bandas favoritas como Soda Stereo, Coldplay y Huellas. Tambi\u00e9n adora ver espect\u00e1culos de jazz, le encantan los gatos y los d\u00edas de sol..<\/em><\/p>\n\n\n\n<div class=\"wp-block-media-text alignwide is-stacked-on-mobile\" style=\"grid-template-columns:31% auto\"><figure class=\"wp-block-media-text__media\"><img decoding=\"async\" src=\"https:\/\/www.lasilusiones.com.ar\/blog\/wp-content\/uploads\/2022\/04\/WhatsApp-Image-2022-04-01-at-4.42.42-PM-768x1024.jpeg\" alt=\"\" class=\"wp-image-1345 size-full\"\/><\/figure><div class=\"wp-block-media-text__content\">\n<p><em>Como familia tratamos de alentarla a realizar actividades relacionadas con el arte. Es as\u00ed que, a trav\u00e9s de las redes sociales, conocimos a Las Ilusiones y nos acercamos con el fin de darle a Anto la oportunidad de encontrar un espacio donde socializar, que la ayudara a expresarse y donde pudiera perfeccionar sus talentos.<br>Las Ilusiones le brind\u00f3 a Anto la confianza, el apoyo y el profesionalismo necesarios para poder abrirse y demostrar cualidades sociales que nunca antes hab\u00eda demostrado, como aprender a valorar el esfuerzo del otro, adem\u00e1s de darle la oportunidad de expresarse como artista.<br>Agradecemos enormemente este espacio que nos permiti\u00f3 transmitir nuestra experiencia y tambi\u00e9n el acompa\u00f1amiento y respeto que nos han brindado como familia&#8221;.<\/em><\/p>\n<\/div><\/div>\n\n\n\n<figure class=\"wp-block-video aligncenter\"><video controls src=\"https:\/\/www.lasilusiones.com.ar\/blog\/wp-content\/uploads\/2022\/04\/WhatsApp-Video-2022-04-01-at-4.48.46-PM.mp4\"><\/video><figcaption>En este video disfrutamos de Anto cantando en la clase de Conectados.<\/figcaption><\/figure>\n\n\n\n<p>Desde Las Ilusiones entendemos que todas las personas podemos ser calmas y cambiantes como el mar y que necesitamos de los otros que nos acepten y nos acompa\u00f1en en nuestro andar. Todos somos una pieza fundamental en este gran rompecabezas de la vida.<\/p>\n","protected":false},"excerpt":{"rendered":"<p>En el a\u00f1o 2007, las Naciones Unidas declararon&nbsp;esta fecha con el objetivo de dar visibilidad a las personas con&nbsp;autismo y generar conciencia en las instituciones&hellip;<\/p>\n","protected":false},"author":1,"featured_media":1357,"comment_status":"open","ping_status":"open","sticky":false,"template":"","format":"standard","meta":{"_monsterinsights_skip_tracking":false,"_monsterinsights_sitenote_active":false,"_monsterinsights_sitenote_note":"","_monsterinsights_sitenote_category":0,"footnotes":""},"categories":[4],"tags":[],"class_list":["post-1344","post","type-post","status-publish","format-standard","has-post-thumbnail","hentry","category-articulo"],"_links":{"self":[{"href":"https:\/\/lasilusiones.com.ar\/blog\/wp-json\/wp\/v2\/posts\/1344","targetHints":{"allow":["GET"]}}],"collection":[{"href":"https:\/\/lasilusiones.com.ar\/blog\/wp-json\/wp\/v2\/posts"}],"about":[{"href":"https:\/\/lasilusiones.com.ar\/blog\/wp-json\/wp\/v2\/types\/post"}],"author":[{"embeddable":true,"href":"https:\/\/lasilusiones.com.ar\/blog\/wp-json\/wp\/v2\/users\/1"}],"replies":[{"embeddable":true,"href":"https:\/\/lasilusiones.com.ar\/blog\/wp-json\/wp\/v2\/comments?post=1344"}],"version-history":[{"count":0,"href":"https:\/\/lasilusiones.com.ar\/blog\/wp-json\/wp\/v2\/posts\/1344\/revisions"}],"wp:featuredmedia":[{"embeddable":true,"href":"https:\/\/lasilusiones.com.ar\/blog\/wp-json\/"}],"wp:attachment":[{"href":"https:\/\/lasilusiones.com.ar\/blog\/wp-json\/wp\/v2\/media?parent=1344"}],"wp:term":[{"taxonomy":"category","embeddable":true,"href":"https:\/\/lasilusiones.com.ar\/blog\/wp-json\/wp\/v2\/categories?post=1344"},{"taxonomy":"post_tag","embeddable":true,"href":"https:\/\/lasilusiones.com.ar\/blog\/wp-json\/wp\/v2\/tags?post=1344"}],"curies":[{"name":"wp","href":"https:\/\/api.w.org\/{rel}","templated":true}]}}