{"id":1390,"date":"2022-04-15T10:16:06","date_gmt":"2022-04-15T13:16:06","guid":{"rendered":"https:\/\/www.lasilusiones.com.ar\/blog\/?p=1390"},"modified":"2022-04-15T10:16:06","modified_gmt":"2022-04-15T13:16:06","slug":"15-de-abril-el-dia-mundial-del-arte%ef%bf%bc","status":"publish","type":"post","link":"https:\/\/lasilusiones.com.ar\/blog\/15-de-abril-el-dia-mundial-del-arte%ef%bf%bc\/","title":{"rendered":"15 de abril: D\u00eda Mundial del Arte"},"content":{"rendered":"\n<p>Esta fecha fue propuesta por la Asociaci\u00f3n Internacional de Artes Pl\u00e1sticas (AIAP) y se hizo oficial a partir del 2019, por parte de la UNESCO. Busca dar a <em>conocer la importancia que tiene el arte y sobre todo el pensamiento creativo<\/em>, para la evoluci\u00f3n del pensamiento humano y la resoluci\u00f3n de los problemas. Seg\u00fan la UNESCO, las celebraciones del D\u00eda Mundial del Arte contribuyen a reforzar los v\u00ednculos entre las creaciones art\u00edsticas y la sociedad, a fomentar una mayor conciencia de la diversidad de las expresiones art\u00edsticas y a poner de relieve la contribuci\u00f3n de los artistas al desarrollo sostenible. Se eligi\u00f3 el 15 de abril, debido a que es la fecha de nacimiento de <em>Leonardo Da Vinci<\/em>, gran artista de varias disciplinas, como pintura, escultura, dise\u00f1o, arquitectura y poes\u00eda.<\/p>\n\n\n\n<div class=\"wp-block-media-text alignwide is-stacked-on-mobile\" style=\"grid-template-columns:44% auto\"><figure class=\"wp-block-media-text__media\"><img decoding=\"async\" src=\"https:\/\/www.lasilusiones.com.ar\/blog\/wp-content\/uploads\/2022\/04\/IMG_9984-1024x683.jpg\" alt=\"\" class=\"wp-image-1388 size-full\"\/><\/figure><div class=\"wp-block-media-text__content\">\n<p class=\"has-regular-font-size\"><strong>Alejandra Puella<\/strong>, parte del equipo fundacional y pilar de Las Ilusiones, gran referente, coordinadora de talleres y sedes, comparti\u00f3 sus reflexiones sobre el arte y c\u00f3mo fueron sus vivencias en los distintos momentos de su vida.<\/p>\n<\/div><\/div>\n\n\n\n<p><strong>\u00bfQu\u00e9 es el arte para vos y por qu\u00e9 es importante para la sociedad?&nbsp;<\/strong><\/p>\n\n\n\n<p><em>Considero Arte, a la m\u00e1xima expresi\u00f3n del ser humano donde, con una finalidad est\u00e9tica o comunicativa, muestra sus emociones y sentimientos transmiti\u00e9ndolos por medio de una disciplina art\u00edstica ya sea esc\u00e9nica, pl\u00e1stica, escrita, etc.<\/em><\/p>\n\n\n\n<p><em>Al ser una forma de expresi\u00f3n, el Arte estimula los sentidos y, en sus distintas expresiones, todas las personas dejamos aflorar aquello que queremos manifestar. Permite abrirnos y mostrarnos, no solo cuando somos el artista sino tambi\u00e9n cuando somos parte, por ejemplo, como espectadores u observadores.<\/em><\/p>\n\n\n\n<p><em>El Arte tiene un<strong> efecto liberador, curativo<\/strong>, relajante <strong>para quien lo practica y para quien lo disfruta. <\/strong>Una expresi\u00f3n art\u00edstica sensibiliza y los artistas, al ser seres sensibles, <strong>crean una mejor sociedad.<\/strong><\/em><\/p>\n\n\n\n<p><strong>\u00bfC\u00f3mo fueron tus primeros acercamientos al arte y c\u00f3mo llegaste al teatro?<\/strong><\/p>\n\n\n\n<p><em>Si bien el teatro y la comedia musical son mi gran amor, siempre me sent\u00ed muy cerca del Arte en todas sus formas. Con pocos a\u00f1os mis padres ya me llevaron a ver \u00f3pera y ballet y la emoci\u00f3n de sentir en el pecho esa sensaci\u00f3n extra\u00f1a que me hac\u00eda sentir esa maravillosa m\u00fasica nunca la olvidar\u00e9.&nbsp; Eso es el ARTE para m\u00ed, esa sensaci\u00f3n que ese d\u00eda sent\u00ed. Es la misma que hoy sigo sintiendo frente a un bello cuadro o ante un imponente edificio hist\u00f3rico.<\/em><\/p>\n\n\n\n<p><em>Mi acercamiento al teatro se dio por regalarle a mis hijos mi participaci\u00f3n en el teatro de padres de su escuela, que se sintieran felices de verme y mostrarles c\u00f3mo podemos disfrutar y ayudar, ya que eran obras realizadas con fines solidarios. No tard\u00e9 en descubrir que lo estaba haciendo tambi\u00e9n por m\u00ed. Que ese espacio me hac\u00eda bien, que dejaba parte de m\u00ed arriba de un escenario y me sent\u00eda m\u00e1s liviana, feliz y que era sanador, que amaba hacerlo y que lo iba a hacer mejor prepar\u00e1ndome. En ese camino de preparaci\u00f3n me encontr\u00e9 con que yo tambi\u00e9n lo pod\u00eda transmitir y que esa era mi forma de hacer ARTE.<\/em><\/p>\n\n\n\n<p><strong>\u00bfCu\u00e1l es tu opini\u00f3n sobre arte y discapacidad?<\/strong><\/p>\n\n\n\n<p><em>El arte posee un <strong>efecto integrador<\/strong> indudable sobre las personas con discapacidad; favorece la inclusi\u00f3n porque <strong>genera reconocimiento<\/strong>, sociabilizaci\u00f3n, estimulaci\u00f3n.<\/em><\/p>\n\n\n\n<p><em>Desde la experiencia vivida en Las Ilusiones, hemos comprobado los avances superadores de nuestros artistas quienes nos demuestran, constantemente, que las barreras son traspasadas y que la discapacidad queda como lo que es, una condici\u00f3n y que aparece la persona, el artista. Que lo m\u00e1s importante es lo que expreses, lo que salga de vos, en nuestro caso, sobre un escenario ya sea con tu voz, tu danza, tu actuaci\u00f3n.<\/em><\/p>\n\n\n\n<p><strong>\u00bfAlgo que nos quieras decir para cerrar?<\/strong><\/p>\n\n\n\n<p><em>Creo que lo m\u00e1gico del arte es esa conexi\u00f3n que se produce entre el artista y el observador. La emoci\u00f3n \u00fanica de ver una obra esc\u00e9nica o pl\u00e1stica, o escuchar una sinfon\u00eda y sentir las emociones que su creador quiso expresar.&nbsp;<\/em><\/p>\n\n\n\n<p><em>Quiero dejarles una frase que una vez le\u00ed y la siento tan cierta: El arte no es lo que vemos sino lo que hacemos ver a los dem\u00e1s.<\/em><\/p>\n\n\n\n<p><\/p>\n\n\n\n<p><strong>Contanos en comentarios: \u00bfpara vos qu\u00e9 es el arte?<\/strong><\/p>\n","protected":false},"excerpt":{"rendered":"<p>Esta fecha fue propuesta por la Asociaci\u00f3n Internacional de Artes Pl\u00e1sticas (AIAP) y se hizo oficial a partir del 2019, por parte de la UNESCO.&hellip;<\/p>\n","protected":false},"author":1,"featured_media":1386,"comment_status":"open","ping_status":"open","sticky":false,"template":"","format":"standard","meta":{"_monsterinsights_skip_tracking":false,"_monsterinsights_sitenote_active":false,"_monsterinsights_sitenote_note":"","_monsterinsights_sitenote_category":0,"footnotes":""},"categories":[4],"tags":[],"class_list":["post-1390","post","type-post","status-publish","format-standard","has-post-thumbnail","hentry","category-articulo"],"_links":{"self":[{"href":"https:\/\/lasilusiones.com.ar\/blog\/wp-json\/wp\/v2\/posts\/1390","targetHints":{"allow":["GET"]}}],"collection":[{"href":"https:\/\/lasilusiones.com.ar\/blog\/wp-json\/wp\/v2\/posts"}],"about":[{"href":"https:\/\/lasilusiones.com.ar\/blog\/wp-json\/wp\/v2\/types\/post"}],"author":[{"embeddable":true,"href":"https:\/\/lasilusiones.com.ar\/blog\/wp-json\/wp\/v2\/users\/1"}],"replies":[{"embeddable":true,"href":"https:\/\/lasilusiones.com.ar\/blog\/wp-json\/wp\/v2\/comments?post=1390"}],"version-history":[{"count":0,"href":"https:\/\/lasilusiones.com.ar\/blog\/wp-json\/wp\/v2\/posts\/1390\/revisions"}],"wp:featuredmedia":[{"embeddable":true,"href":"https:\/\/lasilusiones.com.ar\/blog\/wp-json\/"}],"wp:attachment":[{"href":"https:\/\/lasilusiones.com.ar\/blog\/wp-json\/wp\/v2\/media?parent=1390"}],"wp:term":[{"taxonomy":"category","embeddable":true,"href":"https:\/\/lasilusiones.com.ar\/blog\/wp-json\/wp\/v2\/categories?post=1390"},{"taxonomy":"post_tag","embeddable":true,"href":"https:\/\/lasilusiones.com.ar\/blog\/wp-json\/wp\/v2\/tags?post=1390"}],"curies":[{"name":"wp","href":"https:\/\/api.w.org\/{rel}","templated":true}]}}