{"id":1396,"date":"2022-04-16T12:16:37","date_gmt":"2022-04-16T15:16:37","guid":{"rendered":"https:\/\/www.lasilusiones.com.ar\/blog\/?p=1396"},"modified":"2022-04-16T12:16:37","modified_gmt":"2022-04-16T15:16:37","slug":"16-de-abril-dia-mundial-de-la-voz%ef%bf%bc","status":"publish","type":"post","link":"https:\/\/lasilusiones.com.ar\/blog\/16-de-abril-dia-mundial-de-la-voz%ef%bf%bc\/","title":{"rendered":"16 de abril: D\u00eda Mundial de la Voz"},"content":{"rendered":"\n<p>Este d\u00eda se conmemora con el objetivo de concientizar a la poblaci\u00f3n sobre la importancia de la salud vocal para la comunicaci\u00f3n e incentivar la consulta m\u00e9dica ante cualquier s\u00edntoma relacionado con la voz, adem\u00e1s remarcar la necesidad de un entrenamiento adecuado para conservarla, especialmente, aquellos que trabajan con su voz.<\/p>\n\n\n\n<p>Esta fecha tiene origen en Brasil, en el a\u00f1o 1999, cuando el Dr. Nedio Steffen, presidente de la Sociedad Brasilera de Laringolog\u00eda y Voz, despu\u00e9s de haber comprobado que muchas de las personas que padec\u00edan disfon\u00edas pensaban que eso era normal (o bien lo atribu\u00edan a una caracter\u00edstica natural de su voz), decidi\u00f3 junto a sus colegas organizar una Campa\u00f1a Nacional de Concientizaci\u00f3n acerca de los cuidados de la salud vocal. En el a\u00f1o 2003, el equipo decidi\u00f3 compartir su experiencia y los resultados alcanzados con otros profesionales del mundo y as\u00ed tuvo origen lo que hoy conocemos como el D\u00eda Mundial de la Voz.<\/p>\n\n\n\n<p>La Sociedad Argentina de la Voz se sum\u00f3 a la propuesta de Brasil inmediatamente, para celebrar el 16 de abril de 2003 el primer D\u00eda Mundial de la Voz, cuya campa\u00f1a de inauguraci\u00f3n en Argentina fue con un acto en la Academia Nacional de Medicina.<\/p>\n\n\n\n<p><strong>\u00bfQu\u00e9 es la voz?<\/strong><\/p>\n\n\n\n<div class=\"wp-block-media-text alignwide is-stacked-on-mobile\" style=\"grid-template-columns:41% auto\"><figure class=\"wp-block-media-text__media\"><img decoding=\"async\" src=\"https:\/\/www.lasilusiones.com.ar\/blog\/wp-content\/uploads\/2022\/04\/laringe-1024x691.png\" alt=\"\" class=\"wp-image-1397 size-full\"\/><\/figure><div class=\"wp-block-media-text__content\">\n<p class=\"has-regular-font-size\">La voz humana est\u00e1 considerada un instrumento musical como cualquier otro y ninguna es igual a otra. Hay voces graves y agudas, algunas m\u00e1s oscuras y otras m\u00e1s ligeras. Es producida en la laringe, cuya parte esencial, la glotis, constituye el verdadero \u00f3rgano de fonaci\u00f3n humano. El aire procedente de los pulmones, es forzado durante la espiraci\u00f3n a trav\u00e9s de la glotis, haciendo vibrar los dos pares de cuerdas vocales, que se asemejan a dos leng\u00fcetas dobles.<\/p>\n<\/div><\/div>\n\n\n\n<h3 class=\"has-regular-font-size wp-block-heading\">Los disturbios de la voz pueden ser causados por:<\/h3>\n\n\n\n<ul class=\"wp-block-list\"><li>Dolencias por alteraci\u00f3n en las estructuras del aparato fonador,<\/li><li>Mal uso o abuso de la voz,<\/li><li>H\u00e1bitos t\u00f3xicos (como el tabaquismo u otras sustancias),<\/li><li>Manifestaci\u00f3n de un conflicto an\u00edmico.<\/li><\/ul>\n\n\n\n<p><strong>Sabrina Di Constanzo<\/strong> es referente de teatro y teatro musical de Lan\u00fas. Adem\u00e1s, es docente y cantante y, por eso, quisimos conversar con ella para que nos cuente cu\u00e1l es la importancia de la voz, qu\u00e9 significa este instrumento a la hora de comunicarnos o hacer arte y, de paso, que nos de algunos consejos para cuidarla.<\/p>\n\n\n\n<div class=\"wp-block-media-text alignwide has-media-on-the-right is-stacked-on-mobile\" style=\"grid-template-columns:auto 34%\"><figure class=\"wp-block-media-text__media\"><img decoding=\"async\" src=\"https:\/\/www.lasilusiones.com.ar\/blog\/wp-content\/uploads\/2022\/04\/WhatsApp-Image-2022-04-14-at-4.44.28-PM-682x1024.jpeg\" alt=\"\" class=\"wp-image-1398 size-full\"\/><\/figure><div class=\"wp-block-media-text__content\">\n<p>&#8220;<em>En este d\u00eda me parece muy importante hacer referencia a lo fundamental que es la voz en el arte, obviamente, como una herramienta expresiva m\u00e1s, sabemos que no es el \u00fanico elemento de comunicaci\u00f3n que hay, pero s\u00ed uno muy fundamental. Sobre todo hacer hincapi\u00e9 en la importancia de tenerla y de cuidarla. Hay que entender que esta herramienta nos permite\u00a0 de diversas maneras, mostrar alg\u00fan estado de \u00e1nimo, expresar alguna sensaci\u00f3n determinada, decir palabras (que no es un poco), hacernos entender y escuchar. Hacernos presentes a trav\u00e9s de la voz.<\/em><\/p>\n\n\n\n<p>Volviendo al concepto de voz como medio de comunicaci\u00f3n es necesario que hagamos consciente la importancia de la misma. Hay diversidad de voces pero tenemos un patr\u00f3n que nos hace \u00fanicos y \u00fanicas en nuestra voz. Cu\u00e1ntas veces h<em>emos escuchado a alguien hablar desde lejos y hemos reconocido su voz y sabemos que es esa persona. O cu\u00e1ntas veces hemos hablado por tel\u00e9fono con alguien y nos hemos dado cuenta del estado de \u00e1nimo que tienen, o si le pasa algo solo con escuchar su voz&#8221;.<\/em><\/p>\n<\/div><\/div>\n\n\n\n<p><strong>Entonces, \u00bfC\u00f3mo hacemos para tener una voz saludable? <\/strong><\/p>\n\n\n\n<p>Estos son los consejos que nos dej\u00f3 Sabry:&nbsp;<\/p>\n\n\n\n<ul class=\"wp-block-list\"><li>tomar mucha agua: entre 8 vasos por d\u00eda<\/li><li>tener el ambiente humidificado\u00a0<\/li><li>consultar a un otorrino una vez por a\u00f1o ser\u00eda ideal para chequear que no haya ninguna lesi\u00f3n persistente en las cuerdas vocales o en alg\u00fan aparato fonador<\/li><li>hacer ejercicios de respiraci\u00f3n cuando vamos a usar la voz \u00a0<\/li><li>vocalizar y hacer ejercicios y entrenamientos vocales para cantar o recitar un texto<\/li><\/ul>\n\n\n\n<p><\/p>\n\n\n\n<p>Y para vos, \u00bfes importante cuidar la voz? \u00bfHac\u00e9s entrenamiento vocal, la cuid\u00e1s? \u00a1Dejanos tus comentarios!<\/p>\n","protected":false},"excerpt":{"rendered":"<p>Este d\u00eda se conmemora con el objetivo de concientizar a la poblaci\u00f3n sobre la importancia de la salud vocal para la comunicaci\u00f3n e incentivar la&hellip;<\/p>\n","protected":false},"author":1,"featured_media":1387,"comment_status":"open","ping_status":"open","sticky":false,"template":"","format":"standard","meta":{"_monsterinsights_skip_tracking":false,"_monsterinsights_sitenote_active":false,"_monsterinsights_sitenote_note":"","_monsterinsights_sitenote_category":0,"footnotes":""},"categories":[4],"tags":[],"class_list":["post-1396","post","type-post","status-publish","format-standard","has-post-thumbnail","hentry","category-articulo"],"_links":{"self":[{"href":"https:\/\/lasilusiones.com.ar\/blog\/wp-json\/wp\/v2\/posts\/1396","targetHints":{"allow":["GET"]}}],"collection":[{"href":"https:\/\/lasilusiones.com.ar\/blog\/wp-json\/wp\/v2\/posts"}],"about":[{"href":"https:\/\/lasilusiones.com.ar\/blog\/wp-json\/wp\/v2\/types\/post"}],"author":[{"embeddable":true,"href":"https:\/\/lasilusiones.com.ar\/blog\/wp-json\/wp\/v2\/users\/1"}],"replies":[{"embeddable":true,"href":"https:\/\/lasilusiones.com.ar\/blog\/wp-json\/wp\/v2\/comments?post=1396"}],"version-history":[{"count":0,"href":"https:\/\/lasilusiones.com.ar\/blog\/wp-json\/wp\/v2\/posts\/1396\/revisions"}],"wp:featuredmedia":[{"embeddable":true,"href":"https:\/\/lasilusiones.com.ar\/blog\/wp-json\/"}],"wp:attachment":[{"href":"https:\/\/lasilusiones.com.ar\/blog\/wp-json\/wp\/v2\/media?parent=1396"}],"wp:term":[{"taxonomy":"category","embeddable":true,"href":"https:\/\/lasilusiones.com.ar\/blog\/wp-json\/wp\/v2\/categories?post=1396"},{"taxonomy":"post_tag","embeddable":true,"href":"https:\/\/lasilusiones.com.ar\/blog\/wp-json\/wp\/v2\/tags?post=1396"}],"curies":[{"name":"wp","href":"https:\/\/api.w.org\/{rel}","templated":true}]}}