{"id":1403,"date":"2022-04-23T22:27:26","date_gmt":"2022-04-24T01:27:26","guid":{"rendered":"https:\/\/www.lasilusiones.com.ar\/blog\/?p=1403"},"modified":"2022-04-23T22:27:26","modified_gmt":"2022-04-24T01:27:26","slug":"23-de-abril-dia-internacional-del-libro","status":"publish","type":"post","link":"https:\/\/lasilusiones.com.ar\/blog\/23-de-abril-dia-internacional-del-libro\/","title":{"rendered":"23 de abril: D\u00eda Internacional del Libro"},"content":{"rendered":"\n<p class=\"has-text-align-right has-small-font-size\"><em><strong>&#8220;El libro es fuerza, valor, es poder, es alimento; es antorcha del pensamiento y manantial del amor&#8221;<\/strong><\/em><\/p>\n\n\n\n<p class=\"has-text-align-right has-small-font-size\"><em><strong>Rub\u00e9n Dar\u00edo<\/strong><\/em><\/p>\n\n\n\n<p class=\"has-text-align-left\">El D\u00eda Mundial del Libro y del Derecho de Autor fue establecido por la UNESCO en 1995. \u00bfPor qu\u00e9 esta fecha? Porque el 23 de abril, murieron tres grandes de la literatura universal:&nbsp;<strong>Miguel de Cervantes Saavedra, William Shakespeare y el Inca Garcilaso de la Vega.<\/strong> Originalmente, esta fecha se celebraba el 7 de octubre, cuando se cre\u00eda que hab\u00eda nacido el creador del Quijote. <\/p>\n\n\n\n<figure class=\"wp-block-gallery has-nested-images columns-default is-cropped wp-block-gallery-1 is-layout-flex wp-block-gallery-is-layout-flex\">\n<figure class=\"wp-block-image size-large\"><img decoding=\"async\" data-id=\"1411\" src=\"https:\/\/www.lasilusiones.com.ar\/blog\/wp-content\/uploads\/2022\/04\/WS-1.png\" alt=\"\" class=\"wp-image-1411\"\/><\/figure>\n\n\n\n<figure class=\"wp-block-image size-large\"><img decoding=\"async\" data-id=\"1410\" src=\"https:\/\/www.lasilusiones.com.ar\/blog\/wp-content\/uploads\/2022\/04\/GV-1.png\" alt=\"\" class=\"wp-image-1410\"\/><\/figure>\n\n\n\n<figure class=\"wp-block-image size-large\"><img decoding=\"async\" data-id=\"1412\" src=\"https:\/\/www.lasilusiones.com.ar\/blog\/wp-content\/uploads\/2022\/04\/MCS-1.png\" alt=\"\" class=\"wp-image-1412\"\/><\/figure>\n<figcaption class=\"blocks-gallery-caption\">William Shakespeare, Garcilaso de la Vega y Miguel de Cervantes Saavedra<\/figcaption><\/figure>\n\n\n\n<p><\/p>\n\n\n\n<p class=\"has-text-align-left\">La idea surgi\u00f3 en Espa\u00f1a en 1923 y reci\u00e9n en 1995 la UNESCO declar\u00f3 el d\u00eda como mundial. Para promover la lectura y la actividad de los escritores, todos los a\u00f1os se <strong>nombra una ciudad como Capital Mundial del Libro<\/strong>. Este a\u00f1o fue elegida la ciudad mexicana de Guadalajara, donde realizaron una marat\u00f3n de lectura en voz alta&nbsp;de distintas obras (Buenos Aires lo fue en el 2011).<\/p>\n\n\n\n<p>Esta fecha, adem\u00e1s de fomentar la lectura y remarcar su importancia, busca resaltar los derechos de autor. Estos son un&nbsp;<strong>conjunto de principios y normas jur\u00eddicas que establecen los derechos morales, patrimoniales y universales<\/strong>&nbsp;que tienen todos los autores de obras literarias, cient\u00edficas, musicales, art\u00edsticas o de car\u00e1cter did\u00e1ctico, por el simple hecho de su creaci\u00f3n, est\u00e9 publicada o sea in\u00e9dita.&nbsp;Est\u00e1 considerado como uno de los&nbsp;<strong>derechos humanos fundamentales<\/strong>&nbsp;en la Declaraci\u00f3n Universal de los Derechos Humanos.<\/p>\n\n\n\n<p><\/p>\n\n\n\n<p>Cinthia \u00c1vila y Juan Ignacio Acosta, directivos de Las Ilusiones, han escrito sus libros. Por eso quisimos que nos cuenten qu\u00e9 es para ellos la lectura.<\/p>\n\n\n\n<p><strong>\u00bfQu\u00e9 es un libro para ustedes?<\/strong><\/p>\n\n\n\n<p>Cinthia: &nbsp;Los libros son infinidad de mundos con historias que toman vida cuando el lector aparece. La magia de los libros es que todos podemos acceder al mismo pero su historia nos atravesar\u00e1 de manera distinta.<\/p>\n\n\n\n<p>Juan Ignacio: Es una posibilidad de encontrarse con el pensamiento o idea de un otro. Es la manera de expresar lo que sentimos de una forma elaborada, transmitir un mensaje.<\/p>\n\n\n\n<p><strong>\u00bfQu\u00e9 disfrutan del hecho de leer?<\/strong><\/p>\n\n\n\n<p>Cinthia: poder sumergirme en la historia, abstraerme de mi mundo real para entrar al que la lectura me invita: imaginar la cara y cuerpo de los personajes, empatizar o no con ellos, fantasear con el final.<\/p>\n\n\n\n<p>Juan Ignacio: es encontrar ese espacio en el que nos encontramos solos y podemos tomar un caf\u00e9, un mate o en la orilla del mar. Es un regalo para uno mismo y eso es lo m\u00e1s interesante del hecho de leer, donde entra en conexi\u00f3n con uno mismo y con las palabras que el autor nos brind\u00f3. <\/p>\n\n\n\n<p><strong>\u00bfCu\u00e1l es la importancia de fomentar la lectura?<\/strong><\/p>\n\n\n\n<p>Cinthia: es necesaria para estimular la imaginaci\u00f3n, abrir un portal de nuevos conocimientos.<\/p>\n\n\n\n<p>Juan Ignacio: porque nos permite escribir mejor, hablar con un vocabulario m\u00e1s amplio, pero tambi\u00e9n porque da la posibilidad de encontrarnos con otros pensamientos, porque cada autor que leemos viene con su manera de pensar, con su historia, etc.<\/p>\n\n\n\n<p><strong>Tambi\u00e9n quisimos saber c\u00f3mo fue el proceso de escribir sus libros y qu\u00e9 sintieron al verlos terminados<\/strong><\/p>\n\n\n\n<p class=\"has-regular-font-size\">Cinthia: Desde peque\u00f1a, en casa era la responsable, por decisi\u00f3n propia, de leerle cuentos e inventar historias a mis hermanos. Y desde adolescente al d\u00eda de hoy, escribo historias y frases en borradores que siempre conservo. Hace unos a\u00f1os comenc\u00e9 a pensar en la idea de escribir un libro infantil. &#8220;Soy Galo&#8221;, mi libro, naci\u00f3 de las ganas de leer algo que no encontraba en mis visitas a las librer\u00edas. Un libro escrito desde la mirada que a mi me gustaba y cre\u00eda necesario para las infancias y, por eso, me aventur\u00e9 a escribirlo con la supervisi\u00f3n de la editora Javiera Gutierrez, que me acompa\u00f1\u00f3 durante el proceso de escritura. Las ilustraciones, que son tan importantes como el texto en esta propuesta, son de Galo Thorp. Fue editado por la Editorial Chirimbote. Ver el libro terminado fue abrazar un sue\u00f1o hecha realidad.<\/p>\n\n\n\n<p>Y te cuento una primicia: ya arranqu\u00e9 con los primeros borradores de lo que se viene&#8230;<\/p>\n\n\n\n<figure class=\"wp-block-gallery has-nested-images columns-default is-cropped wp-block-gallery-2 is-layout-flex wp-block-gallery-is-layout-flex\">\n<figure class=\"wp-block-image size-large\"><img decoding=\"async\" data-id=\"1425\" src=\"https:\/\/www.lasilusiones.com.ar\/blog\/wp-content\/uploads\/2022\/04\/WhatsApp-Image-2022-04-21-at-5.44.26-PM-edited-1.jpeg\" alt=\"\" class=\"wp-image-1425\"\/><\/figure>\n\n\n\n<figure class=\"wp-block-image size-large\"><img decoding=\"async\" data-id=\"1414\" src=\"https:\/\/www.lasilusiones.com.ar\/blog\/wp-content\/uploads\/2022\/04\/WhatsApp-Image-2022-04-21-at-5.45.13-PM.jpeg\" alt=\"\" class=\"wp-image-1414\"\/><\/figure>\n<\/figure>\n\n\n\n<p><\/p>\n\n\n\n<p>Juan Ignacio: El proceso de escritura me tom\u00f3 2 a\u00f1os. Yo hab\u00eda pensado en un libro m\u00e1s sencillo y se convirti\u00f3 en algo importante, con mucha elaboraci\u00f3n y mucha lectura. La Editorial Noveduc fue la que me propuso ir por algo m\u00e1s ambicioso y qued\u00f3 un libro muy pedag\u00f3gico e interesante. Cuando lo vi publicado, no ca\u00eda, porque hac\u00eda mucho tiempo que yo quer\u00eda escribir un libro as\u00ed. Fue un gran logro para mi y me siento muy contento con la experiencia.<\/p>\n\n\n\n<figure class=\"wp-block-gallery has-nested-images columns-default is-cropped wp-block-gallery-3 is-layout-flex wp-block-gallery-is-layout-flex\">\n<figure class=\"wp-block-image size-large\"><img decoding=\"async\" data-id=\"1428\" src=\"https:\/\/www.lasilusiones.com.ar\/blog\/wp-content\/uploads\/2022\/04\/3.png\" alt=\"\" class=\"wp-image-1428\"\/><\/figure>\n\n\n\n<figure class=\"wp-block-image size-large\"><img decoding=\"async\" data-id=\"1429\" src=\"https:\/\/www.lasilusiones.com.ar\/blog\/wp-content\/uploads\/2022\/04\/lib2.png\" alt=\"\" class=\"wp-image-1429\"\/><\/figure>\n<\/figure>\n\n\n\n<p><\/p>\n\n\n\n<p><strong>Para el final, un peque\u00f1o ping pong:<\/strong><\/p>\n\n\n\n<p><strong>Libro favorito que recuerden de la infancia:<\/strong><\/p>\n\n\n\n<p>Cin: Todos los de &#8221; Sigue tu propia aventura&#8221; y &#8220;El Principito&#8221;<\/p>\n\n\n\n<p>Nacho: &#8220;Ami, mi amigo de las estrellas&#8221;<\/p>\n\n\n\n<p><strong>Libro favorito de ahora <\/strong><\/p>\n\n\n\n<p>Cin: &#8220;La mujer habitada&#8221;, de Gioconda Belli<\/p>\n\n\n\n<p>Nacho: &#8220;El caballero de la armadura oxidada&#8221;, de Robert Fisher<\/p>\n\n\n\n<p><strong>Escritor favorito<\/strong> &nbsp;<\/p>\n\n\n\n<p>Cin: Julio Cort\u00e1zar e Isabel Allende<\/p>\n\n\n\n<p>Nacho: Gabriel Garc\u00eda M\u00e1rquez<\/p>\n\n\n\n<p><strong>Libro que tengan pendiente de leer<\/strong><\/p>\n\n\n\n<p>Cin: &#8220;En busca del tiempo perdido&#8221;, de Marcel Proust<\/p>\n\n\n\n<p>Nacho: todos los de Julio Cort\u00e1zar<\/p>\n\n\n\n<p><strong>Lugar y momento del d\u00eda preferido para leer&nbsp;<\/strong><\/p>\n\n\n\n<p>Cin: En cualquier lugar y momento que decida, con entusiasmo, entrar a la historia (puede ser desde parada en el subte, hasta sentada frente al mar)<\/p>\n\n\n\n<p>Nacho: por la noche o en la playa de vacaciones<\/p>\n\n\n\n<p><\/p>\n\n\n\n<p><strong>\u00bfY a vos te gusta leer? \u00bfTen\u00e9s alg\u00fan libro favorito? \u00a1Dejanos tus comentarios!<\/strong><\/p>\n","protected":false},"excerpt":{"rendered":"<p>&#8220;El libro es fuerza, valor, es poder, es alimento; es antorcha del pensamiento y manantial del amor&#8221; Rub\u00e9n Dar\u00edo El D\u00eda Mundial del Libro y&hellip;<\/p>\n","protected":false},"author":1,"featured_media":1406,"comment_status":"open","ping_status":"open","sticky":false,"template":"","format":"standard","meta":{"_monsterinsights_skip_tracking":false,"_monsterinsights_sitenote_active":false,"_monsterinsights_sitenote_note":"","_monsterinsights_sitenote_category":0,"footnotes":""},"categories":[4],"tags":[],"class_list":["post-1403","post","type-post","status-publish","format-standard","has-post-thumbnail","hentry","category-articulo"],"_links":{"self":[{"href":"https:\/\/lasilusiones.com.ar\/blog\/wp-json\/wp\/v2\/posts\/1403","targetHints":{"allow":["GET"]}}],"collection":[{"href":"https:\/\/lasilusiones.com.ar\/blog\/wp-json\/wp\/v2\/posts"}],"about":[{"href":"https:\/\/lasilusiones.com.ar\/blog\/wp-json\/wp\/v2\/types\/post"}],"author":[{"embeddable":true,"href":"https:\/\/lasilusiones.com.ar\/blog\/wp-json\/wp\/v2\/users\/1"}],"replies":[{"embeddable":true,"href":"https:\/\/lasilusiones.com.ar\/blog\/wp-json\/wp\/v2\/comments?post=1403"}],"version-history":[{"count":0,"href":"https:\/\/lasilusiones.com.ar\/blog\/wp-json\/wp\/v2\/posts\/1403\/revisions"}],"wp:featuredmedia":[{"embeddable":true,"href":"https:\/\/lasilusiones.com.ar\/blog\/wp-json\/"}],"wp:attachment":[{"href":"https:\/\/lasilusiones.com.ar\/blog\/wp-json\/wp\/v2\/media?parent=1403"}],"wp:term":[{"taxonomy":"category","embeddable":true,"href":"https:\/\/lasilusiones.com.ar\/blog\/wp-json\/wp\/v2\/categories?post=1403"},{"taxonomy":"post_tag","embeddable":true,"href":"https:\/\/lasilusiones.com.ar\/blog\/wp-json\/wp\/v2\/tags?post=1403"}],"curies":[{"name":"wp","href":"https:\/\/api.w.org\/{rel}","templated":true}]}}