{"id":1438,"date":"2022-04-29T10:22:59","date_gmt":"2022-04-29T13:22:59","guid":{"rendered":"https:\/\/www.lasilusiones.com.ar\/blog\/?p=1438"},"modified":"2022-04-29T10:22:59","modified_gmt":"2022-04-29T13:22:59","slug":"29-de-abril-dia-internacional-de-la-danza","status":"publish","type":"post","link":"https:\/\/lasilusiones.com.ar\/blog\/29-de-abril-dia-internacional-de-la-danza\/","title":{"rendered":"29 de abril: D\u00eda Internacional de la Danza"},"content":{"rendered":"\n<p><\/p>\n\n\n\n<div class=\"wp-block-media-text alignwide has-media-on-the-right is-stacked-on-mobile\" style=\"grid-template-columns:auto 23%\"><figure class=\"wp-block-media-text__media\"><img decoding=\"async\" src=\"https:\/\/www.lasilusiones.com.ar\/blog\/wp-content\/uploads\/2022\/04\/danza-1.png\" alt=\"\" class=\"wp-image-1440 size-full\"\/><\/figure><div class=\"wp-block-media-text__content\">\n<p><strong>El D\u00eda Internacional de la Danza se celebra todos los a\u00f1os el 29 de abril y fue establecido por el Comit\u00e9 de Danza del Instituto Internacional del Teatro de la Unesco en 1982.<\/strong><\/p>\n\n\n\n<p>Fue instituido en homenaje a <strong>Jean Georges Noverre<\/strong>,&nbsp; bailar\u00edn y core\u00f3grafo franc\u00e9s nacido el 29 de abril de 1727. A los 16 a\u00f1os se present\u00f3 por primera vez en el Teatro de l\u2019Opera Comique de Paris y se lo considera el padre del ballet moderno. Noverre plante\u00f3 que la danza es un arte de expresi\u00f3n, con la misi\u00f3n esencial de traducir por s\u00ed misma ideas y emociones humanas;<\/p>\n<\/div><\/div>\n\n\n\n<p>Este d\u00eda tiene el fin de atraer la atenci\u00f3n sobre el arte de la danza y<strong> <\/strong>es una buena excusa para reunir a todos los g\u00e9neros para celebrar esta manifestaci\u00f3n art\u00edstica y su universalidad, que derriba barreras y une al mundo. Cl\u00e1sica, moderna, urbana o popular, la danza es conocida como el <em>&#8220;<strong>lenguaje del cuerpo<\/strong>&#8220;<\/em>, siendo una expresi\u00f3n de emociones que comunica sentimientos a trav\u00e9s de los movimientos.<\/p>\n\n\n\n<p>Como siempre, nos gusta compartir experiencias, sentimientos y reflexiones de los miembros de Las Ilusiones. Por eso, hablamos con <strong>Paula Calzia<\/strong> y<strong> Julieta Segade<\/strong>, referentes de danza de Lan\u00fas y Ballester, respectivamente.<\/p>\n\n\n\n<p><\/p>\n\n\n\n<p style=\"font-size:18px\"><strong>Paula Calzia<\/strong><\/p>\n\n\n\n<div class=\"wp-block-media-text alignwide is-stacked-on-mobile\" style=\"grid-template-columns:38% auto\"><figure class=\"wp-block-media-text__media\"><img decoding=\"async\" src=\"https:\/\/www.lasilusiones.com.ar\/blog\/wp-content\/uploads\/2022\/04\/WhatsApp-Image-2022-04-28-at-3.06.34-PM.jpeg\" alt=\"\" class=\"wp-image-1435 size-full\"\/><\/figure><div class=\"wp-block-media-text__content\">\n<p><em>&#8220;Mi v\u00ednculo con la danza es desde mi infancia, crec\u00ed rodeada de m\u00fasica y baile, he sido la t\u00edpica ni\u00f1a que improvisaba bailes en las sobremesas familiares para recibir aplausos y felicitaciones. De tanto insistir logr\u00e9 que me inscribieran en una escuela de danzas y ah\u00ed comenc\u00e9 este maravilloso camino de aprendizaje, que a\u00fan no termina y que me vincula con momentos de extrema felicidad. Cuando bailo me conecto con lo que siento y algo se transforma en m\u00ed y, en esa transformaci\u00f3n, se movilizan emociones, recuerdos, sentimientos, energ\u00eda y dolores. \u00a1Es por esto que sanamos bailando y nos redescubrimos cuando lo hacemos! No puedo imaginar mi vida sin danzar, no ser\u00eda quien soy hoy.<\/em><\/p>\n\n\n\n<p><em>Como referente mi mayor deseo es contagiarles el amor por danzar, que puedan animarse a experimentar con sus cuerpos todas las posibilidades creativas y sensitivas que tengan, que se redescubran en cada movimiento, que lo llenen de emoci\u00f3n y que se sientan libres. Porque bailar te da libertad y en esa libertad descubrimos nuestra pasi\u00f3n&#8221;<\/em>.<\/p>\n\n\n\n<p><\/p>\n<\/div><\/div>\n\n\n\n<p class=\"has-text-align-right\" style=\"font-size:18px\"><strong> Julieta Segade<\/strong><\/p>\n\n\n\n<div class=\"wp-block-media-text alignwide has-media-on-the-right is-stacked-on-mobile\" style=\"grid-template-columns:auto 43%\"><figure class=\"wp-block-media-text__media\"><img decoding=\"async\" src=\"https:\/\/www.lasilusiones.com.ar\/blog\/wp-content\/uploads\/2022\/04\/WhatsApp-Image-2022-04-28-at-3.33.17-PM-1024x682.jpeg\" alt=\"\" class=\"wp-image-1436 size-full\"\/><\/figure><div class=\"wp-block-media-text__content\">\n<p><em>&#8220;La danza lleg\u00f3 a mi cuando era muy chica, no recuerdo bien en qu\u00e9 momento de mi infancia, pero cuando empec\u00e9 a ir a clases supe que<\/em> e<em>ra algo que me iba a acompa\u00f1ar siempre y que no quer\u00eda dejar de hacerlo nunca. Lo que m\u00e1s me gusta de bailar es poder usar la danza como elemento y lenguaje para poder expresar mis sentimientos, emociones, deseos. Me gusta conocerme a trav\u00e9s de ella, no solo conocer mi cuerpo sino tambi\u00e9n conocerme a m\u00ed como persona. Me gusta poder encontrar en esa disciplina un refugio energ\u00e9tico, el cual me inspira y me impulsa constantemente.&nbsp;<\/em><\/p>\n<\/div><\/div>\n\n\n\n<p><em>Mi sue\u00f1o es poder transmitir la danza como yo la veo: como elemento expresivo, como herramienta de conocimiento<\/em> <em>personal, como metamorfosis de los h\u00e1bitos cotidianos. Es hermoso, a trav\u00e9s de las clases, transmitir un poco de todo lo que me pasa con la danza, y que mis alumn@s lo reciban con tanto cari\u00f1o y con tanta responsabilidad.&nbsp;La danza es una forma de conocer el entorno en el que me encuentro, es mi herramienta art\u00edstica con la cual puedo contar historias, sensaciones, pensamientos, y anhelos. Y, hoy en d\u00eda, tambi\u00e9n es mi herramienta de trabajo, el cual disfruto mucho!&nbsp;<\/em><\/p>\n\n\n\n<p><em>Qu\u00e9 es ser referente de Danza para mi: Ser referente de danza para mi es una alegr\u00eda, ya que puedo ver y sentir c\u00f3mo la danza es una herramienta tan clave para la expresi\u00f3n de emociones en los j\u00f3venes de Las Ilusiones. Me maravillo con la calidad de la t\u00e9cnica que tienen, la concentraci\u00f3n y\u00a0 la responsabilidad con la que se toman esta disciplina. \u00a1Ser referente de danza en Las Ilusiones potencia mi capacidad creativa, sobre todo cuando veo a los artistas de la compa\u00f1\u00eda disfrutar tanto de bailar!<\/em>&#8220;<\/p>\n\n\n\n<p><\/p>\n\n\n\n<p><strong>Contanos, en los comentarios: \u00bfte gusta bailar? \u00bfqu\u00e9 ritmo? \u00bfqu\u00e9 es para vos la danza?<\/strong><\/p>\n","protected":false},"excerpt":{"rendered":"<p>El D\u00eda Internacional de la Danza se celebra todos los a\u00f1os el 29 de abril y fue establecido por el Comit\u00e9 de Danza del Instituto&hellip;<\/p>\n","protected":false},"author":1,"featured_media":1437,"comment_status":"open","ping_status":"open","sticky":false,"template":"","format":"standard","meta":{"_monsterinsights_skip_tracking":false,"_monsterinsights_sitenote_active":false,"_monsterinsights_sitenote_note":"","_monsterinsights_sitenote_category":0,"footnotes":""},"categories":[4],"tags":[],"class_list":["post-1438","post","type-post","status-publish","format-standard","has-post-thumbnail","hentry","category-articulo"],"_links":{"self":[{"href":"https:\/\/lasilusiones.com.ar\/blog\/wp-json\/wp\/v2\/posts\/1438","targetHints":{"allow":["GET"]}}],"collection":[{"href":"https:\/\/lasilusiones.com.ar\/blog\/wp-json\/wp\/v2\/posts"}],"about":[{"href":"https:\/\/lasilusiones.com.ar\/blog\/wp-json\/wp\/v2\/types\/post"}],"author":[{"embeddable":true,"href":"https:\/\/lasilusiones.com.ar\/blog\/wp-json\/wp\/v2\/users\/1"}],"replies":[{"embeddable":true,"href":"https:\/\/lasilusiones.com.ar\/blog\/wp-json\/wp\/v2\/comments?post=1438"}],"version-history":[{"count":0,"href":"https:\/\/lasilusiones.com.ar\/blog\/wp-json\/wp\/v2\/posts\/1438\/revisions"}],"wp:featuredmedia":[{"embeddable":true,"href":"https:\/\/lasilusiones.com.ar\/blog\/wp-json\/"}],"wp:attachment":[{"href":"https:\/\/lasilusiones.com.ar\/blog\/wp-json\/wp\/v2\/media?parent=1438"}],"wp:term":[{"taxonomy":"category","embeddable":true,"href":"https:\/\/lasilusiones.com.ar\/blog\/wp-json\/wp\/v2\/categories?post=1438"},{"taxonomy":"post_tag","embeddable":true,"href":"https:\/\/lasilusiones.com.ar\/blog\/wp-json\/wp\/v2\/tags?post=1438"}],"curies":[{"name":"wp","href":"https:\/\/api.w.org\/{rel}","templated":true}]}}