{"id":1447,"date":"2022-05-03T14:18:58","date_gmt":"2022-05-03T17:18:58","guid":{"rendered":"https:\/\/www.lasilusiones.com.ar\/blog\/?p=1447"},"modified":"2022-05-03T14:18:58","modified_gmt":"2022-05-03T17:18:58","slug":"los-bonette-no-para-de-crecer","status":"publish","type":"post","link":"https:\/\/lasilusiones.com.ar\/blog\/los-bonette-no-para-de-crecer\/","title":{"rendered":"Los Bonette no paran de crecer"},"content":{"rendered":"\n<p>La banda Los Bonette nace en el 2018 y desde ese momento no para de crecer y de cumplir los sue\u00f1os de cada uno de sus miembros, que disfrutan el brillante presente y ans\u00edan todo lo que viene a futuro.<\/p>\n\n\n\n<p>En 2021 se present\u00f3 el proyect\u00f3 al Fondo Nacional de las Artes y se gan\u00f3 una de las Becas de Creaci\u00f3n que permiti\u00f3 la grabaci\u00f3n de los sencillos y la filmaci\u00f3n de los videos. A partir de ah\u00ed, un torbellino de experiencias y momentos que incrementan la visibilidad y profesionalizaci\u00f3n de la banda.&nbsp;<\/p>\n\n\n\n<p>Este 2022 sum\u00f3 estrenos, shows y proyectos: El mes de marzo, en el marco de las acciones por el D\u00eda Internacional del S\u00edndrome de Down, se estren\u00f3 el v\u00eddeo de \u201c<a href=\"https:\/\/www.youtube.com\/watch?v=-m9Thm0YK5k&amp;list=PLYoIZbvWmb6i3F7oljSvhIQW4ciI_wjrx&amp;index=9\">Un ladrillo m\u00e1s<\/a>\u201d, estuvieron en Col\u00f3n con show en vivo y tambi\u00e9n en un bar de Capital Federal. La \u00faltima presentaci\u00f3n fue en los Colegios Santa y San Joaqu\u00edn de Belgrano. All\u00ed acompa\u00f1aron al equipo del documental \u201cSer mujer\u201d, que fue presentado a los alumnos e incluy\u00f3 una charla debate y finaliz\u00f3 con el show de la banda.<\/p>\n\n\n\n<p>Gabo, voz, guitarra y director musical de la banda, nos cont\u00f3 c\u00f3mo se vivieron todos estos meses. <\/p>\n\n\n\n<div class=\"wp-block-media-text alignwide is-stacked-on-mobile\" style=\"grid-template-columns:34% auto\"><figure class=\"wp-block-media-text__media\"><img decoding=\"async\" src=\"https:\/\/www.lasilusiones.com.ar\/blog\/wp-content\/uploads\/2022\/05\/Screenshot_20220503-104127_Instagram.jpg\" alt=\"\" class=\"wp-image-1449 size-full\"\/><\/figure><div class=\"wp-block-media-text__content\">\n<p class=\"has-regular-font-size\"><em>\u201cFue una movida muy grosa la que se vivi\u00f3 con la grabaci\u00f3n de los temas y los videoclips. Primero fue \u201cSomos Los Bonette\u201d como un sencillo y despu\u00e9s, con el dinero del Fondo, pudimos financiar los cuatro videoclips y las grabaciones de las tres siguientes canciones, en versi\u00f3n ac\u00fastica: \u201cSomos\u201d (himno de Las Ilusiones), \u201cChechu run run\u201d y \u201cUn ladrillo m\u00e1s\u201d. Nunca imaginamos que \u00edbamos a tener esta posibilidad. Cuando comenzamos a filmar los videos, no ten\u00edamos a\u00fan las canciones de estudio listas, asi que fue un gran trabajo lograr que quedara todo bien compaginado. En una semana filmamos cuatro videoclips. La \u00faltima canci\u00f3n que grabamos fue \u201cUn ladrillo m\u00e1s\u201d y fue la que m\u00e1s tiempo nos llev\u00f3, por la instrumentaci\u00f3n y las voces de cada uno<\/em>. <em>Fue una experiencia muy muy bonita. Adem\u00e1s, algo muy importante, fue el mensaje que quisimos transmitir con un ladrillo que, considero, qued\u00f3 muy bien expresado en el videoclip. Y, sobre todo, el momento del estreno fue muy simb\u00f3lico (D\u00eda Internacional del S\u00edndrome de Down). Tambi\u00e9n estamos muy contentos de c\u00f3mo se vienen escuchando las canciones de Los Bonette y queremos expandirnos a otro p\u00fablico que no sea solamente el de Las Ilusiones, como para poder tener mucho m\u00e1s conciertos y m\u00e1s fechas\u201d, <\/em>nos cont\u00f3 Gabo muy feliz.<em>&nbsp;<\/em><\/p>\n<\/div><\/div>\n\n\n\n<p><em>\u201cEstamos trabajando en las nuevas puestas para este a\u00f1o y nos gustar\u00eda la idea de poder volver a estudio grabar m\u00e1s canciones y tambi\u00e9n estamos viendo la posibilidad de subir las canciones a Spotify. Desde mi visi\u00f3n de artista veo que el trabajo con la banda ha evolucionado de una forma inmensa en el \u00faltimo a\u00f1o. Estamos en un lugar que no nos imagin\u00e1bamos hace un a\u00f1o, definitivamente. Esperamos poder seguir cruzando fronteras.&#8221;<\/em><\/p>\n\n\n\n<p>&#8220;<em>En Col\u00f3n nos conocieron a trav\u00e9s de Las Ilusiones, ya que se han presentado obras y les encant\u00f3 nuestra propuesta. Es la segunda vez que tocamos all\u00e1 y volvimos con una propuesta diferente, mucho m\u00e1s s\u00f3lida en lo instrumental, con repertorio nuevo y fue todo un \u00e9xito\u201d<\/em>, agreg\u00f3 entusiasmado.<\/p>\n\n\n\n<figure class=\"wp-block-gallery has-nested-images columns-default is-cropped wp-block-gallery-1 is-layout-flex wp-block-gallery-is-layout-flex\">\n<figure class=\"wp-block-image size-large\"><img decoding=\"async\" data-id=\"1453\" src=\"https:\/\/www.lasilusiones.com.ar\/blog\/wp-content\/uploads\/2022\/05\/WhatsApp-Image-2022-05-01-at-12.31.02-AM-1.jpeg\" alt=\"\" class=\"wp-image-1453\"\/><\/figure>\n\n\n\n<figure class=\"wp-block-image size-large\"><img decoding=\"async\" data-id=\"1454\" src=\"https:\/\/www.lasilusiones.com.ar\/blog\/wp-content\/uploads\/2022\/05\/WhatsApp-Image-2022-05-01-at-12.31.02-AM-2.jpeg\" alt=\"\" class=\"wp-image-1454\"\/><\/figure>\n\n\n\n<figure class=\"wp-block-image size-large\"><img decoding=\"async\" data-id=\"1452\" src=\"https:\/\/www.lasilusiones.com.ar\/blog\/wp-content\/uploads\/2022\/05\/WhatsApp-Image-2022-05-01-at-12.31.02-AM.jpeg\" alt=\"\" class=\"wp-image-1452\"\/><\/figure>\n<\/figure>\n\n\n\n<div class=\"wp-block-media-text alignwide has-media-on-the-right is-stacked-on-mobile\" style=\"grid-template-columns:auto 26%\"><figure class=\"wp-block-media-text__media\"><img decoding=\"async\" src=\"https:\/\/www.lasilusiones.com.ar\/blog\/wp-content\/uploads\/2022\/04\/juani.png\" alt=\"\" class=\"wp-image-1443 size-full\"\/><\/figure><div class=\"wp-block-media-text__content\">\n<p class=\"has-regular-font-size\">Tambi\u00e9n hablamos con Juani, baterista de la banda. Desde chico quer\u00eda ser m\u00fasico <em>\u201cle dije a mi mam\u00e1 que quer\u00eda hacer m\u00fasica y empec\u00e9 a tocar la bater\u00eda y adem\u00e1s tengo dos guitarras en casa\u201d, <\/em>cont\u00f3. Toca desde el 2014 y estudia canto con Luc\u00eda (otra de las voces de la banda). Empez\u00f3 haciendo comedia musical en Las Ilusiones, pero no le gustaba mucho y dej\u00f3. Al a\u00f1o lo llam\u00f3 Nacho y le dijo que estaba armando Los Bonette y que lo quer\u00edan como baterista y ah\u00ed se sum\u00f3. <em>\u201cMe gust\u00f3 mucho el viaje a Col\u00f3n y los videos que filmamos en Palermo, me encant\u00f3, me sent\u00eda famoso\u201d,<\/em> nos cont\u00f3 Juani.<\/p>\n<\/div><\/div>\n\n\n\n<p>Este proyecto, que cada d\u00eda crece y se expande m\u00e1s, muestra la inmensa posibilidad que tenemos cuando nos incluimos y nos miramos desde la potencialidad de cada uno, si adem\u00e1s, le sumamos arte.<\/p>\n\n\n\n<p><br>\u00bfYa conoc\u00e9s a nuestra banda? \u00bfCu\u00e1l es tu tema favorito? \u00a1Contanos! Aprovech\u00e1 y mir\u00e1 todos los videos y no te pierdas ninguna novedad, segu\u00ed a la banda en su <a href=\"https:\/\/instagram.com\/losbonette?igshid=YmMyMTA2M2Y=\">Instagram<\/a>.<\/p>\n\n\n\n<p>Escuch\u00e1 esta nota haciendo click aqu\u00ed abajo<\/p>\n\n\n\n<figure class=\"wp-block-audio\"><audio controls src=\"https:\/\/www.lasilusiones.com.ar\/blog\/wp-content\/uploads\/2022\/05\/WhatsApp-Audio-2022-05-12-at-11.39.39-AM.mp3\"><\/audio><\/figure>\n","protected":false},"excerpt":{"rendered":"<p>La banda Los Bonette nace en el 2018 y desde ese momento no para de crecer y de cumplir los sue\u00f1os de cada uno de&hellip;<\/p>\n","protected":false},"author":1,"featured_media":1444,"comment_status":"open","ping_status":"open","sticky":false,"template":"","format":"standard","meta":{"_monsterinsights_skip_tracking":false,"_monsterinsights_sitenote_active":false,"_monsterinsights_sitenote_note":"","_monsterinsights_sitenote_category":0,"footnotes":""},"categories":[4],"tags":[],"class_list":["post-1447","post","type-post","status-publish","format-standard","has-post-thumbnail","hentry","category-articulo"],"_links":{"self":[{"href":"https:\/\/lasilusiones.com.ar\/blog\/wp-json\/wp\/v2\/posts\/1447","targetHints":{"allow":["GET"]}}],"collection":[{"href":"https:\/\/lasilusiones.com.ar\/blog\/wp-json\/wp\/v2\/posts"}],"about":[{"href":"https:\/\/lasilusiones.com.ar\/blog\/wp-json\/wp\/v2\/types\/post"}],"author":[{"embeddable":true,"href":"https:\/\/lasilusiones.com.ar\/blog\/wp-json\/wp\/v2\/users\/1"}],"replies":[{"embeddable":true,"href":"https:\/\/lasilusiones.com.ar\/blog\/wp-json\/wp\/v2\/comments?post=1447"}],"version-history":[{"count":0,"href":"https:\/\/lasilusiones.com.ar\/blog\/wp-json\/wp\/v2\/posts\/1447\/revisions"}],"wp:featuredmedia":[{"embeddable":true,"href":"https:\/\/lasilusiones.com.ar\/blog\/wp-json\/"}],"wp:attachment":[{"href":"https:\/\/lasilusiones.com.ar\/blog\/wp-json\/wp\/v2\/media?parent=1447"}],"wp:term":[{"taxonomy":"category","embeddable":true,"href":"https:\/\/lasilusiones.com.ar\/blog\/wp-json\/wp\/v2\/categories?post=1447"},{"taxonomy":"post_tag","embeddable":true,"href":"https:\/\/lasilusiones.com.ar\/blog\/wp-json\/wp\/v2\/tags?post=1447"}],"curies":[{"name":"wp","href":"https:\/\/api.w.org\/{rel}","templated":true}]}}