{"id":1475,"date":"2022-05-11T12:04:08","date_gmt":"2022-05-11T15:04:08","guid":{"rendered":"https:\/\/www.lasilusiones.com.ar\/blog\/?p=1475"},"modified":"2022-05-11T12:04:08","modified_gmt":"2022-05-11T15:04:08","slug":"conociendo-a-los-artistas","status":"publish","type":"post","link":"https:\/\/lasilusiones.com.ar\/blog\/conociendo-a-los-artistas\/","title":{"rendered":"Conociendo a los artistas"},"content":{"rendered":"\n<p><\/p>\n\n\n\n<p>Este a\u00f1o abrimos una nueva secci\u00f3n en nuestro <a href=\"https:\/\/instagram.com\/lasilusiones?igshid=YmMyMTA2M2Y=\" data-type=\"URL\" data-id=\"https:\/\/instagram.com\/lasilusiones?igshid=YmMyMTA2M2Y=\">Instagram <\/a>\u201cConociendo a los artistas\u201d con el objetivo de que nos conozcamos m\u00e1s como comunidad, fuera de lo art\u00edstico. Y adem\u00e1s, para que sea un disparador de ideas sobre todo lo que podemos hacer si nos lo proponemos, luchamos por ello y si tenemos una red de contenci\u00f3n que nos apoya y conf\u00eda en nosotros. Una red que nos impulsa a superar desaf\u00edos, barreras e ir por nuestros sue\u00f1os.<\/p>\n\n\n\n<p>Les compartimos un compilado de las historias de abril.<\/p>\n\n\n\n<p style=\"font-size:20px\"><strong>Marce, artista de la sede Ballester<\/strong><\/p>\n\n\n\n<p>Tiene 30 a\u00f1os y estudi\u00f3 en la Escuela de Educaci\u00f3n Especial Jacarand\u00e1, de Jos\u00e9 Le\u00f3n Suarez. Su historia de \u00e9xitos comenz\u00f3 cuando ten\u00eda 6 a\u00f1os. Las docentes de Marcela, le sugirieron a Daniel y Delia, sus pap\u00e1s que practique alg\u00fan deporte para favorecer la integraci\u00f3n y estimular su desarrollo.<\/p>\n\n\n\n<p>Eligieron pat\u00edn art\u00edstico, deporte que hac\u00eda su hermana mayor, en el Club Da Vinci. <em>\u201cFue tal el entusiasmo, que sum\u00f3 m\u00e1s d\u00edas de pr\u00e1ctica en otro club. Con tanto entrenamiento, su t\u00e9cnica mejor\u00f3 tanto que a los 8 a\u00f1os obtuvo su primer trofeo y a los 11, el primer puesto en el Torneo Nacional, en San Juan. A partir de all\u00ed, no dej\u00f3 de cosechar triunfos y hoy sigue entrenando<\/em>\u201d, cont\u00f3 Daniel. Con su arte y destreza viaj\u00f3 por varias provincias de Argentina y en 2019 particip\u00f3 en Brasil del torneo Sudamericano, obteniendo el segundo puesto.<\/p>\n\n\n\n<p>\u201c<em>Marce adem\u00e1s practica danza y zumba, as\u00ed que tenemos la semana completa, rodeada de amigos y afectos que se alegran con sus alegr\u00edas. Como familia siempre la acompa\u00f1amos en su marcha. Y ella se destaca por su compromiso, ansias de superaci\u00f3n, su creatividad, generosidad y destreza<\/em>\u201d.<\/p>\n\n\n\n<figure class=\"wp-block-gallery has-nested-images columns-default is-cropped wp-block-gallery-1 is-layout-flex wp-block-gallery-is-layout-flex\">\n<figure class=\"wp-block-image size-large\"><img decoding=\"async\" data-id=\"1472\" src=\"https:\/\/www.lasilusiones.com.ar\/blog\/wp-content\/uploads\/2022\/05\/WhatsApp-Image-2022-04-11-at-8.49.02-PM.jpeg\" alt=\"\" class=\"wp-image-1472\"\/><figcaption>Mundial 2003 en el Luna Park<\/figcaption><\/figure>\n\n\n\n<figure class=\"wp-block-image size-large\"><img decoding=\"async\" data-id=\"1473\" src=\"https:\/\/www.lasilusiones.com.ar\/blog\/wp-content\/uploads\/2022\/05\/WhatsApp-Image-2022-04-11-at-7.30.38-PM-1.jpeg\" alt=\"\" class=\"wp-image-1473\"\/><figcaption>Primer puesto<\/figcaption><\/figure>\n\n\n\n<figure class=\"wp-block-image size-large\"><img decoding=\"async\" data-id=\"1474\" src=\"https:\/\/www.lasilusiones.com.ar\/blog\/wp-content\/uploads\/2022\/05\/WhatsApp-Image-2022-04-11-at-7.30.38-PM.jpeg\" alt=\"\" class=\"wp-image-1474\"\/><figcaption>Copa en San Luis<\/figcaption><\/figure>\n<\/figure>\n\n\n\n<p><\/p>\n\n\n\n<p style=\"font-size:20px\"><strong>Romi Ocampo, artista de la sede Lan\u00fas<\/strong><\/p>\n\n\n\n<p>Hace teatro y teatro musical. En verano se fue a Mar del Plata con TAO y ahora se prepara para ir a C\u00f3rdoba. Es docente de nivel inicial desde hace 13 a\u00f1os en la Fundaci\u00f3n Pupi.<\/p>\n\n\n\n<div class=\"wp-block-media-text alignwide is-stacked-on-mobile\" style=\"grid-template-columns:24% auto\"><figure class=\"wp-block-media-text__media\"><img decoding=\"async\" src=\"https:\/\/www.lasilusiones.com.ar\/blog\/wp-content\/uploads\/2022\/05\/WhatsApp-Image-2022-05-11-at-3.58.53-PM-454x1024.jpeg\" alt=\"\" class=\"wp-image-1483 size-full\"\/><\/figure><div class=\"wp-block-media-text__content\">\n<p class=\"has-regular-font-size\"><em>\u201cEstudi\u00e9 en Avellaneda y trabaj\u00e9 en varios lados. Amo a los chicos por eso soy docente. Estaba entre ser pediatra o docente porque siempre me gustaron los chicos, ten\u00eda pocos amigos de chica pero eran como hermanos. Ser maestra jardinera me cost\u00f3 much\u00edsimo porque con la discapacidad auditiva que tengo me dec\u00edan que no iba a poder ser nada.<\/em> <em>Pero la luch\u00e9 y lo logr\u00e9. Ahora muchos grandes me dicen que soy un ejemplo. A los chicos les ense\u00f1o de todo, cantamos, bailamos, jugamos y aprenden t\u00e9cnicas, colores; tengo salita de 3 a\u00f1os y lo que m\u00e1s necesitan es contenci\u00f3n porque son chicos de zonas vulnerables.&#8221;<\/em><\/p>\n\n\n\n<p>Hace 6 a\u00f1os que est\u00e1 en Las Ilusiones, cuando una amiga la llev\u00f3 a ver una obra <em>&#8220;y qued\u00e9 enamorada. Fui a una clase a Lan\u00fas, a probar, y empec\u00e9 en teatro musical y al otro a\u00f1o empec\u00e9 teatro. Fue un cambio grande, ah\u00ed sent\u00ed que todo se pod\u00eda, que no ten\u00eda que quejarme tanto, porque verlos actuar y hacer las cosas era hermoso, me emocionaba y el cari\u00f1o, obviamente, era algo sin palabras. Siempre lo digo: haber entrado a Las Ilusiones fue algo muy groso, me siento en otro mundo cuando voy, me sacan de todo en ese tiempo de clase&#8221;, <\/em>nos cont\u00f3.<\/p>\n<\/div><\/div>\n\n\n\n<p><\/p>\n\n\n\n<p style=\"font-size:20px\"><strong>Rosario, artista de la sede Olivos<\/strong><\/p>\n\n\n\n<p>Actualmente, asiste a danza y teatro musical, pero tiene una pasi\u00f3n: la pintura. \u201c<em>Pinto desde los 20 a\u00f1os y aprend\u00ed a pintar sobre tela con pintura acr\u00edlica en Bellas Artes, soy artista pl\u00e1stica. Admiro a Leonardo Da Vinci y a Miguel \u00c1ngel. Me gusta mucho pintar paisajes y mi sue\u00f1o a futuro es poder seguir aprendiendo otras t\u00e9cnicas y, obviamente, tener \u00e9xito con la venta de los cuadros. Tengo una p\u00e1gina en Facebook \u00b4Rosario y sus cuadros\u00b4 y vendo por encargo. As\u00ed que lo que empez\u00f3 como un hobby quiz\u00e1s se convierta en una salida laboral. Los invito a que vean mis cuadros, porque cada cuadro que pinto tiene un pedacito de mi alma. Los expuse en la Universidad San Andr\u00e9s, en Bah\u00eda Blanca (donde tambi\u00e9n me hicieron una nota en la tele de ah\u00ed), en el Hip\u00f3dromo de San Isidro y en el Espacio Cultural Carlos Gardel de Capital Federal<\/em>\u201d. <\/p>\n\n\n\n<p>En pandemia, adem\u00e1s comenz\u00f3 con otro emprendimiento, tambi\u00e9n relacionado con la creatividad: teje. Y como le gusta mucho escribir y tiene facilidad para eso, empez\u00f3 a escribir su biograf\u00eda.<\/p>\n\n\n\n<figure class=\"wp-block-gallery has-nested-images columns-default is-cropped wp-block-gallery-2 is-layout-flex wp-block-gallery-is-layout-flex\">\n<figure class=\"wp-block-image size-large\"><img decoding=\"async\" data-id=\"1477\" src=\"https:\/\/www.lasilusiones.com.ar\/blog\/wp-content\/uploads\/2022\/05\/WhatsApp-Image-2022-05-11-at-11.45.28-AM-909x1024.jpeg\" alt=\"\" class=\"wp-image-1477\"\/><figcaption>Pint\u00f3 las magnolias de su jard\u00edn<\/figcaption><\/figure>\n\n\n\n<figure class=\"wp-block-image size-large\"><img decoding=\"async\" data-id=\"1476\" src=\"https:\/\/www.lasilusiones.com.ar\/blog\/wp-content\/uploads\/2022\/05\/WhatsApp-Image-2022-05-11-at-11.45.27-AM-1024x605.jpeg\" alt=\"\" class=\"wp-image-1476\"\/><figcaption>Escribiendo sus memorias<\/figcaption><\/figure>\n\n\n\n<figure class=\"wp-block-image size-large\"><img decoding=\"async\" data-id=\"1478\" src=\"https:\/\/www.lasilusiones.com.ar\/blog\/wp-content\/uploads\/2022\/05\/WhatsApp-Image-2022-05-11-at-11.45.29-AM-1024x764.jpeg\" alt=\"\" class=\"wp-image-1478\"\/><figcaption>&#8220;Regalo de Dios&#8221;, acr\u00edlico<\/figcaption><\/figure>\n<\/figure>\n\n\n\n<p><\/p>\n\n\n\n<p style=\"font-size:20px\"><strong>Romi Bonano, artista de la sede Lan\u00fas<\/strong><\/p>\n\n\n\n<p>Asiste a teatro musical desde hace 10 a\u00f1os. Quisimos compartir su historia porque Romi vive sola. Charlamos con ella y con Marta, su t\u00eda que vive a 7 cuadras, que la acompa\u00f1a en algunas actividades.<\/p>\n\n\n\n<p>Marta nos cont\u00f3 que todas las ma\u00f1anas llama a Romi a las 6.30 que, mientras desayuna, mira la tele y espera la combi que la lleva al centro de d\u00eda. A la tarde meriendan juntas y Marta le deja la cena y la ropa para el d\u00eda siguiente. \u201c<em>Me siento feliz en mi casa, escucho m\u00fasica, limpio, miro novelitas de cuando era chica, practico las canciones de teatro musical. A la ma\u00f1ana me levanto, tomo unos mates y miro el noticiero, el clima (algunas noticias son feas), hasta que viene la combi. En el centro de d\u00eda, tengo muchos compa\u00f1eros, hacemos manualidades y tenemos un grupo de terapia donde nos podemos expresar<\/em>&#8220;, cont\u00f3 emocionada Romi.<\/p>\n\n\n\n<p>Hoy tanto Romi como Marta disfrutan de la independencia que logr\u00f3 tener. \u201c<em>Ella quer\u00eda vivir sola en la casa de su infancia, donde vivi\u00f3 siempre con sus pap\u00e1s. Como familia tuvimos que superar miedos, pens\u00e1bamos que quiz\u00e1s no iba a poder. Nosotros ten\u00edamos miedo, pero ella siempre supo lo que quer\u00eda<\/em>\u201d, reflexion\u00f3 Marta.<\/p>\n\n\n\n<figure class=\"wp-block-gallery has-nested-images columns-default is-cropped wp-block-gallery-3 is-layout-flex wp-block-gallery-is-layout-flex\">\n<figure class=\"wp-block-image size-large\"><img decoding=\"async\" data-id=\"1471\" src=\"https:\/\/www.lasilusiones.com.ar\/blog\/wp-content\/uploads\/2022\/05\/WhatsApp-Image-2022-04-27-at-6.36.24-PM.jpeg\" alt=\"\" class=\"wp-image-1471\"\/><figcaption>Romi<\/figcaption><\/figure>\n\n\n\n<figure class=\"wp-block-image size-large\"><img decoding=\"async\" data-id=\"1470\" src=\"https:\/\/www.lasilusiones.com.ar\/blog\/wp-content\/uploads\/2022\/05\/WhatsApp-Image-2022-04-27-at-6.21.32-PM.jpeg\" alt=\"\" class=\"wp-image-1470\"\/><figcaption>Festejando su cumple en su casa<\/figcaption><\/figure>\n\n\n\n<figure class=\"wp-block-image size-large\"><img decoding=\"async\" data-id=\"1469\" src=\"https:\/\/www.lasilusiones.com.ar\/blog\/wp-content\/uploads\/2022\/05\/WhatsApp-Image-2022-04-27-at-6.35.59-PM.jpeg\" alt=\"\" class=\"wp-image-1469\"\/><figcaption>En el centro de d\u00eda<\/figcaption><\/figure>\n<\/figure>\n\n\n\n<p><\/p>\n\n\n\n<p>Escuch\u00e1 la nota en este link:<\/p>\n\n\n\n<figure class=\"wp-block-audio\"><audio controls src=\"https:\/\/www.lasilusiones.com.ar\/blog\/wp-content\/uploads\/2022\/05\/WhatsApp-Audio-2022-05-18-at-9.17.50-PM.mp3\"><\/audio><\/figure>\n\n\n\n<p>Esperamos que hayan disfrutado de estas historias y sirvan de inspiraci\u00f3n. \u00a1Dejanos tu comentario!<\/p>\n\n\n\n<p><\/p>\n","protected":false},"excerpt":{"rendered":"<p>Este a\u00f1o abrimos una nueva secci\u00f3n en nuestro Instagram \u201cConociendo a los artistas\u201d con el objetivo de que nos conozcamos m\u00e1s como comunidad, fuera de&hellip;<\/p>\n","protected":false},"author":1,"featured_media":1480,"comment_status":"open","ping_status":"open","sticky":false,"template":"","format":"standard","meta":{"_monsterinsights_skip_tracking":false,"_monsterinsights_sitenote_active":false,"_monsterinsights_sitenote_note":"","_monsterinsights_sitenote_category":0,"footnotes":""},"categories":[4],"tags":[],"class_list":["post-1475","post","type-post","status-publish","format-standard","has-post-thumbnail","hentry","category-articulo"],"_links":{"self":[{"href":"https:\/\/lasilusiones.com.ar\/blog\/wp-json\/wp\/v2\/posts\/1475","targetHints":{"allow":["GET"]}}],"collection":[{"href":"https:\/\/lasilusiones.com.ar\/blog\/wp-json\/wp\/v2\/posts"}],"about":[{"href":"https:\/\/lasilusiones.com.ar\/blog\/wp-json\/wp\/v2\/types\/post"}],"author":[{"embeddable":true,"href":"https:\/\/lasilusiones.com.ar\/blog\/wp-json\/wp\/v2\/users\/1"}],"replies":[{"embeddable":true,"href":"https:\/\/lasilusiones.com.ar\/blog\/wp-json\/wp\/v2\/comments?post=1475"}],"version-history":[{"count":0,"href":"https:\/\/lasilusiones.com.ar\/blog\/wp-json\/wp\/v2\/posts\/1475\/revisions"}],"wp:featuredmedia":[{"embeddable":true,"href":"https:\/\/lasilusiones.com.ar\/blog\/wp-json\/"}],"wp:attachment":[{"href":"https:\/\/lasilusiones.com.ar\/blog\/wp-json\/wp\/v2\/media?parent=1475"}],"wp:term":[{"taxonomy":"category","embeddable":true,"href":"https:\/\/lasilusiones.com.ar\/blog\/wp-json\/wp\/v2\/categories?post=1475"},{"taxonomy":"post_tag","embeddable":true,"href":"https:\/\/lasilusiones.com.ar\/blog\/wp-json\/wp\/v2\/tags?post=1475"}],"curies":[{"name":"wp","href":"https:\/\/api.w.org\/{rel}","templated":true}]}}