{"id":1503,"date":"2022-05-31T14:36:40","date_gmt":"2022-05-31T17:36:40","guid":{"rendered":"https:\/\/www.lasilusiones.com.ar\/blog\/?p=1503"},"modified":"2022-05-31T14:36:40","modified_gmt":"2022-05-31T17:36:40","slug":"30-de-mayo-dia-internacional-del-sindrome-prader-willi","status":"publish","type":"post","link":"https:\/\/lasilusiones.com.ar\/blog\/30-de-mayo-dia-internacional-del-sindrome-prader-willi\/","title":{"rendered":"30 de mayo: D\u00eda\u00a0Internacional del S\u00edndrome\u00a0Prader Willi"},"content":{"rendered":"\n<p><\/p>\n\n\n\n<p>Este d\u00eda se conmemora con la finalidad de dar a conocer sobre este s\u00edndrome, considerado como enfermedad rara o poco frecuente, originada por un fallo en los genes del cromosoma 15.<\/p>\n\n\n\n<p>En esta oportunidad, les compartimos la producci\u00f3n fotogr\u00e1fica realizada por el Nikon School &#8220;Abriendo puertas&#8221;. Es un grupo de fot\u00f3grafos que todos los a\u00f1os realiza un proyecto de producci\u00f3n de fotos, con distintas tem\u00e1ticas. Laura, mam\u00e1 de una de nuestras artistas pertenece a este grupo y adem\u00e1s forma parte de la asociaci\u00f3n de padres \u201cPrader-Willi argentina\u201d. Por eso, este a\u00f1o, decidieron hacer una campa\u00f1a para difundir la existencia de este s\u00edndrome. Realizaron un listado de todas las caracter\u00edsticas que puede presentar el s\u00edndrome y luego convocaron a distintas personalidades del arte, los medios y del deporte, para fotografiarlos representando cada caracter\u00edstica.<\/p>\n\n\n\n<div data-wp-interactive=\"core\/file\" class=\"wp-block-file\"><object data-wp-bind--hidden=\"!state.hasPdfPreview\" hidden class=\"wp-block-file__embed\" data=\"https:\/\/www.lasilusiones.com.ar\/blog\/wp-content\/uploads\/2022\/05\/Abriendo-Puertas.pdf\" type=\"application\/pdf\" style=\"width:100%;height:600px\" aria-label=\"Incrustado de Incrustado de Abriendo-Puertas..\"><\/object><a id=\"wp-block-file--media-9eab6ab7-130e-4b48-b22b-a90f08562595\" href=\"https:\/\/www.lasilusiones.com.ar\/blog\/wp-content\/uploads\/2022\/05\/Abriendo-Puertas.pdf\">Abriendo-Puertas<\/a><a href=\"https:\/\/www.lasilusiones.com.ar\/blog\/wp-content\/uploads\/2022\/05\/Abriendo-Puertas.pdf\" class=\"wp-block-file__button\" download aria-describedby=\"wp-block-file--media-9eab6ab7-130e-4b48-b22b-a90f08562595\">Descarga<\/a><\/div>\n","protected":false},"excerpt":{"rendered":"<p>Este d\u00eda se conmemora con la finalidad de dar a conocer sobre este s\u00edndrome, considerado como enfermedad rara o poco frecuente, originada por un fallo&hellip;<\/p>\n","protected":false},"author":1,"featured_media":0,"comment_status":"open","ping_status":"open","sticky":false,"template":"","format":"standard","meta":{"_monsterinsights_skip_tracking":false,"_monsterinsights_sitenote_active":false,"_monsterinsights_sitenote_note":"","_monsterinsights_sitenote_category":0,"footnotes":""},"categories":[4],"tags":[],"class_list":["post-1503","post","type-post","status-publish","format-standard","hentry","category-articulo"],"_links":{"self":[{"href":"https:\/\/lasilusiones.com.ar\/blog\/wp-json\/wp\/v2\/posts\/1503","targetHints":{"allow":["GET"]}}],"collection":[{"href":"https:\/\/lasilusiones.com.ar\/blog\/wp-json\/wp\/v2\/posts"}],"about":[{"href":"https:\/\/lasilusiones.com.ar\/blog\/wp-json\/wp\/v2\/types\/post"}],"author":[{"embeddable":true,"href":"https:\/\/lasilusiones.com.ar\/blog\/wp-json\/wp\/v2\/users\/1"}],"replies":[{"embeddable":true,"href":"https:\/\/lasilusiones.com.ar\/blog\/wp-json\/wp\/v2\/comments?post=1503"}],"version-history":[{"count":0,"href":"https:\/\/lasilusiones.com.ar\/blog\/wp-json\/wp\/v2\/posts\/1503\/revisions"}],"wp:attachment":[{"href":"https:\/\/lasilusiones.com.ar\/blog\/wp-json\/wp\/v2\/media?parent=1503"}],"wp:term":[{"taxonomy":"category","embeddable":true,"href":"https:\/\/lasilusiones.com.ar\/blog\/wp-json\/wp\/v2\/categories?post=1503"},{"taxonomy":"post_tag","embeddable":true,"href":"https:\/\/lasilusiones.com.ar\/blog\/wp-json\/wp\/v2\/tags?post=1503"}],"curies":[{"name":"wp","href":"https:\/\/api.w.org\/{rel}","templated":true}]}}