{"id":1519,"date":"2022-06-05T16:06:14","date_gmt":"2022-06-05T19:06:14","guid":{"rendered":"https:\/\/www.lasilusiones.com.ar\/blog\/?p=1519"},"modified":"2022-06-05T16:06:14","modified_gmt":"2022-06-05T19:06:14","slug":"5-de-junio-dia-mundial-del-medio-ambiente","status":"publish","type":"post","link":"https:\/\/lasilusiones.com.ar\/blog\/5-de-junio-dia-mundial-del-medio-ambiente\/","title":{"rendered":"5 de junio: D\u00eda\u00a0Mundial del\u00a0Medio Ambiente"},"content":{"rendered":"\n<p><\/p>\n\n\n\n<p>Es celebrado desde 1973, promovido por las Naciones Unidas, a nivel mundial para la divulgaci\u00f3n&nbsp;ambiental. Cada a\u00f1o lo auspicia un pa\u00eds diferente, y en este 2022 el anfitri\u00f3n y organizador es Suecia. #UnaSolaTierra es la campa\u00f1a de este a\u00f1os y busca concienciar sobre las tres crisis que hoy atraviesa el&nbsp;planeta: el <em>clima<\/em>&nbsp;se calienta a un ritmo demasiado r\u00e1pido para que las personas y la naturaleza se adapten; la&nbsp;<em>p\u00e9rdida de h\u00e1bitat<\/em>&nbsp;y otras presiones sobre la naturaleza que provocaron que aproximadamente 1 mill\u00f3n de especies est\u00e9n en peligro de extinci\u00f3n; y la&nbsp;<em>contaminaci\u00f3n<\/em>&nbsp;contin\u00faa envenenando nuestro aire, tierra y agua.<\/p>\n\n\n\n<p>En nuestra comunidad, varios artistas han completado el Programa de Educaci\u00f3n Ambiental y obtenido el t\u00edtulo Honor\u00edfico de Educador Ambiental, otorgado por Cascos verdes. Es un programa universitario que forma en distintas tem\u00e1ticas ambientales (uso de energ\u00edas, reciclaje, calentamiento global, etc), brinda herramientas de sociabilidad y finaliza con pr\u00e1cticas.<\/p>\n\n\n\n<p>Conversamos con Noelia, Giuliana y Williams, quienes nos dieron algunos consejos y compartieron su preocupaci\u00f3n por lo que pasa en nuestro planeta.<\/p>\n\n\n\n<p><\/p>\n\n\n\n<div class=\"wp-block-media-text alignwide is-stacked-on-mobile\" style=\"grid-template-columns:23% auto\"><figure class=\"wp-block-media-text__media\"><img decoding=\"async\" src=\"https:\/\/www.lasilusiones.com.ar\/blog\/wp-content\/uploads\/2022\/06\/WhatsApp-Image-2022-06-05-at-3.15.09-PM-576x1024.jpeg\" alt=\"\" class=\"wp-image-1521 size-full\"\/><\/figure><div class=\"wp-block-media-text__content\">\n<p><strong>Noelia<\/strong>, es artista de la sede Lan\u00fas, hace teatro, teatro musical y canto, pero adem\u00e1s quiso saber c\u00f3mo cuidar del medio ambiente y por eso se decidi\u00f3 a estudiar. &#8220;<em>Me recib\u00ed y dimos charlas en colegios y en oficinas fue un \u00e9xito. En casa separamos la basura de lo que se puede reciclar: los pl\u00e1sticos, los frascos de vidrio, el telgopor. Recuerdo este dato: \u00a1con 80 latas de gaseosa, se puede hacer una llanta de bicicleta! Tenemos que cuidar el planeta, no ensuciar la playa con cigarrillos y papeles, la gente tiene que buscar un tacho. Me preocupa que est\u00e1 todo sucio, nadie cuida nada. Es muy poca la gente que recicla y entiende que es muy importante hacerlo. Ojal\u00e1 empiecen a hacer las cosas bien porque no hay otra manera ni otro planeta<\/em>&#8220;, nos dijo preocupada.<\/p>\n<\/div><\/div>\n\n\n\n<div class=\"wp-block-media-text alignwide has-media-on-the-right is-stacked-on-mobile\"><figure class=\"wp-block-media-text__media\"><img decoding=\"async\" src=\"https:\/\/www.lasilusiones.com.ar\/blog\/wp-content\/uploads\/2022\/06\/WhatsApp-Image-2022-06-05-at-4.36.15-PM-1024x768.jpeg\" alt=\"\" class=\"wp-image-1528 size-full\"\/><\/figure><div class=\"wp-block-media-text__content\">\n<p class=\"has-regular-font-size\"><strong>William<\/strong>, es artista de .\u00a0&#8220;<em>Quiero contarles c\u00f3mo cuidar el Medio Ambiente, porque la naturaleza nos regala muchos recursos para vivir. Algunos recursos son renovables como el agua, el aire y el suelo.\u00a0Tambi\u00e9n tenemos recursos naturales debajo de la tierra como\u00a0 el gas, el carb\u00f3n y el petr\u00f3leo, que no son renovables y debemos cuidarlos mucho.\u00a0\u00a0El agua es muy importante: la utilizamos para tomar, para lavar, regar las plantas, los campos, etc.\u00a0Tambi\u00e9n los animales usan el agua para vivir. Por eso,\u00a0si no hay agua no hay vida. El aire lo usamos para respirar, algunos animales lo usan para volar.\u00a0El suelo es necesario para todos. Para sembrar, criar ganado, cultivar los alimentos, construir nuestras casas, y crear parques.\u00a0\u00bfC\u00f3mo cuidamos nuestro mundo, la Tierra? Por ejemplo: utilizando poca agua para ba\u00f1arnos, cerrando bien la canilla cuando no la utilicemos para que no gotee;\u00a0no tirando aceite en las ca\u00f1er\u00edas, etc.\u00a0\u00a0Hacer buen uso de los recursos naturales\u00a0y mantener el Medio Ambiente limpio y saludable. As\u00ed todos vamos a poder vivir mejor<\/em>&#8220;, cerr\u00f3 su reflexi\u00f3n Williams.<\/p>\n<\/div><\/div>\n\n\n\n<p><\/p>\n\n\n\n<div class=\"wp-block-media-text alignwide is-stacked-on-mobile\" style=\"grid-template-columns:25% auto\"><figure class=\"wp-block-media-text__media\"><img decoding=\"async\" src=\"https:\/\/www.lasilusiones.com.ar\/blog\/wp-content\/uploads\/2022\/06\/Gilui.png\" alt=\"\" class=\"wp-image-1523 size-full\"\/><\/figure><div class=\"wp-block-media-text__content\">\n<p class=\"has-regular-font-size\">Por \u00faltimo, <strong>Giuliana<\/strong>, artista de teatro musical de CABA, nos dijo que porque eligi\u00f3 estudiar la carrera para ense\u00f1ar a los chicos en las escuelas como hacer para no contaminar. &#8220;<em>Tenemos que cuidar el medio ambiente, no contaminar ni el suelo, el aire o la tierra, porque sino no, ni las personas, ni las plantas y ni los animales pueden vivir. No podemos incendiar m\u00e1s la naturaleza y las fabricas deben contaminar menos, los barcos tiran petr\u00f3leo cada vez hay m\u00e1s inundaciones y se talan muchos \u00e1rboles que ni siquiera pueden llegar a crecer. Tenemos que usar dos cestos de residuos: en el tacho negro va la basura y el tacho verde los reciclables limpios (por ejemplo metal, vidrio, pl\u00e1stico, papel. etc). Si las personas cuidamos la naturaleza podremos vivir mejor<\/em>&#8220;, nos dijo Giuli.<\/p>\n<\/div><\/div>\n\n\n\n<p><\/p>\n\n\n\n<p>Y vos \u00bfC\u00f3mo cuid\u00e1s el medio ambiente? \u00bfTe preocupa la ecolog\u00eda? \u00a1Contanos en comentarios!<\/p>\n","protected":false},"excerpt":{"rendered":"<p>Es celebrado desde 1973, promovido por las Naciones Unidas, a nivel mundial para la divulgaci\u00f3n&nbsp;ambiental. Cada a\u00f1o lo auspicia un pa\u00eds diferente, y en este&hellip;<\/p>\n","protected":false},"author":1,"featured_media":1520,"comment_status":"open","ping_status":"open","sticky":false,"template":"","format":"standard","meta":{"_monsterinsights_skip_tracking":false,"_monsterinsights_sitenote_active":false,"_monsterinsights_sitenote_note":"","_monsterinsights_sitenote_category":0,"footnotes":""},"categories":[4],"tags":[],"class_list":["post-1519","post","type-post","status-publish","format-standard","has-post-thumbnail","hentry","category-articulo"],"_links":{"self":[{"href":"https:\/\/lasilusiones.com.ar\/blog\/wp-json\/wp\/v2\/posts\/1519","targetHints":{"allow":["GET"]}}],"collection":[{"href":"https:\/\/lasilusiones.com.ar\/blog\/wp-json\/wp\/v2\/posts"}],"about":[{"href":"https:\/\/lasilusiones.com.ar\/blog\/wp-json\/wp\/v2\/types\/post"}],"author":[{"embeddable":true,"href":"https:\/\/lasilusiones.com.ar\/blog\/wp-json\/wp\/v2\/users\/1"}],"replies":[{"embeddable":true,"href":"https:\/\/lasilusiones.com.ar\/blog\/wp-json\/wp\/v2\/comments?post=1519"}],"version-history":[{"count":0,"href":"https:\/\/lasilusiones.com.ar\/blog\/wp-json\/wp\/v2\/posts\/1519\/revisions"}],"wp:featuredmedia":[{"embeddable":true,"href":"https:\/\/lasilusiones.com.ar\/blog\/wp-json\/"}],"wp:attachment":[{"href":"https:\/\/lasilusiones.com.ar\/blog\/wp-json\/wp\/v2\/media?parent=1519"}],"wp:term":[{"taxonomy":"category","embeddable":true,"href":"https:\/\/lasilusiones.com.ar\/blog\/wp-json\/wp\/v2\/categories?post=1519"},{"taxonomy":"post_tag","embeddable":true,"href":"https:\/\/lasilusiones.com.ar\/blog\/wp-json\/wp\/v2\/tags?post=1519"}],"curies":[{"name":"wp","href":"https:\/\/api.w.org\/{rel}","templated":true}]}}