{"id":154,"date":"2018-10-03T12:38:50","date_gmt":"2018-10-03T15:38:50","guid":{"rendered":"https:\/\/lasilusiones.com.ar\/blog\/?p=154"},"modified":"2018-10-03T12:38:50","modified_gmt":"2018-10-03T15:38:50","slug":"infobae-articulo-de-opinion-pensiones-si-o-pensiones-no-un-debate-deficitario","status":"publish","type":"post","link":"https:\/\/lasilusiones.com.ar\/blog\/infobae-articulo-de-opinion-pensiones-si-o-pensiones-no-un-debate-deficitario\/","title":{"rendered":"INFOBAE &#8211; Art\u00edculo de opini\u00f3n &#8220;Pensiones si o pensiones no: Un debate deficitario&#8221;"},"content":{"rendered":"<p>El Director General de la Compa\u00f1\u00eda, Juan Ignacio Acosta, public\u00f3 un art\u00edculo de opini\u00f3n en el prestigioso sitio de noticias Infobae en donde habl\u00f3 sobre el debate en relaci\u00f3n a las pensiones no contributivas para las personas con discapacidad en virtud del decreto derogado por el Presidente Mauricio Macri.<\/p>\n<p>Para leer toda la nota por favor click aqu\u00ed:<\/p>\n<p><a href=\"https:\/\/www.infobae.com\/opinion\/2018\/10\/03\/pensiones-si-o-pensiones-no-un-debate-deficitario\/\">https:\/\/www.infobae.com\/opinion\/2018\/10\/03\/pensiones-si-o-pensiones-no-un-debate-deficitario\/<\/a><\/p>\n<p><img loading=\"lazy\" decoding=\"async\" class=\"alignnone wp-image-162 aligncenter\" src=\"https:\/\/lasilusiones.com.ar\/blog\/wp-content\/uploads\/2018\/10\/nota-en-infobae-300x152.jpg\" alt=\"\" width=\"397\" height=\"201\" \/><\/p>\n","protected":false},"excerpt":{"rendered":"<p>El Director General de la Compa\u00f1\u00eda, Juan Ignacio Acosta, public\u00f3 un art\u00edculo de opini\u00f3n en el prestigioso sitio de noticias Infobae en donde habl\u00f3 sobre&hellip;<\/p>\n","protected":false},"author":1,"featured_media":155,"comment_status":"open","ping_status":"open","sticky":false,"template":"","format":"standard","meta":{"_monsterinsights_skip_tracking":false,"_monsterinsights_sitenote_active":false,"_monsterinsights_sitenote_note":"","_monsterinsights_sitenote_category":0,"footnotes":""},"categories":[8],"tags":[15,24,38,39,42],"class_list":["post-154","post","type-post","status-publish","format-standard","has-post-thumbnail","hentry","category-prensa","tag-articulo","tag-diario","tag-noticia","tag-opinion","tag-prensa"],"_links":{"self":[{"href":"https:\/\/lasilusiones.com.ar\/blog\/wp-json\/wp\/v2\/posts\/154","targetHints":{"allow":["GET"]}}],"collection":[{"href":"https:\/\/lasilusiones.com.ar\/blog\/wp-json\/wp\/v2\/posts"}],"about":[{"href":"https:\/\/lasilusiones.com.ar\/blog\/wp-json\/wp\/v2\/types\/post"}],"author":[{"embeddable":true,"href":"https:\/\/lasilusiones.com.ar\/blog\/wp-json\/wp\/v2\/users\/1"}],"replies":[{"embeddable":true,"href":"https:\/\/lasilusiones.com.ar\/blog\/wp-json\/wp\/v2\/comments?post=154"}],"version-history":[{"count":0,"href":"https:\/\/lasilusiones.com.ar\/blog\/wp-json\/wp\/v2\/posts\/154\/revisions"}],"wp:featuredmedia":[{"embeddable":true,"href":"https:\/\/lasilusiones.com.ar\/blog\/wp-json\/"}],"wp:attachment":[{"href":"https:\/\/lasilusiones.com.ar\/blog\/wp-json\/wp\/v2\/media?parent=154"}],"wp:term":[{"taxonomy":"category","embeddable":true,"href":"https:\/\/lasilusiones.com.ar\/blog\/wp-json\/wp\/v2\/categories?post=154"},{"taxonomy":"post_tag","embeddable":true,"href":"https:\/\/lasilusiones.com.ar\/blog\/wp-json\/wp\/v2\/tags?post=154"}],"curies":[{"name":"wp","href":"https:\/\/api.w.org\/{rel}","templated":true}]}}