{"id":1553,"date":"2022-06-23T23:41:09","date_gmt":"2022-06-24T02:41:09","guid":{"rendered":"https:\/\/www.lasilusiones.com.ar\/blog\/?p=1553"},"modified":"2022-06-23T23:41:09","modified_gmt":"2022-06-24T02:41:09","slug":"las-ilusiones-en-los-medios%ef%bf%bc","status":"publish","type":"post","link":"https:\/\/lasilusiones.com.ar\/blog\/las-ilusiones-en-los-medios%ef%bf%bc\/","title":{"rendered":"Las Ilusiones en los medios"},"content":{"rendered":"\n<p>Les acercamos dos notas que nos hicieron en el \u00faltimo mes.<\/p>\n\n\n\n<p>En una de ellas, conversaron con nuestra vicedirectora Nina \u00c1vila. Estuvo en el programa de la periodista Ale Pe\u00f1alva, \u201cConexi\u00f3n Show\u201d. En este <a href=\"https:\/\/youtu.be\/1ZQ1agMlmBM\">link<\/a> pueden ver la nota completa en You Tube.<\/p>\n\n\n\n<p>La misma periodista nos visit\u00f3 en un ensayo de teatro de la sede CABA y entrevist\u00f3 a Juliana, Fernando y Gast\u00f3n. Mir\u00e1 la nota en este <a href=\"https:\/\/youtu.be\/UizFGxxT4yY\" data-type=\"URL\" data-id=\"https:\/\/youtu.be\/UizFGxxT4yY\">link<\/a>.<\/p>\n\n\n\n<p>En ambos casos, se habl\u00f3 de la historia de la Compa\u00f1\u00eda, actualidad y proyectos, remarcando la importancia del arte en general y el inclusivo, en particular. Nina cont\u00f3 detalles de la plataforma \u201cTu Productora\u201d que naci\u00f3 de la necesidad de brindar a los artistas la oportunidad de insertarse en el mundo audiovisual y de dar respuesta a los pedidos de castineras de personas con discapacidad, formadas profesionalmente.&nbsp;<\/p>\n","protected":false},"excerpt":{"rendered":"<p>Les acercamos dos notas que nos hicieron en el \u00faltimo mes. En una de ellas, conversaron con nuestra vicedirectora Nina \u00c1vila. Estuvo en el programa&hellip;<\/p>\n","protected":false},"author":1,"featured_media":1554,"comment_status":"open","ping_status":"open","sticky":false,"template":"","format":"standard","meta":{"_monsterinsights_skip_tracking":false,"_monsterinsights_sitenote_active":false,"_monsterinsights_sitenote_note":"","_monsterinsights_sitenote_category":0,"footnotes":""},"categories":[8],"tags":[],"class_list":["post-1553","post","type-post","status-publish","format-standard","has-post-thumbnail","hentry","category-prensa"],"_links":{"self":[{"href":"https:\/\/lasilusiones.com.ar\/blog\/wp-json\/wp\/v2\/posts\/1553","targetHints":{"allow":["GET"]}}],"collection":[{"href":"https:\/\/lasilusiones.com.ar\/blog\/wp-json\/wp\/v2\/posts"}],"about":[{"href":"https:\/\/lasilusiones.com.ar\/blog\/wp-json\/wp\/v2\/types\/post"}],"author":[{"embeddable":true,"href":"https:\/\/lasilusiones.com.ar\/blog\/wp-json\/wp\/v2\/users\/1"}],"replies":[{"embeddable":true,"href":"https:\/\/lasilusiones.com.ar\/blog\/wp-json\/wp\/v2\/comments?post=1553"}],"version-history":[{"count":0,"href":"https:\/\/lasilusiones.com.ar\/blog\/wp-json\/wp\/v2\/posts\/1553\/revisions"}],"wp:featuredmedia":[{"embeddable":true,"href":"https:\/\/lasilusiones.com.ar\/blog\/wp-json\/"}],"wp:attachment":[{"href":"https:\/\/lasilusiones.com.ar\/blog\/wp-json\/wp\/v2\/media?parent=1553"}],"wp:term":[{"taxonomy":"category","embeddable":true,"href":"https:\/\/lasilusiones.com.ar\/blog\/wp-json\/wp\/v2\/categories?post=1553"},{"taxonomy":"post_tag","embeddable":true,"href":"https:\/\/lasilusiones.com.ar\/blog\/wp-json\/wp\/v2\/tags?post=1553"}],"curies":[{"name":"wp","href":"https:\/\/api.w.org\/{rel}","templated":true}]}}