{"id":1572,"date":"2022-07-01T10:44:00","date_gmt":"2022-07-01T13:44:00","guid":{"rendered":"https:\/\/www.lasilusiones.com.ar\/blog\/?p=1572"},"modified":"2022-07-01T10:44:00","modified_gmt":"2022-07-01T13:44:00","slug":"conociendo-a-los-artistas-de-junio","status":"publish","type":"post","link":"https:\/\/lasilusiones.com.ar\/blog\/conociendo-a-los-artistas-de-junio\/","title":{"rendered":"Conociendo a los artistas de junio"},"content":{"rendered":"\n<p><\/p>\n\n\n\n<p style=\"font-size:18px\"><strong>Germ\u00e1n, sede Maschwitz<\/strong><\/p>\n\n\n\n<p>Germ\u00e1n tiene 33 a\u00f1os y adem\u00e1s de ser artista de la Compa\u00f1\u00eda desde 2017, es brigadista en Bimbo. Nos cont\u00f3 que hace en su d\u00eda a d\u00eda y c\u00f3mo lleg\u00f3 a trabajar en la planta.<br>\u201c<em>Fui a una escuela integrada desde Jard\u00edn hasta el Polimodal (termin\u00e9 en la Esc. Nro. 68) en Villa Ballester. Luego estudi\u00e9 computaci\u00f3n, operador de PC y reparador de muebles en la Escuela de Formaci\u00f3n Profesional Nro. 401 de Escobar. Soy hincha de Boca como mi pap\u00e1 y no me pierdo ning\u00fan partido. Todo lo que aprendo suma para usar la compu en casa y hace rato uso celu. En casa tengo una mesa ratona, una silla de bar y un armario que hice en la escuela. Siempre me interes\u00f3 la m\u00fasica por eso aprend\u00ed \u00f3rgano y despu\u00e9s me cop\u00e9 con la guitarra (criolla y el\u00e9ctrica) y tambi\u00e9n tom\u00e9 clases. Me encanta dibujar escenarios, escenograf\u00eda, iluminaci\u00f3n y ese fue mi primer acercamiento al teatro<\/em>\u201d, nos dijo Germ\u00e1n.<\/p>\n\n\n\n<div class=\"wp-block-media-text alignwide is-stacked-on-mobile\" style=\"grid-template-columns:40% auto\"><figure class=\"wp-block-media-text__media\"><img decoding=\"async\" src=\"https:\/\/www.lasilusiones.com.ar\/blog\/wp-content\/uploads\/2022\/07\/WhatsApp-Image-2022-06-07-at-6.44.53-PM-768x1024.jpeg\" alt=\"\" class=\"wp-image-1573 size-full\"\/><\/figure><div class=\"wp-block-media-text__content\">\n<p class=\"has-regular-font-size\">Fueron a\u00f1os de espera, fe y perseverancia para que llegue la inserci\u00f3n laboral, hasta que un d\u00eda sucedi\u00f3 de la mano de Bimbo y Manpower. Hasta antes de la pandemia acompa\u00f1aba a las visitas escolares en la recorrida por la planta: \u201c<em>con mis compa\u00f1eras las recib\u00edamos y las prepar\u00e1bamos coloc\u00e1ndoles las cofias rojas y barbijos que las identifican como visitantes. Tambi\u00e9n preparaba el sal\u00f3n de visitas donde se ofrec\u00eda un refrigerio y las bolsas con productos que se llevaban de obsequio. Tambi\u00e9n recib\u00edamos grupos de jubilados y un d\u00eda fueron mis compa\u00f1eros de teatro con sus madres y conocieron donde trabajaba. \u00a1Fue espectacular<\/em>!\u201d, record\u00f3 Germ\u00e1n.<br>Luego de la pandemia, se reincorpor\u00e9 al trabajo en el pa\u00f1ol, manteniendo la limpieza y orden del sector para acceder al material y los repuestos, donde clasifica torniller\u00eda y componentes el\u00e9ctricos y mec\u00e1nicos que luego son utilizados en la l\u00ednea de producci\u00f3n. Luego comenz\u00f3 como oyente en la brigada de planta para ser brigadista y particip\u00f3 de jornadas con todo el equipo de bomberos: \u201c<em>Me pueden preguntar que es una tabla espinal, que es un simulacro de evacuaci\u00f3n, para que es cada matafuego&#8221;, <\/em>cont\u00f3 con orgullo. El 07.06.22 recibi\u00f3 su reconocimiento por sus 10 a\u00f1os en Bimbo (foto).<\/p>\n<\/div><\/div>\n\n\n\n<p>En Las Ilusiones particip\u00f3 de todas las producciones presenciales y virtuales y este es uno de los 40 artistas becados de \u201cTu Productora\u201d. Germ\u00e1n y su mam\u00e1 nos dejaron un mensaje: <em><strong>\u201ca los que lean esto, los animamos a que siempre vayan por m\u00e1s y a aquellos que les pique el bichito de la actuaci\u00f3n se acerquen a Las Ilusiones<\/strong><\/em>\u201d.<\/p>\n\n\n\n<p><\/p>\n\n\n\n<p style=\"font-size:18px\"><strong>Leila, sede CABA<\/strong><\/p>\n\n\n\n<p>Tiene 25 a\u00f1os y es artista de danza. Estuvo integrada en jard\u00edn de infantes y primaria en el Centro Educativo Nuevo Horizonte, la secundaria la realiz\u00f3 en el Instituto Tognoni. Le encanta bailar, actuar y cantar, as\u00ed que hace varios a\u00f1os comenz\u00f3 en Las Ilusiones haciendo comedia musical. En pandemia realiz\u00f3 canto, comedia musical y danza a trav\u00e9s de las clases virtuales de Conectados. Tambi\u00e9n le encanta mirar pel\u00edculas y es fan\u00e1tica de Harry Potter. \u00a1Se maneja muy bien con la computadora! Durante m\u00e1s de 10 a\u00f1os hizo nataci\u00f3n y por eso ella dice que es &#8220;La Sirenita&#8221;.<br>Leila lleva una agenda muy agitada. Trabaja en \u201cMorfables 21\u201d, un foodtruck atendiendo por j\u00f3venes con S\u00edndrome de Down, con sus amigos de la secundaria a quienes adora. Adem\u00e1s, desde hace 6 a\u00f1os trabaja en un jard\u00edn de infantes a donde va s\u00faper feliz. Ah\u00ed realiza muchas actividades: saca fotocopias, corta notitas con la guillotina y las pega en los cuadernos de comunicados, ayuda a todas las se\u00f1os, sirve el desayuno y acomoda las colchonetas para que los chicos duerman la siesta.<\/p>\n\n\n\n<figure class=\"wp-block-gallery has-nested-images columns-default is-cropped wp-block-gallery-1 is-layout-flex wp-block-gallery-is-layout-flex\">\n<figure class=\"wp-block-image size-large\"><img decoding=\"async\" data-id=\"1575\" src=\"https:\/\/www.lasilusiones.com.ar\/blog\/wp-content\/uploads\/2022\/07\/WhatsApp-Image-2022-06-10-at-10.07.54-AM-1024x576.jpeg\" alt=\"\" class=\"wp-image-1575\"\/><figcaption>En el jard\u00edn con los cuadernos de los alumnos<\/figcaption><\/figure>\n\n\n\n<figure class=\"wp-block-image size-large\"><img decoding=\"async\" data-id=\"1576\" src=\"https:\/\/www.lasilusiones.com.ar\/blog\/wp-content\/uploads\/2022\/07\/WhatsApp-Image-2022-06-10-at-10.11.20-AM-1024x768.jpeg\" alt=\"\" class=\"wp-image-1576\"\/><figcaption>Atendiendo el food truck<\/figcaption><\/figure>\n<\/figure>\n\n\n\n<p><\/p>\n\n\n\n<p style=\"font-size:18px\"><strong>Cynthia, sede CABA<\/strong><\/p>\n\n\n\n<p>Cynthia es artista de teatro de la sede CABA, tiene 27 a\u00f1os y vive con Dora y Ram\u00f3n, sus pap\u00e1s. Todos los d\u00edas va al colegio y a partir de las 16 comienza su agenda art\u00edstica deportiva. A los 11 a\u00f1os empez\u00f3 con b\u00e1squet, pero finalmente termin\u00f3 haciendo f\u00fatbol. Los s\u00e1bados va a la colonia del Club San Lorenzo y as\u00ed fue que empez\u00f3, primero como alcanza pelotas y luego a jugar. Hoy forma parte del equipo de la Escuela de F\u00fatbol Tirando Paredes, en el Club Atlanta. Desde hace dos a\u00f1os participa del torneo \u201cFut 21\u201d (campeonato de futsal para personas con S\u00edndrome de Down) y ha ido a jugar a C\u00f3rdoba y Rosario. \u201c<em>No sabemos a qui\u00e9n sali\u00f3 tan futbolera porque a mi mucho no me gusta<\/em>\u201d, dijo Ram\u00f3n entre risas.<br>Adem\u00e1s, martes y jueves practica nataci\u00f3n y ping pong con los programas del Gobierno de la Ciudad y los mi\u00e9rcoles asiste a las actividades de las Olimpiadas Especiales. En 2021 fue seleccionada como atleta l\u00edder junto a su compa\u00f1era Catalina para ir a EEUU, pero por la pandemia el encuentro fue virtual. Completa la semana haciendo danza, lo que m\u00e1s le gusta bailar es hip hop y reggaet\u00f3n (fan de Daddy Yankee). Y se declara bastante cholula porque asiste a varios eventos y se saca fotos con todos los artistas que encuentra (cant\u00f3 en el aeropuerto con Axel).<br>Le preguntamos qu\u00e9 es lo que le gusta de todo lo que hace: \u201c<em><strong>Me siento feliz\u201d<\/strong><\/em>, respondi\u00f3 y su pap\u00e1 Ram\u00f3n agreg\u00f3 \u201c<em>la acompa\u00f1amos en todo lo que podemos y ver que ella disfruta todo lo que hace, para nosotros es gratificante<\/em>\u201d.<\/p>\n\n\n\n<figure class=\"wp-block-gallery has-nested-images columns-default is-cropped wp-block-gallery-2 is-layout-flex wp-block-gallery-is-layout-flex\">\n<figure class=\"wp-block-image size-large\"><img decoding=\"async\" data-id=\"1577\" src=\"https:\/\/www.lasilusiones.com.ar\/blog\/wp-content\/uploads\/2022\/07\/WhatsApp-Image-2022-07-03-at-11.22.06-AM.jpeg\" alt=\"\" class=\"wp-image-1577\"\/><\/figure>\n\n\n\n<figure class=\"wp-block-image size-large\"><img decoding=\"async\" data-id=\"1578\" src=\"https:\/\/www.lasilusiones.com.ar\/blog\/wp-content\/uploads\/2022\/07\/WhatsApp-Image-2022-07-03-at-11.19.22-AM.jpeg\" alt=\"\" class=\"wp-image-1578\"\/><\/figure>\n\n\n\n<figure class=\"wp-block-image size-large\"><img decoding=\"async\" data-id=\"1579\" src=\"https:\/\/www.lasilusiones.com.ar\/blog\/wp-content\/uploads\/2022\/07\/WhatsApp-Image-2022-07-03-at-11.18.32-AM-768x1024.jpeg\" alt=\"\" class=\"wp-image-1579\"\/><\/figure>\n<\/figure>\n\n\n\n<p><\/p>\n\n\n\n<p style=\"font-size:18px\"><strong>Lucas, sede Maschwitz<\/strong><\/p>\n\n\n\n<p>Lucas, en este momento se encuentra en Espa\u00f1a, formando parte de la obra Hamlet. Hablamos con su mam\u00e1 Lorna que nos cont\u00f3 sobre el camino y la actualidad art\u00edstica de Lucas que, desde chiquito, estuvo cerca del teatro. Lorna hac\u00eda teatro musical y ten\u00eda una empresa de escenograf\u00edas en Lima (Per\u00fa), Lucas la acompa\u00f1aba y ayudaba en los montajes, a ensamblar la escenograf\u00eda y a dise\u00f1arla, aportando su creatividad. El sue\u00f1o de Lucas era hacer teatro musical y en el a\u00f1o 2018 pudo empezar y particip\u00f3 de la primera obra: \u201cLos Locos Adams. Fue en Liberarte Talleres Especiales junto a Jonathan Oliveros, su director. En ese mismo momento se empezaba a gestar la idea de hacer Hamlet en el Teatro La Plaza, (tambi\u00e9n en Lima). Despu\u00e9s de 3 castings Lucas qued\u00f3 seleccionado. Es una adaptaci\u00f3n de Chela de Ferrari en la que se mantiene el texto original, pero el ser o no ser, representa cu\u00e1n vistas son las personas con discapacidad, en especial con S\u00edndrome de Down. A lo largo de la obra van cambiando los roles y Lucas tiene el personaje de Horacio y de La Muerte. \u201c<em>En febrero del 2019 comenzaron los ensayos y justo nos tuvimos que mudar a Buenos Aires as\u00ed que durante todo el 2019 fuimos y vinimos cada 15 o 20 d\u00edas para ensayar. Fue una temporada impresionante de octubre a diciembre, empezaron de apoco y terminaron a sala llena<\/em>\u201d, nos cont\u00f3 Lorna. En mayo de este a\u00f1o se volvi\u00f3 a estrenar en Lima a sala llena y en junio comenz\u00f3 una gira por diferentes festivales en Espa\u00f1a, (Madrid, Canarias, Barcelona, Tenerife, Galicia).<br>En el 2021 empez\u00f3 en Las Ilusiones teatro musical, a participar de TAO y canto en forma particular porque su sue\u00f1o tambi\u00e9n es ser cantante y est\u00e1 s\u00faper feliz porque pudo retomar lo que m\u00e1s le gusta hacer, que es actuar y tambi\u00e9n compartir con amigos. \u201c<em>\u00c9l aspira a seguir creciendo como actor profesional y como cantante (su referente es Yatra, lo ama) y adem\u00e1s es fan\u00e1tico de Tik Tok es tiktoker. Ama bailar, creo que, de las 24 horas del d\u00eda, 18 las baila. Es una persona s\u00faper feliz, alegre, motivado, de apoyar mucho al resto, cuando uno est\u00e1 medio cabizbajo es qui\u00e9n genera el motor para que estemos siempre con el \u00e1nimo arriba<\/em>\u201d, cerr\u00f3 Lorna.<\/p>\n\n\n\n<figure class=\"wp-block-gallery has-nested-images columns-default is-cropped wp-block-gallery-3 is-layout-flex wp-block-gallery-is-layout-flex\">\n<figure class=\"wp-block-image size-large\"><img decoding=\"async\" data-id=\"1581\" src=\"https:\/\/www.lasilusiones.com.ar\/blog\/wp-content\/uploads\/2022\/07\/WhatsApp-Image-2022-07-03-at-11.33.50-AM.jpeg\" alt=\"\" class=\"wp-image-1581\"\/><\/figure>\n\n\n\n<figure class=\"wp-block-image size-large\"><img decoding=\"async\" data-id=\"1582\" src=\"https:\/\/www.lasilusiones.com.ar\/blog\/wp-content\/uploads\/2022\/07\/WhatsApp-Image-2022-07-03-at-11.34.20-AM.jpeg\" alt=\"\" class=\"wp-image-1582\"\/><\/figure>\n<\/figure>\n\n\n\n<p><\/p>\n\n\n\n<p>\u00a1Si te gustaron estas historias, dejales un comentario a los artistas!<\/p>\n","protected":false},"excerpt":{"rendered":"<p>Germ\u00e1n, sede Maschwitz Germ\u00e1n tiene 33 a\u00f1os y adem\u00e1s de ser artista de la Compa\u00f1\u00eda desde 2017, es brigadista en Bimbo. Nos cont\u00f3 que hace&hellip;<\/p>\n","protected":false},"author":1,"featured_media":1480,"comment_status":"open","ping_status":"open","sticky":false,"template":"","format":"standard","meta":{"_monsterinsights_skip_tracking":false,"_monsterinsights_sitenote_active":false,"_monsterinsights_sitenote_note":"","_monsterinsights_sitenote_category":0,"footnotes":""},"categories":[4],"tags":[],"class_list":["post-1572","post","type-post","status-publish","format-standard","has-post-thumbnail","hentry","category-articulo"],"_links":{"self":[{"href":"https:\/\/lasilusiones.com.ar\/blog\/wp-json\/wp\/v2\/posts\/1572","targetHints":{"allow":["GET"]}}],"collection":[{"href":"https:\/\/lasilusiones.com.ar\/blog\/wp-json\/wp\/v2\/posts"}],"about":[{"href":"https:\/\/lasilusiones.com.ar\/blog\/wp-json\/wp\/v2\/types\/post"}],"author":[{"embeddable":true,"href":"https:\/\/lasilusiones.com.ar\/blog\/wp-json\/wp\/v2\/users\/1"}],"replies":[{"embeddable":true,"href":"https:\/\/lasilusiones.com.ar\/blog\/wp-json\/wp\/v2\/comments?post=1572"}],"version-history":[{"count":0,"href":"https:\/\/lasilusiones.com.ar\/blog\/wp-json\/wp\/v2\/posts\/1572\/revisions"}],"wp:featuredmedia":[{"embeddable":true,"href":"https:\/\/lasilusiones.com.ar\/blog\/wp-json\/"}],"wp:attachment":[{"href":"https:\/\/lasilusiones.com.ar\/blog\/wp-json\/wp\/v2\/media?parent=1572"}],"wp:term":[{"taxonomy":"category","embeddable":true,"href":"https:\/\/lasilusiones.com.ar\/blog\/wp-json\/wp\/v2\/categories?post=1572"},{"taxonomy":"post_tag","embeddable":true,"href":"https:\/\/lasilusiones.com.ar\/blog\/wp-json\/wp\/v2\/tags?post=1572"}],"curies":[{"name":"wp","href":"https:\/\/api.w.org\/{rel}","templated":true}]}}