{"id":158,"date":"2018-09-10T13:25:22","date_gmt":"2018-09-10T16:25:22","guid":{"rendered":"https:\/\/lasilusiones.com.ar\/blog\/?p=158"},"modified":"2018-09-10T13:25:22","modified_gmt":"2018-09-10T16:25:22","slug":"las-ilusiones-estuvo-en-el-programa-mil-gracias-de-radio-nacional","status":"publish","type":"post","link":"https:\/\/lasilusiones.com.ar\/blog\/las-ilusiones-estuvo-en-el-programa-mil-gracias-de-radio-nacional\/","title":{"rendered":"Las Ilusiones estuvo en el programa Mil Gracias de Radio Nacional"},"content":{"rendered":"<p><strong>Mil Gracias<\/strong>\u00a0recibi\u00f3 a\u00a0<strong>Juan Ignacio Acosta<\/strong>\u00a0y a\u00a0<strong>Giuliana<\/strong>, del Grupo Ilusiones, quienes contaron que la propuesta es generar a trav\u00e9s del teatro, \u00e1mbitos para desarrollar habilidades y t\u00e9cnicas que potencian sus capacidades, como as\u00ed tambi\u00e9n la expresi\u00f3n de sentimientos, emociones y pensamientos. Por \u00faltimo Giuliana, una joven de 21 a\u00f1os con s\u00edndrome de down que estudia la carrera de educaci\u00f3n ambiental recit\u00f3 fragmentos de una obra. Para escuchar toda la nota click en el siguiente foto:<\/p>\n<p>&nbsp;<\/p>\n<p>http:\/\/www.radionacional.com.ar\/grupo-ilusiones-un-espacio-para-la-educacion-y-la-expresion\/?fbclid=IwAR0ZliFpLC1tJi79f5XYIzYHNla&#8211;mtcYkUCSz7YF14GsHXW5HGhE4b__RY<\/p>\n","protected":false},"excerpt":{"rendered":"<p>Mil Gracias\u00a0recibi\u00f3 a\u00a0Juan Ignacio Acosta\u00a0y a\u00a0Giuliana, del Grupo Ilusiones, quienes contaron que la propuesta es generar a trav\u00e9s del teatro, \u00e1mbitos para desarrollar habilidades y&hellip;<\/p>\n","protected":false},"author":1,"featured_media":159,"comment_status":"open","ping_status":"open","sticky":false,"template":"","format":"standard","meta":{"_monsterinsights_skip_tracking":false,"_monsterinsights_sitenote_active":false,"_monsterinsights_sitenote_note":"","_monsterinsights_sitenote_category":0,"footnotes":""},"categories":[8],"tags":[27,29,37,45],"class_list":["post-158","post","type-post","status-publish","format-standard","has-post-thumbnail","hentry","category-prensa","tag-entrevista","tag-inclusion","tag-nota","tag-radio"],"_links":{"self":[{"href":"https:\/\/lasilusiones.com.ar\/blog\/wp-json\/wp\/v2\/posts\/158","targetHints":{"allow":["GET"]}}],"collection":[{"href":"https:\/\/lasilusiones.com.ar\/blog\/wp-json\/wp\/v2\/posts"}],"about":[{"href":"https:\/\/lasilusiones.com.ar\/blog\/wp-json\/wp\/v2\/types\/post"}],"author":[{"embeddable":true,"href":"https:\/\/lasilusiones.com.ar\/blog\/wp-json\/wp\/v2\/users\/1"}],"replies":[{"embeddable":true,"href":"https:\/\/lasilusiones.com.ar\/blog\/wp-json\/wp\/v2\/comments?post=158"}],"version-history":[{"count":0,"href":"https:\/\/lasilusiones.com.ar\/blog\/wp-json\/wp\/v2\/posts\/158\/revisions"}],"wp:featuredmedia":[{"embeddable":true,"href":"https:\/\/lasilusiones.com.ar\/blog\/wp-json\/"}],"wp:attachment":[{"href":"https:\/\/lasilusiones.com.ar\/blog\/wp-json\/wp\/v2\/media?parent=158"}],"wp:term":[{"taxonomy":"category","embeddable":true,"href":"https:\/\/lasilusiones.com.ar\/blog\/wp-json\/wp\/v2\/categories?post=158"},{"taxonomy":"post_tag","embeddable":true,"href":"https:\/\/lasilusiones.com.ar\/blog\/wp-json\/wp\/v2\/tags?post=158"}],"curies":[{"name":"wp","href":"https:\/\/api.w.org\/{rel}","templated":true}]}}