{"id":1614,"date":"2022-07-23T08:48:00","date_gmt":"2022-07-23T11:48:00","guid":{"rendered":"https:\/\/www.lasilusiones.com.ar\/blog\/?p=1614"},"modified":"2022-07-23T08:48:00","modified_gmt":"2022-07-23T11:48:00","slug":"23-de-julio-dia-del-musicoterapeuta","status":"publish","type":"post","link":"https:\/\/lasilusiones.com.ar\/blog\/23-de-julio-dia-del-musicoterapeuta\/","title":{"rendered":"23 de julio: D\u00eda del Musicoterapeuta"},"content":{"rendered":"\n<p><\/p>\n\n\n\n<p>Esta fecha se celebra, porque el 23 de julio de 1966, en la Facultad de Ciencias M\u00e9dicas de la Universidad de Buenos Aires, se realiz\u00f3 el acto de fundaci\u00f3n de la Asociaci\u00f3n Argentina de Musicoterapia, asociaci\u00f3n pionera y propulsora de la primera carrera de musicoterapia con grado universitario en nuestro pa\u00eds y en Latinoam\u00e9rica. Los comienzos de estas pr\u00e1cticas hab\u00edan sido alrededor de 1948, cuando un grupo de profesores de Educaci\u00f3n Musical se interes\u00f3 en el uso de la m\u00fasica en infantes con discapacidad.\u00a0<\/p>\n\n\n\n<p>La Musicoterapia es una profesi\u00f3n que se encuentra regulada en la Ley Nacional N\u00b0 27.153, que la define en su art\u00edculo 2 como: \u201c\u2026<em>la aplicaci\u00f3n, investigaci\u00f3n, evaluaci\u00f3n y supervisi\u00f3n de t\u00e9cnicas y procedimientos en los que las experiencias con el sonido y la m\u00fasica operan como mediadores, facilitadores y organizadores de procesos saludables para las personas y su comunidad\u2026abarcando diferentes \u00e1mbitos en tratamientos de salud, prevenci\u00f3n y educaci\u00f3n<\/em>\u201d.\u00a0 Es decir, que la musicoterapia tiene como principal objetivo la protecci\u00f3n de la salud de las personas, a trav\u00e9s del abordaje y el reconocimiento de las modalidades sonoras, tanto expresivas y receptivas, como relacionales.<\/p>\n\n\n\n<p>En la actualidad hay musicoterapeutas trabajando con personas de todas las edades, desde beb\u00e9s, en diversos campos: discapacidades (f\u00edsicas, neuromotoras, mentales y sensoriales), salud mental, educaci\u00f3n, rehabilitaci\u00f3n, medicina (obstetricia, cuidados paliativos, oncolog\u00eda), adicciones, psicoprofilaxis, geriatr\u00eda, pr\u00e1cticas preventivas y comunitarias, entre otros.\u200b<\/p>\n\n\n\n<p>En el equipo de Las Ilusiones tenemos un flamante musicoterapeuta, Santiago Sala, que nos cuenta un poco c\u00f3mo fue la elecci\u00f3n de su carrera y algunas experiencias en este campo profesional.<\/p>\n\n\n\n<div class=\"wp-block-media-text alignwide is-stacked-on-mobile\"><figure class=\"wp-block-media-text__media\"><img decoding=\"async\" src=\"https:\/\/www.lasilusiones.com.ar\/blog\/wp-content\/uploads\/2022\/07\/WhatsApp-Image-2022-07-24-at-6.52.06-PM-1024x712.jpeg\" alt=\"\" class=\"wp-image-1613 size-full\"\/><\/figure><div class=\"wp-block-media-text__content\">\n<p>&#8220;<em>Eleg\u00ed estudiar Musicoterapia porque me parec\u00eda muy interesante el hecho de utilizar la m\u00fasica para el bienestar de las personas. En mis a\u00f1os de cursada tuve la oportunidad de realizar pr\u00e1cticas en varios lugares como centros de d\u00eda, centros de rehabilitaci\u00f3n neurol\u00f3gica, escuelas especiales, geri\u00e1tricos, entre otros. Fue una experiencia s\u00faper enriquecedora. Lo que m\u00e1s disfruto de la Musicoterapia es el poder acompa\u00f1ar, escuchar, potenciar la expresividad, la creatividad y la autonom\u00eda. En cuanto a los beneficios o aspectos positivos puedo decir que son un mont\u00f3n, pero hay que tener en cuenta que con cada paciente o grupo se trabaja de manera diferente, teniendo en cuenta los objetivos y sus necesidades&#8221;, <\/em>nos dijo Santi<em>.<br>&#8220;Hace poquito comenc\u00e9 a acompa\u00f1ar al grupo de teatro de Las Ilusiones de la sede de Olivos, \u00a1estoy muy contento por esta oportunidad y por pertenecer a esta comunidad tan linda!<\/em>&#8220;, cerr\u00f3 Santiago.<\/p>\n<\/div><\/div>\n\n\n\n<p><\/p>\n","protected":false},"excerpt":{"rendered":"<p>Esta fecha se celebra, porque el 23 de julio de 1966, en la Facultad de Ciencias M\u00e9dicas de la Universidad de Buenos Aires, se realiz\u00f3&hellip;<\/p>\n","protected":false},"author":1,"featured_media":1612,"comment_status":"open","ping_status":"open","sticky":false,"template":"","format":"standard","meta":{"_monsterinsights_skip_tracking":false,"_monsterinsights_sitenote_active":false,"_monsterinsights_sitenote_note":"","_monsterinsights_sitenote_category":0,"footnotes":""},"categories":[4],"tags":[],"class_list":["post-1614","post","type-post","status-publish","format-standard","has-post-thumbnail","hentry","category-articulo"],"_links":{"self":[{"href":"https:\/\/lasilusiones.com.ar\/blog\/wp-json\/wp\/v2\/posts\/1614","targetHints":{"allow":["GET"]}}],"collection":[{"href":"https:\/\/lasilusiones.com.ar\/blog\/wp-json\/wp\/v2\/posts"}],"about":[{"href":"https:\/\/lasilusiones.com.ar\/blog\/wp-json\/wp\/v2\/types\/post"}],"author":[{"embeddable":true,"href":"https:\/\/lasilusiones.com.ar\/blog\/wp-json\/wp\/v2\/users\/1"}],"replies":[{"embeddable":true,"href":"https:\/\/lasilusiones.com.ar\/blog\/wp-json\/wp\/v2\/comments?post=1614"}],"version-history":[{"count":0,"href":"https:\/\/lasilusiones.com.ar\/blog\/wp-json\/wp\/v2\/posts\/1614\/revisions"}],"wp:featuredmedia":[{"embeddable":true,"href":"https:\/\/lasilusiones.com.ar\/blog\/wp-json\/"}],"wp:attachment":[{"href":"https:\/\/lasilusiones.com.ar\/blog\/wp-json\/wp\/v2\/media?parent=1614"}],"wp:term":[{"taxonomy":"category","embeddable":true,"href":"https:\/\/lasilusiones.com.ar\/blog\/wp-json\/wp\/v2\/categories?post=1614"},{"taxonomy":"post_tag","embeddable":true,"href":"https:\/\/lasilusiones.com.ar\/blog\/wp-json\/wp\/v2\/tags?post=1614"}],"curies":[{"name":"wp","href":"https:\/\/api.w.org\/{rel}","templated":true}]}}