{"id":169,"date":"2018-10-04T14:12:00","date_gmt":"2018-10-04T17:12:00","guid":{"rendered":"https:\/\/lasilusiones.com.ar\/blog\/?p=169"},"modified":"2018-10-04T14:12:00","modified_gmt":"2018-10-04T17:12:00","slug":"las-ilusiones-recibio-un-reconocimiento-por-su-laboral-en-pos-de-la-inclusion","status":"publish","type":"post","link":"https:\/\/lasilusiones.com.ar\/blog\/las-ilusiones-recibio-un-reconocimiento-por-su-laboral-en-pos-de-la-inclusion\/","title":{"rendered":"Las Ilusiones recibi\u00f3 un reconocimiento por su labor en pos de la inclusi\u00f3n"},"content":{"rendered":"<p>Hoy la compa\u00f1\u00eda obtuvo el reconocimiento de inter\u00e9s municipal por el Honorable Concejo Deliberante de Vicente L\u00f3pez destacando a nuestro director general Juan Ignacio Acosta por su trayectoria en el trabajo por la inclusi\u00f3n de las personas con discapacidad.<\/p>\n<p><img loading=\"lazy\" decoding=\"async\" class=\" wp-image-170 aligncenter\" src=\"https:\/\/lasilusiones.com.ar\/blog\/wp-content\/uploads\/2018\/10\/reconocimeinto-municipal-de-las-ilusiones-300x300.jpg\" alt=\"\" width=\"348\" height=\"348\" \/><\/p>\n","protected":false},"excerpt":{"rendered":"<p>Hoy la compa\u00f1\u00eda obtuvo el reconocimiento de inter\u00e9s municipal por el Honorable Concejo Deliberante de Vicente L\u00f3pez destacando a nuestro director general Juan Ignacio Acosta&hellip;<\/p>\n","protected":false},"author":1,"featured_media":170,"comment_status":"open","ping_status":"open","sticky":false,"template":"","format":"standard","meta":{"_monsterinsights_skip_tracking":false,"_monsterinsights_sitenote_active":false,"_monsterinsights_sitenote_note":"","_monsterinsights_sitenote_category":0,"footnotes":""},"categories":[11],"tags":[47],"class_list":["post-169","post","type-post","status-publish","format-standard","has-post-thumbnail","hentry","category-reconocimiento","tag-reconocimiento"],"_links":{"self":[{"href":"https:\/\/lasilusiones.com.ar\/blog\/wp-json\/wp\/v2\/posts\/169","targetHints":{"allow":["GET"]}}],"collection":[{"href":"https:\/\/lasilusiones.com.ar\/blog\/wp-json\/wp\/v2\/posts"}],"about":[{"href":"https:\/\/lasilusiones.com.ar\/blog\/wp-json\/wp\/v2\/types\/post"}],"author":[{"embeddable":true,"href":"https:\/\/lasilusiones.com.ar\/blog\/wp-json\/wp\/v2\/users\/1"}],"replies":[{"embeddable":true,"href":"https:\/\/lasilusiones.com.ar\/blog\/wp-json\/wp\/v2\/comments?post=169"}],"version-history":[{"count":0,"href":"https:\/\/lasilusiones.com.ar\/blog\/wp-json\/wp\/v2\/posts\/169\/revisions"}],"wp:featuredmedia":[{"embeddable":true,"href":"https:\/\/lasilusiones.com.ar\/blog\/wp-json\/"}],"wp:attachment":[{"href":"https:\/\/lasilusiones.com.ar\/blog\/wp-json\/wp\/v2\/media?parent=169"}],"wp:term":[{"taxonomy":"category","embeddable":true,"href":"https:\/\/lasilusiones.com.ar\/blog\/wp-json\/wp\/v2\/categories?post=169"},{"taxonomy":"post_tag","embeddable":true,"href":"https:\/\/lasilusiones.com.ar\/blog\/wp-json\/wp\/v2\/tags?post=169"}],"curies":[{"name":"wp","href":"https:\/\/api.w.org\/{rel}","templated":true}]}}