{"id":1698,"date":"2022-09-19T13:31:04","date_gmt":"2022-09-19T16:31:04","guid":{"rendered":"https:\/\/lasilusiones.com.ar\/blog\/?p=1698"},"modified":"2022-09-19T13:31:04","modified_gmt":"2022-09-19T16:31:04","slug":"19-de-septiembre-dia-del-preceptor-y-la-preceptora%ef%bf%bc","status":"publish","type":"post","link":"https:\/\/lasilusiones.com.ar\/blog\/19-de-septiembre-dia-del-preceptor-y-la-preceptora%ef%bf%bc\/","title":{"rendered":"19 de septiembre: D\u00eda del Preceptor y la Preceptora\ufffc"},"content":{"rendered":"\n<p><\/p>\n\n\n\n<p>Este d\u00eda se celebra para marcar la importancia de este rol en el acompa\u00f1amiento del desarrollo de la actividad educativa y para favorecer el proceso de aprendizaje. Si bien es una figura de la educaci\u00f3n secundaria, en Las Ilusiones tenemos este rol en cada disciplina y como formaci\u00f3n con salida laboral. Los Preceptores y Preceptoras ocupan un lugar fundamental en entre referentes y artistas.<\/p>\n\n\n\n<p>Algunas de las tareas son favorecer la convivencia durante la clase, realizar tareas pedag\u00f3gicas, ser una v\u00eda de comunicaci\u00f3n con referentes y asistentes, controlar la asistencia y acompa\u00f1ar en las distintas necesidades del grupo.<\/p>\n\n\n\n<p>En nuestro proyecto de formaci\u00f3n de Preceptores de Arte tenemos a Jorge Maxi (CABA), a Daiana (Ramos) que est\u00e1n terminando de capacitarse y a Santiago (Olivos) que ya est\u00e1 ejerciendo sus tareas.<\/p>\n\n\n\n<p>Les consultamos sobre qu\u00e9 significa para ellos este trabajo.&nbsp;<\/p>\n\n\n\n<p class=\"has-regular-font-size\"><strong>Jorge Maxi\u00a0<\/strong><\/p>\n\n\n\n<p>Es una gran oportunidad para m\u00ed. Pondr\u00e9 todo lo aprendido en pr\u00e1ctica cuando comience a ejercer el rol. Actualmente cuido a Santi, al que conozco de mi escuela, en el taller de danza, donde me toc\u00f3 la pr\u00e1ctica de preceptor, junto a Fer Pacheco (ya preceptor) y las Referentes Camila y Rebeca. Me gusta porque puedo conocer nuevos y nuevas artistas, aprender y hacer bien mi trabajo.<\/p>\n\n\n\n<p class=\"has-regular-font-size\"><strong>Daiana<\/strong><\/p>\n\n\n\n<p>Cuando me ofrecieron esta posibilidad estaba emocionada, contenta, feliz y tambi\u00e9n nerviosa. En el curso aprend\u00ed cosas nuevas y eso me gusta, pero cre\u00f3 qu\u00e9 cuando \u00e9ste con los chicos me va a gustar m\u00e1s. Me gusta aprender y hacer cosas nuevas.<\/p>\n\n\n\n<p class=\"has-regular-font-size\"><strong>Santi\u00a0<\/strong><\/p>\n\n\n\n<p>Me encant\u00f3 la propuesta de hacer de preceptor. Ya estuve en CABA como suplente y ahora estoy en la sede de Olivos. Me gustan las tareas, controlar la asistencia de los artistas, ayudar a que se porten bien, fijarme que no falte nada para la clase y ordenar el espacio.<\/p>\n\n\n\n<p><\/p>\n\n\n\n<figure class=\"wp-block-gallery has-nested-images columns-default is-cropped wp-block-gallery-1 is-layout-flex wp-block-gallery-is-layout-flex\">\n<figure class=\"wp-block-image size-large\"><img loading=\"lazy\" decoding=\"async\" width=\"735\" height=\"1024\" data-id=\"1699\" src=\"https:\/\/lasilusiones.com.ar\/blog\/wp-content\/uploads\/2022\/09\/JM-735x1024.jpg\" alt=\"\" class=\"wp-image-1699\" srcset=\"https:\/\/lasilusiones.com.ar\/blog\/wp-content\/uploads\/2022\/09\/JM-735x1024.jpg 735w, https:\/\/lasilusiones.com.ar\/blog\/wp-content\/uploads\/2022\/09\/JM-215x300.jpg 215w, https:\/\/lasilusiones.com.ar\/blog\/wp-content\/uploads\/2022\/09\/JM-768x1069.jpg 768w, https:\/\/lasilusiones.com.ar\/blog\/wp-content\/uploads\/2022\/09\/JM.jpg 808w\" sizes=\"auto, (max-width: 735px) 100vw, 735px\" \/><figcaption>Jorge Maxi<\/figcaption><\/figure>\n\n\n\n<figure class=\"wp-block-image\"><img decoding=\"async\" src=\"blob:https:\/\/lasilusiones.com.ar\/65c5715c-9600-449c-8ccd-f3902334c9de\" alt=\"\"\/><figcaption>Dai<\/figcaption><\/figure>\n\n\n\n<figure class=\"wp-block-image\"><img decoding=\"async\" src=\"blob:https:\/\/lasilusiones.com.ar\/11d2a5c7-e185-4651-a46f-1f7246185237\" alt=\"\"\/><figcaption>Santi<\/figcaption><\/figure>\n<\/figure>\n\n\n\n<p><\/p>\n\n\n\n<p>\u00a1Los saludamos en este d\u00eda y agradecemos su tarea!<\/p>\n","protected":false},"excerpt":{"rendered":"<p>Este d\u00eda se celebra para marcar la importancia de este rol en el acompa\u00f1amiento del desarrollo de la actividad educativa y para favorecer el proceso&hellip;<\/p>\n","protected":false},"author":2,"featured_media":0,"comment_status":"open","ping_status":"open","sticky":false,"template":"","format":"standard","meta":{"_monsterinsights_skip_tracking":false,"_monsterinsights_sitenote_active":false,"_monsterinsights_sitenote_note":"","_monsterinsights_sitenote_category":0,"footnotes":""},"categories":[4],"tags":[],"class_list":["post-1698","post","type-post","status-publish","format-standard","hentry","category-articulo"],"_links":{"self":[{"href":"https:\/\/lasilusiones.com.ar\/blog\/wp-json\/wp\/v2\/posts\/1698","targetHints":{"allow":["GET"]}}],"collection":[{"href":"https:\/\/lasilusiones.com.ar\/blog\/wp-json\/wp\/v2\/posts"}],"about":[{"href":"https:\/\/lasilusiones.com.ar\/blog\/wp-json\/wp\/v2\/types\/post"}],"author":[{"embeddable":true,"href":"https:\/\/lasilusiones.com.ar\/blog\/wp-json\/wp\/v2\/users\/2"}],"replies":[{"embeddable":true,"href":"https:\/\/lasilusiones.com.ar\/blog\/wp-json\/wp\/v2\/comments?post=1698"}],"version-history":[{"count":1,"href":"https:\/\/lasilusiones.com.ar\/blog\/wp-json\/wp\/v2\/posts\/1698\/revisions"}],"predecessor-version":[{"id":1702,"href":"https:\/\/lasilusiones.com.ar\/blog\/wp-json\/wp\/v2\/posts\/1698\/revisions\/1702"}],"wp:attachment":[{"href":"https:\/\/lasilusiones.com.ar\/blog\/wp-json\/wp\/v2\/media?parent=1698"}],"wp:term":[{"taxonomy":"category","embeddable":true,"href":"https:\/\/lasilusiones.com.ar\/blog\/wp-json\/wp\/v2\/categories?post=1698"},{"taxonomy":"post_tag","embeddable":true,"href":"https:\/\/lasilusiones.com.ar\/blog\/wp-json\/wp\/v2\/tags?post=1698"}],"curies":[{"name":"wp","href":"https:\/\/api.w.org\/{rel}","templated":true}]}}