{"id":1712,"date":"2022-09-23T11:58:58","date_gmt":"2022-09-23T14:58:58","guid":{"rendered":"https:\/\/lasilusiones.com.ar\/blog\/?p=1712"},"modified":"2022-09-26T14:30:26","modified_gmt":"2022-09-26T17:30:26","slug":"23-de-septiembre-dia-internacional-de-las-lenguas-de-senas-3","status":"publish","type":"post","link":"https:\/\/lasilusiones.com.ar\/blog\/23-de-septiembre-dia-internacional-de-las-lenguas-de-senas-3\/","title":{"rendered":"23 de septiembre: D\u00eda Internacional de las Lenguas de Se\u00f1as"},"content":{"rendered":"\n<p><\/p>\n\n\n\n<p>Este d\u00eda busca apoyar y proteger la identidad ling\u00fc\u00edstica y la diversidad cultural de todas las personas sordas o aquellas que hacen uso de esta lengua. En el mundo hay aproximadamente 72 millones de personas sordas que utilizan m\u00e1s de 300 diferentes lenguas de se\u00f1as, cada una con su propia gram\u00e1tica y l\u00e9xico, seg\u00fan el pa\u00eds en el que se encuentra. Esta fecha fue elegida porque fue cuando se fund\u00f3 la&nbsp;<a rel=\"noreferrer noopener\" href=\"https:\/\/wfdeaf.org\/\" target=\"_blank\">Federaci\u00f3n Mundial de Sordos<\/a>,&nbsp;en 1951.<\/p>\n\n\n\n<p>Reci\u00e9n en 1960 la Lengua de Se\u00f1as empieza a ser considerada como una lengua. \u00bfLengua o lenguaje? Lo correcto es hablar de <strong>lengua <\/strong>dado que es el fruto de un acuerdo de la sociedad, que es la que establece sus condiciones de uso y sus sentidos.<\/p>\n\n\n\n<p>Mar\u00eda es la mam\u00e1 de Ramiro Cattani, artista de la Compa\u00f1\u00eda que tiene 23 a\u00f1os y es hipoac\u00fasico. <\/p>\n\n\n\n<p><em>\u201cLa verdad que la lengua de se\u00f1as es una herramienta muy importante para nuestros hijos y estar\u00eda bueno que en todas las escuelas la ense\u00f1en. Es muy importante tanto para para los que se dicen \u2018normales\u2019 como para las personas hipoac\u00fasicas y tambi\u00e9n para muchas persona que, sin ser <em>hipoac\u00fasicas,<\/em><\/em> <em>no hablan. Entonces, es una herramienta necesaria para poder comunicarse con cualquier persona. Yo aprend\u00ed lengua de se\u00f1as antes de que Ramiro nazca, no s\u00e9 por qu\u00e9, esas cosas de la vida que Dios te va mandando. Cuando Rami empez\u00f3 el colegio, el Federico Dominick, que es una escuela de aprendizaje de comunicaci\u00f3n y lenguaje, ah\u00ed ense\u00f1an oral y se\u00f1as y as\u00ed fue que Ramiro empez\u00f3 a hablar con lengua de se\u00f1as. Hoy en d\u00eda Ramiro la usa en algunas ocasiones cuando, por ejemplo, hay algo que \u00e9l me quiere decir oralmente y yo no le entiendo, trata de ayudarse con lengua de se\u00f1as. La hipoacusia de Ramiro es leve, por eso \u00e9l se puede comunicar bastante bien, solo hay que prestarle atenci\u00f3n y pedirle que repita lo que quiere decir pero, la verdad, es que se maneja muy bien en forma oral. Le mando un beso enorme a todas las personas que manejan lengua de se\u00f1as y ojal\u00e1 puedan ense\u00f1arla en todas las escuelas&#8221;.<\/em><\/p>\n\n\n\n<p><strong>Ramiro&nbsp;<\/strong>nos deja este mensaje:<\/p>\n\n\n\n<figure class=\"wp-block-video\"><video height=\"352\" style=\"aspect-ratio: 640 \/ 352;\" width=\"640\" controls src=\"https:\/\/lasilusiones.com.ar\/blog\/wp-content\/uploads\/2022\/09\/WhatsApp-Video-2022-09-23-at-11.12.14-1.mp4\"><\/video><\/figure>\n\n\n\n<p><\/p>\n\n\n\n<p>\u00bfY vos? \u00bfAlguna vez pensaste en aprender Lengua de Se\u00f1as Argentina? En <a rel=\"noreferrer noopener\" href=\"https:\/\/cui.edu.ar\/idioma.php?id=18\" data-type=\"URL\" data-id=\"https:\/\/cui.edu.ar\/idioma.php?id=18\" target=\"_blank\">Centro Universitario de Idiomas<\/a> de la Universidad de Buenos Aires pod\u00e9s hacerlo.<\/p>\n","protected":false},"excerpt":{"rendered":"<p>Este d\u00eda busca apoyar y proteger la identidad ling\u00fc\u00edstica y la diversidad cultural de todas las personas sordas o aquellas que hacen uso de esta&hellip;<\/p>\n","protected":false},"author":2,"featured_media":1707,"comment_status":"open","ping_status":"open","sticky":false,"template":"","format":"standard","meta":{"_monsterinsights_skip_tracking":false,"_monsterinsights_sitenote_active":false,"_monsterinsights_sitenote_note":"","_monsterinsights_sitenote_category":0,"footnotes":""},"categories":[4],"tags":[],"class_list":["post-1712","post","type-post","status-publish","format-standard","has-post-thumbnail","hentry","category-articulo"],"_links":{"self":[{"href":"https:\/\/lasilusiones.com.ar\/blog\/wp-json\/wp\/v2\/posts\/1712","targetHints":{"allow":["GET"]}}],"collection":[{"href":"https:\/\/lasilusiones.com.ar\/blog\/wp-json\/wp\/v2\/posts"}],"about":[{"href":"https:\/\/lasilusiones.com.ar\/blog\/wp-json\/wp\/v2\/types\/post"}],"author":[{"embeddable":true,"href":"https:\/\/lasilusiones.com.ar\/blog\/wp-json\/wp\/v2\/users\/2"}],"replies":[{"embeddable":true,"href":"https:\/\/lasilusiones.com.ar\/blog\/wp-json\/wp\/v2\/comments?post=1712"}],"version-history":[{"count":2,"href":"https:\/\/lasilusiones.com.ar\/blog\/wp-json\/wp\/v2\/posts\/1712\/revisions"}],"predecessor-version":[{"id":1715,"href":"https:\/\/lasilusiones.com.ar\/blog\/wp-json\/wp\/v2\/posts\/1712\/revisions\/1715"}],"wp:featuredmedia":[{"embeddable":true,"href":"https:\/\/lasilusiones.com.ar\/blog\/wp-json\/wp\/v2\/media\/1707"}],"wp:attachment":[{"href":"https:\/\/lasilusiones.com.ar\/blog\/wp-json\/wp\/v2\/media?parent=1712"}],"wp:term":[{"taxonomy":"category","embeddable":true,"href":"https:\/\/lasilusiones.com.ar\/blog\/wp-json\/wp\/v2\/categories?post=1712"},{"taxonomy":"post_tag","embeddable":true,"href":"https:\/\/lasilusiones.com.ar\/blog\/wp-json\/wp\/v2\/tags?post=1712"}],"curies":[{"name":"wp","href":"https:\/\/api.w.org\/{rel}","templated":true}]}}