{"id":176,"date":"2018-12-03T14:32:15","date_gmt":"2018-12-03T17:32:15","guid":{"rendered":"https:\/\/lasilusiones.com.ar\/blog\/?p=176"},"modified":"2018-12-03T14:32:15","modified_gmt":"2018-12-03T17:32:15","slug":"nota-de-los-espectaculos-de-la-sede-de-lanus-en-el-diario-popular","status":"publish","type":"post","link":"https:\/\/lasilusiones.com.ar\/blog\/nota-de-los-espectaculos-de-la-sede-de-lanus-en-el-diario-popular\/","title":{"rendered":"Nota de los espect\u00e1culos de la sede de Lan\u00fas en el Diario Popular"},"content":{"rendered":"<p>El martes 3 de diciembre el Diario Popular public\u00f3 una nota sobre los estrenos de la sede Lan\u00fas de Las Ilusiones:<\/p>\n<p>&#8220;Celebrando sus 10 a\u00f1os de vida, la compa\u00f1\u00eda de arte inclusivo<strong>\u00a0\u201cLas Ilusiones\u201d<\/strong>\u00a0de Lan\u00fas -que funciona en Basabilvaso 1989- estren\u00f3 tres nuevas producciones en la<strong>\u00a0Universidad Nacional de Lan\u00fas (UNLa)<\/strong>, donde se present\u00f3 por tercer a\u00f1o consecutivo&#8221;&#8230;<\/p>\n<p><a href=\"https:\/\/www.diariopopular.com.ar\/espectaculos\/lanus-renovadas-ilusiones-festejan-10-anos-teatro-y-arte-inclusivo-n377818\">Para seguir leyendo la nota completa del Diario Popular click AQU\u00cd<\/a><\/p>\n<p>&nbsp;<\/p>\n<p><img loading=\"lazy\" decoding=\"async\" class=\"alignnone size-medium wp-image-177\" src=\"https:\/\/lasilusiones.com.ar\/blog\/wp-content\/uploads\/2018\/12\/sede-lanus-2-300x222.jpg\" alt=\"\" width=\"300\" height=\"222\" \/><\/p>\n","protected":false},"excerpt":{"rendered":"<p>El martes 3 de diciembre el Diario Popular public\u00f3 una nota sobre los estrenos de la sede Lan\u00fas de Las Ilusiones: &#8220;Celebrando sus 10 a\u00f1os&hellip;<\/p>\n","protected":false},"author":1,"featured_media":178,"comment_status":"open","ping_status":"open","sticky":false,"template":"","format":"standard","meta":{"_monsterinsights_skip_tracking":false,"_monsterinsights_sitenote_active":false,"_monsterinsights_sitenote_note":"","_monsterinsights_sitenote_category":0,"footnotes":""},"categories":[8],"tags":[33,48],"class_list":["post-176","post","type-post","status-publish","format-standard","has-post-thumbnail","hentry","category-prensa","tag-lanus","tag-sede"],"_links":{"self":[{"href":"https:\/\/lasilusiones.com.ar\/blog\/wp-json\/wp\/v2\/posts\/176","targetHints":{"allow":["GET"]}}],"collection":[{"href":"https:\/\/lasilusiones.com.ar\/blog\/wp-json\/wp\/v2\/posts"}],"about":[{"href":"https:\/\/lasilusiones.com.ar\/blog\/wp-json\/wp\/v2\/types\/post"}],"author":[{"embeddable":true,"href":"https:\/\/lasilusiones.com.ar\/blog\/wp-json\/wp\/v2\/users\/1"}],"replies":[{"embeddable":true,"href":"https:\/\/lasilusiones.com.ar\/blog\/wp-json\/wp\/v2\/comments?post=176"}],"version-history":[{"count":0,"href":"https:\/\/lasilusiones.com.ar\/blog\/wp-json\/wp\/v2\/posts\/176\/revisions"}],"wp:featuredmedia":[{"embeddable":true,"href":"https:\/\/lasilusiones.com.ar\/blog\/wp-json\/"}],"wp:attachment":[{"href":"https:\/\/lasilusiones.com.ar\/blog\/wp-json\/wp\/v2\/media?parent=176"}],"wp:term":[{"taxonomy":"category","embeddable":true,"href":"https:\/\/lasilusiones.com.ar\/blog\/wp-json\/wp\/v2\/categories?post=176"},{"taxonomy":"post_tag","embeddable":true,"href":"https:\/\/lasilusiones.com.ar\/blog\/wp-json\/wp\/v2\/tags?post=176"}],"curies":[{"name":"wp","href":"https:\/\/api.w.org\/{rel}","templated":true}]}}