{"id":1767,"date":"2022-10-03T14:14:00","date_gmt":"2022-10-03T17:14:00","guid":{"rendered":"https:\/\/lasilusiones.com.ar\/blog\/?p=1767"},"modified":"2022-10-05T08:20:19","modified_gmt":"2022-10-05T11:20:19","slug":"conociendo-a-los-artistas-de-septiembre","status":"publish","type":"post","link":"https:\/\/lasilusiones.com.ar\/blog\/conociendo-a-los-artistas-de-septiembre\/","title":{"rendered":"Conociendo a los artistas de septiembre"},"content":{"rendered":"\n<p><\/p>\n\n\n\n<p>Otro mes lleno de historias que nos motivan a seguir. Los invitamos a que las recorran.<\/p>\n\n\n\n<p class=\"has-regular-font-size\"><strong>Emiliano, sede Olivos<\/strong><\/p>\n\n\n\n<p>Los d\u00edas de Emi est\u00e1n repletos de actividades art\u00edsticas, deportivas y laborales y las disfruta con amigos y familia. Hace percusi\u00f3n desde hace m\u00e1s de 10 a\u00f1os, cuando ingres\u00f3 al Centro Educaci\u00f3n de Formaci\u00f3n Laboral, en Olivos. \u201c<em>Nos enteramos que hab\u00eda un grupo de personas con discapacidad que hac\u00eda percusi\u00f3n, se llaman Los Cachorros y el director es Jorge Chicone. Es un grupo que pertenece a la municipalidad de Vicente L\u00f3pez y se juntan en una sociedad de fomento. Hicieron varias presentaciones en diferentes lugares para los carnavales o se presentan en el r\u00edo y han estado varias veces en las caminatas por discapacidad. Est\u00e1 bien organizado el grupo y Emiliano es feliz ah\u00ed<\/em>\u201d, nos cont\u00f3 Moni, su mam\u00e1. Adem\u00e1s, hace casi 20 a\u00f1os que Emi va a Campo Uno, en Olivos tambi\u00e9n, donde hace varios deportes pero su fuerte son el f\u00fatbol y la nataci\u00f3n. Est\u00e1 en el equipo gris de f\u00fatbol, en el que son todas personas con S\u00edndrome de Down y compiten en la Liga de Tigre. Tambi\u00e9n va a talleres de folklore junto con sus pap\u00e1s, porque le gusta mucho bailar, puede socializar con gente que no es de su edad y adem\u00e1s le ayuda a memorizar algunas coreograf\u00edas complejas. Moni nos cont\u00f3 que \u00e9l est\u00e1 muy feliz de estar en ese grupo. Y como si todo esto fuera poco, tambi\u00e9n trabaja en una confiter\u00eda que se llama Santiam\u00e9n, desde el 2014, donde empez\u00f3 unos d\u00edas para ver si le gustaba. Los due\u00f1os quer\u00edan en el equipo a una persona con discapacidad. Comenz\u00f3 como pasante y en el 2016 lo tomaron efectivo.<\/p>\n\n\n\n<figure class=\"wp-block-gallery has-nested-images columns-default is-cropped wp-block-gallery-1 is-layout-flex wp-block-gallery-is-layout-flex\">\n<figure class=\"wp-block-image size-large\"><img loading=\"lazy\" decoding=\"async\" width=\"768\" height=\"1024\" data-id=\"1770\" src=\"https:\/\/lasilusiones.com.ar\/blog\/wp-content\/uploads\/2022\/10\/WhatsApp-Image-2022-09-01-at-12.08.15-1.jpeg\" alt=\"\" class=\"wp-image-1770\" srcset=\"https:\/\/lasilusiones.com.ar\/blog\/wp-content\/uploads\/2022\/10\/WhatsApp-Image-2022-09-01-at-12.08.15-1.jpeg 768w, https:\/\/lasilusiones.com.ar\/blog\/wp-content\/uploads\/2022\/10\/WhatsApp-Image-2022-09-01-at-12.08.15-1-225x300.jpeg 225w\" sizes=\"auto, (max-width: 768px) 100vw, 768px\" \/><figcaption>Con el equipo de Campo Uno<\/figcaption><\/figure>\n\n\n\n<figure class=\"wp-block-image size-large\"><img loading=\"lazy\" decoding=\"async\" width=\"720\" height=\"540\" data-id=\"1771\" src=\"https:\/\/lasilusiones.com.ar\/blog\/wp-content\/uploads\/2022\/10\/Imagen1.jpg\" alt=\"\" class=\"wp-image-1771\" srcset=\"https:\/\/lasilusiones.com.ar\/blog\/wp-content\/uploads\/2022\/10\/Imagen1.jpg 720w, https:\/\/lasilusiones.com.ar\/blog\/wp-content\/uploads\/2022\/10\/Imagen1-300x225.jpg 300w\" sizes=\"auto, (max-width: 720px) 100vw, 720px\" \/><figcaption>En la confiter\u00eda, con sus compa\u00f1eros de trabajo<\/figcaption><\/figure>\n<\/figure>\n\n\n\n<p><\/p>\n\n\n\n<p><\/p>\n\n\n\n<p class=\"has-regular-font-size\"><strong>Fernando, sede Olivos. <\/strong><\/p>\n\n\n\n<p>\u00bfC\u00f3mo resumir todo lo que hace Fer? Desde muy chico practica nataci\u00f3n porque se lo hab\u00edan recomendado para aumentar su tono muscular. A partir de ese momento (que fue a los 6 meses) hasta el d\u00eda de hoy lo sigue haciendo y le encanta cualquiera de los estilos. Durante cuatro a\u00f1os concurri\u00f3 a Cascos Verde y se recibi\u00f3 de educador ambiental y, a partir del tercer a\u00f1o dio cursos de medio ambiente en distintos colegios, empresas e incluso viaj\u00f3 a Misiones a dar charlas en colegios. En una \u00e9poca hizo alfombras con tela de descarte, un trabajo muy meticuloso, qu\u00e9 exig\u00eda mucha paciencia. \u201c<em>\u00c9l se colocaba los auriculares y escuchaba m\u00fasica mientras las confeccionaba. No eran para para comercializar sino un pasatiempo pero a la gente les gustaban y empez\u00f3 a vender muchas<\/em>\u201d, nos cont\u00f3 Horacio, pap\u00e1 de Fer. Actualmente, concurre al Centro de d\u00eda Fundaci\u00f3n R\u00edo Pintura, donde realiza distintas actividades deportivas, y los lunes a la ma\u00f1ana va a Huerta Org\u00e1nica, en Puerto Libre, San Isidro. Ah\u00ed siembran distintos tipos de semillas, seg\u00fan la estaci\u00f3n y lo que coloque cosechan lo venden al p\u00fablico, dos d\u00edas a la semana y lo que ganan, se divide entre los que trabajan all\u00ed, seg\u00fan las horas trabajadas en el mes. Pero, lo que m\u00e1s le gusta a Fernando es actuar tanto en teatro como en comedia musical, \u201c<em>le encanta bailar, lo lleva en su sangre y no tiene verg\u00fcenza: en cualquier lugar que se encuentre, si hay alguna canci\u00f3n que le guste, empieza a moverse sin interesarle de con qui\u00e9n est\u00e9. Le gusta mucho hacer coreograf\u00edas y tiene una memoria impresionante, porque hay coreograf\u00edas de hace a\u00f1os, que se las acuerda de memoria<\/em>\u201d, cerr\u00f3 Horacio.<\/p>\n\n\n\n<figure class=\"wp-block-gallery has-nested-images columns-default is-cropped wp-block-gallery-2 is-layout-flex wp-block-gallery-is-layout-flex\">\n<figure class=\"wp-block-image size-large\"><img loading=\"lazy\" decoding=\"async\" width=\"768\" height=\"1024\" data-id=\"1790\" src=\"https:\/\/lasilusiones.com.ar\/blog\/wp-content\/uploads\/2022\/10\/WhatsApp-Image-2022-10-04-at-21.23.38-768x1024.jpeg\" alt=\"\" class=\"wp-image-1790\" srcset=\"https:\/\/lasilusiones.com.ar\/blog\/wp-content\/uploads\/2022\/10\/WhatsApp-Image-2022-10-04-at-21.23.38-768x1024.jpeg 768w, https:\/\/lasilusiones.com.ar\/blog\/wp-content\/uploads\/2022\/10\/WhatsApp-Image-2022-10-04-at-21.23.38-225x300.jpeg 225w, https:\/\/lasilusiones.com.ar\/blog\/wp-content\/uploads\/2022\/10\/WhatsApp-Image-2022-10-04-at-21.23.38.jpeg 780w\" sizes=\"auto, (max-width: 768px) 100vw, 768px\" \/><\/figure>\n\n\n\n<figure class=\"wp-block-image size-large\"><img loading=\"lazy\" decoding=\"async\" width=\"768\" height=\"1024\" data-id=\"1791\" src=\"https:\/\/lasilusiones.com.ar\/blog\/wp-content\/uploads\/2022\/10\/WhatsApp-Image-2022-10-04-at-21.23.26-768x1024.jpeg\" alt=\"\" class=\"wp-image-1791\" srcset=\"https:\/\/lasilusiones.com.ar\/blog\/wp-content\/uploads\/2022\/10\/WhatsApp-Image-2022-10-04-at-21.23.26-768x1024.jpeg 768w, https:\/\/lasilusiones.com.ar\/blog\/wp-content\/uploads\/2022\/10\/WhatsApp-Image-2022-10-04-at-21.23.26-225x300.jpeg 225w, https:\/\/lasilusiones.com.ar\/blog\/wp-content\/uploads\/2022\/10\/WhatsApp-Image-2022-10-04-at-21.23.26.jpeg 780w\" sizes=\"auto, (max-width: 768px) 100vw, 768px\" \/><\/figure>\n<\/figure>\n\n\n\n<p><strong>Sebasti\u00e1n, sede Olivos<\/strong><\/p>\n\n\n\n<p>Sebas concurri\u00f3 al CFI Lucero del Alba y siempre tuvo muchas actividades adem\u00e1s de la escolar. \u201c<em>En el \u00faltimo a\u00f1o de formaci\u00f3n en el CFI surgi\u00f3 la idea, junto con otros padres, de juntarnos y darle la posibilidad a nuestros hijos de que tengan una salida laboral. Ah\u00ed nace Celi de Olivos, aprovechando la orientaci\u00f3n de la escuela en pasteler\u00eda y la celiaqu\u00eda de Sebas<\/em>\u201d, nos cont\u00f3 Mariana, su mam\u00e1. Comenz\u00f3 en el a\u00f1o 2017 trabajando una vez por semana, como pasant\u00eda laboral. Una vez que egres\u00f3, empez\u00f3 a trabajar tres veces por semana.<br>Los dos d\u00edas que tiene libres hace pintura, que le encanta, psicopedagog\u00eda, teatro, toca el piano con su profe Ralf y los viernes a la tarde se junta con un grupo de amigos a charlar de sus cosas coordinados por una psic\u00f3loga. Esta reuni\u00f3n muchas veces termina en una salido a tomar o comer algo en alg\u00fan barcito. Tambi\u00e9n va al club dos veces por semana, donde juega al futbol y hace nataci\u00f3n. \u201c<em>Sebas disfruta mucho de todas las actividades que hace y lo que le brinda su trabajo<\/em>\u201d, agreg\u00f3 Mariana.<\/p>\n\n\n\n<p><\/p>\n\n\n\n<figure class=\"wp-block-gallery has-nested-images columns-default is-cropped wp-block-gallery-3 is-layout-flex wp-block-gallery-is-layout-flex\">\n<figure class=\"wp-block-image size-large\"><img loading=\"lazy\" decoding=\"async\" width=\"768\" height=\"1024\" data-id=\"1775\" src=\"https:\/\/lasilusiones.com.ar\/blog\/wp-content\/uploads\/2022\/10\/WhatsApp-Image-2022-09-21-at-14.17.03-768x1024.jpeg\" alt=\"\" class=\"wp-image-1775\" srcset=\"https:\/\/lasilusiones.com.ar\/blog\/wp-content\/uploads\/2022\/10\/WhatsApp-Image-2022-09-21-at-14.17.03-768x1024.jpeg 768w, https:\/\/lasilusiones.com.ar\/blog\/wp-content\/uploads\/2022\/10\/WhatsApp-Image-2022-09-21-at-14.17.03-225x300.jpeg 225w, https:\/\/lasilusiones.com.ar\/blog\/wp-content\/uploads\/2022\/10\/WhatsApp-Image-2022-09-21-at-14.17.03.jpeg 960w\" sizes=\"auto, (max-width: 768px) 100vw, 768px\" \/><\/figure>\n\n\n\n<figure class=\"wp-block-image size-large\"><img loading=\"lazy\" decoding=\"async\" width=\"730\" height=\"1024\" data-id=\"1776\" src=\"https:\/\/lasilusiones.com.ar\/blog\/wp-content\/uploads\/2022\/10\/WhatsApp-Image-2022-09-21-at-14.16.10-730x1024.jpeg\" alt=\"\" class=\"wp-image-1776\" srcset=\"https:\/\/lasilusiones.com.ar\/blog\/wp-content\/uploads\/2022\/10\/WhatsApp-Image-2022-09-21-at-14.16.10-730x1024.jpeg 730w, https:\/\/lasilusiones.com.ar\/blog\/wp-content\/uploads\/2022\/10\/WhatsApp-Image-2022-09-21-at-14.16.10-214x300.jpeg 214w, https:\/\/lasilusiones.com.ar\/blog\/wp-content\/uploads\/2022\/10\/WhatsApp-Image-2022-09-21-at-14.16.10-768x1077.jpeg 768w, https:\/\/lasilusiones.com.ar\/blog\/wp-content\/uploads\/2022\/10\/WhatsApp-Image-2022-09-21-at-14.16.10.jpeg 913w\" sizes=\"auto, (max-width: 730px) 100vw, 730px\" \/><\/figure>\n<\/figure>\n\n\n\n<p><\/p>\n\n\n\n<p><strong>Leo, sede Lan\u00fas<\/strong><\/p>\n\n\n\n<p>Cuando termin\u00f3 la escuela, con su familia, buscaron opciones para ver con qu\u00e9 actividad pod\u00eda continuar y su mam\u00e1 Susana pens\u00f3 en los talleres protegidos. Eligieron uno por la calidad humana, donde Leo se integr\u00f3 bien desde la primera reuni\u00f3n de la que particip\u00f3. As\u00ed fue que empez\u00f3 a concurrir al taller de pan, a sus 22 a\u00f1os. En el 2011 dej\u00f3 porque se dio una posibilidad de entrar en el Ministerio de Justicia donde estuvo tres a\u00f1os pero luego volvi\u00f3 al taller que se transform\u00f3 en panader\u00eda. \u201c<em>Ahora fue designado a la parte de atenci\u00f3n al cliente y la verdad que le gusta m\u00e1s porque charla con los clientes, le interesa conocer gente distinta y, seg\u00fan me dice la encargada, siempre est\u00e1 dispuesto a hacer las cosas que tiene que hacer. Trabaja de martes a s\u00e1bado de 9 a 13<\/em>\u201d, nos cont\u00f3 Susana. Adem\u00e1s, todos los d\u00edas tiene alguna actividad, los lunes va a la psicopedagoga; los martes, cuando sale de la panader\u00eda, se queda con sus compa\u00f1eros y van al club a hacer deporte o tomar algo; mi\u00e9rcoles y jueves hace teatro y comedia musical; y los viernes va a pileta y veces se junta con alg\u00fan amigo en su casa. &#8220;<em>Lo vemos conforme y contento con todo lo que hace&#8221;<\/em>, cerr\u00f3 Susana.<\/p>\n\n\n\n<figure class=\"wp-block-gallery has-nested-images columns-default is-cropped wp-block-gallery-4 is-layout-flex wp-block-gallery-is-layout-flex\">\n<figure class=\"wp-block-image size-large\"><img loading=\"lazy\" decoding=\"async\" width=\"768\" height=\"1024\" data-id=\"1772\" src=\"https:\/\/lasilusiones.com.ar\/blog\/wp-content\/uploads\/2022\/10\/WhatsApp-Image-2022-09-29-at-13.45.50.jpeg\" alt=\"\" class=\"wp-image-1772\" srcset=\"https:\/\/lasilusiones.com.ar\/blog\/wp-content\/uploads\/2022\/10\/WhatsApp-Image-2022-09-29-at-13.45.50.jpeg 768w, https:\/\/lasilusiones.com.ar\/blog\/wp-content\/uploads\/2022\/10\/WhatsApp-Image-2022-09-29-at-13.45.50-225x300.jpeg 225w\" sizes=\"auto, (max-width: 768px) 100vw, 768px\" \/><figcaption>Con sus compa\u00f1eros en la cocina<\/figcaption><\/figure>\n\n\n\n<figure class=\"wp-block-image size-large\"><img loading=\"lazy\" decoding=\"async\" width=\"768\" height=\"1024\" data-id=\"1773\" src=\"https:\/\/lasilusiones.com.ar\/blog\/wp-content\/uploads\/2022\/10\/WhatsApp-Image-2022-09-29-at-13.39.21.jpeg\" alt=\"\" class=\"wp-image-1773\" srcset=\"https:\/\/lasilusiones.com.ar\/blog\/wp-content\/uploads\/2022\/10\/WhatsApp-Image-2022-09-29-at-13.39.21.jpeg 768w, https:\/\/lasilusiones.com.ar\/blog\/wp-content\/uploads\/2022\/10\/WhatsApp-Image-2022-09-29-at-13.39.21-225x300.jpeg 225w\" sizes=\"auto, (max-width: 768px) 100vw, 768px\" \/><figcaption>En el mostrador, lo que m\u00e1s le gusta<\/figcaption><\/figure>\n<\/figure>\n\n\n\n<p><\/p>\n","protected":false},"excerpt":{"rendered":"<p>Otro mes lleno de historias que nos motivan a seguir. Los invitamos a que las recorran. Emiliano, sede Olivos Los d\u00edas de Emi est\u00e1n repletos&hellip;<\/p>\n","protected":false},"author":2,"featured_media":1777,"comment_status":"open","ping_status":"open","sticky":false,"template":"","format":"standard","meta":{"_monsterinsights_skip_tracking":false,"_monsterinsights_sitenote_active":false,"_monsterinsights_sitenote_note":"","_monsterinsights_sitenote_category":0,"footnotes":""},"categories":[4],"tags":[],"class_list":["post-1767","post","type-post","status-publish","format-standard","has-post-thumbnail","hentry","category-articulo"],"_links":{"self":[{"href":"https:\/\/lasilusiones.com.ar\/blog\/wp-json\/wp\/v2\/posts\/1767","targetHints":{"allow":["GET"]}}],"collection":[{"href":"https:\/\/lasilusiones.com.ar\/blog\/wp-json\/wp\/v2\/posts"}],"about":[{"href":"https:\/\/lasilusiones.com.ar\/blog\/wp-json\/wp\/v2\/types\/post"}],"author":[{"embeddable":true,"href":"https:\/\/lasilusiones.com.ar\/blog\/wp-json\/wp\/v2\/users\/2"}],"replies":[{"embeddable":true,"href":"https:\/\/lasilusiones.com.ar\/blog\/wp-json\/wp\/v2\/comments?post=1767"}],"version-history":[{"count":3,"href":"https:\/\/lasilusiones.com.ar\/blog\/wp-json\/wp\/v2\/posts\/1767\/revisions"}],"predecessor-version":[{"id":1792,"href":"https:\/\/lasilusiones.com.ar\/blog\/wp-json\/wp\/v2\/posts\/1767\/revisions\/1792"}],"wp:featuredmedia":[{"embeddable":true,"href":"https:\/\/lasilusiones.com.ar\/blog\/wp-json\/wp\/v2\/media\/1777"}],"wp:attachment":[{"href":"https:\/\/lasilusiones.com.ar\/blog\/wp-json\/wp\/v2\/media?parent=1767"}],"wp:term":[{"taxonomy":"category","embeddable":true,"href":"https:\/\/lasilusiones.com.ar\/blog\/wp-json\/wp\/v2\/categories?post=1767"},{"taxonomy":"post_tag","embeddable":true,"href":"https:\/\/lasilusiones.com.ar\/blog\/wp-json\/wp\/v2\/tags?post=1767"}],"curies":[{"name":"wp","href":"https:\/\/api.w.org\/{rel}","templated":true}]}}