{"id":1779,"date":"2022-10-05T07:01:24","date_gmt":"2022-10-05T10:01:24","guid":{"rendered":"https:\/\/lasilusiones.com.ar\/blog\/?p=1779"},"modified":"2022-10-05T08:20:36","modified_gmt":"2022-10-05T11:20:36","slug":"octubre-mes-de-concientizacion-sobre-el-sindrome-de-down%ef%bf%bc","status":"publish","type":"post","link":"https:\/\/lasilusiones.com.ar\/blog\/octubre-mes-de-concientizacion-sobre-el-sindrome-de-down%ef%bf%bc\/","title":{"rendered":"Octubre: mes de concientizaci\u00f3n sobre el S\u00edndrome de Down"},"content":{"rendered":"\n<p><\/p>\n\n\n\n<p>Se determin\u00f3 esta fecha con la finalidad de concientizar y ampliar la mirada de la sociedad hacia las personas con S\u00edndrome de Down. Este s\u00edndrome, tambi\u00e9n llamado trisom\u00eda 21, se produce por una alteraci\u00f3n gen\u00e9tica causada por la existencia de material gen\u00e9tico extra en el cromosoma 21: todas las personas tenemos 23 pares de cromosomas, aquellas con s\u00edndrome de Down, tienen 3 cromosomas en el par n\u00famero 21.La incidencia estimada del s\u00edndrome de Down a nivel mundial se sit\u00faa entre 1 de cada 1.000 reci\u00e9n nacidos y se produce de forma espont\u00e1nea, sin que exista una causa aparente sobre la que se pueda actuar para impedirlo, siendo la principal causa de discapacidad intelectual.<\/p>\n\n\n\n<p>Le preguntamos a Ana Paula, Lucia, Valen y Ale, quisimos saber qu\u00e9 es para ellos el S\u00edndrome de Dawn, c\u00f3mo viven los desaf\u00edos del d\u00eda a d\u00eda y qu\u00e9 mensaje le dejar\u00edan a la sociedad.<\/p>\n\n\n\n<p><\/p>\n\n\n\n<div class=\"wp-block-media-text alignwide is-stacked-on-mobile\" style=\"grid-template-columns:33% auto\"><figure class=\"wp-block-media-text__media\"><img loading=\"lazy\" decoding=\"async\" width=\"609\" height=\"590\" src=\"https:\/\/lasilusiones.com.ar\/blog\/wp-content\/uploads\/2022\/10\/ANap.jpg\" alt=\"\" class=\"wp-image-1780 size-full\" srcset=\"https:\/\/lasilusiones.com.ar\/blog\/wp-content\/uploads\/2022\/10\/ANap.jpg 609w, https:\/\/lasilusiones.com.ar\/blog\/wp-content\/uploads\/2022\/10\/ANap-300x291.jpg 300w\" sizes=\"auto, (max-width: 609px) 100vw, 609px\" \/><\/figure><div class=\"wp-block-media-text__content\">\n<p style=\"font-size:18px\"><strong>Ana Paula<\/strong><\/p>\n\n\n\n<p>Hago muchas actividades, vivo con mi familia, tengo sobrinos hermosos y este \u00faltimo tiempo trabaj\u00e9 en Toyota.<\/p>\n\n\n\n<p>Mi mensaje es pedir que nos discriminen menos, que haya m\u00e1s puestos laborales e integraci\u00f3n con el resto de la sociedad.<\/p>\n\n\n\n<p>Ana Paula es una mujer muy sana, desde que naci\u00f3 recibi\u00f3 mucha estimulaci\u00f3n, logr\u00f3 la lecto escritura y hoy es una persona feliz.<\/p>\n<\/div><\/div>\n\n\n\n<div class=\"wp-block-media-text alignwide has-media-on-the-right is-stacked-on-mobile\" style=\"grid-template-columns:auto 32%\"><figure class=\"wp-block-media-text__media\"><img loading=\"lazy\" decoding=\"async\" width=\"679\" height=\"664\" src=\"https:\/\/lasilusiones.com.ar\/blog\/wp-content\/uploads\/2022\/10\/Lucia.jpg\" alt=\"\" class=\"wp-image-1781 size-full\" srcset=\"https:\/\/lasilusiones.com.ar\/blog\/wp-content\/uploads\/2022\/10\/Lucia.jpg 679w, https:\/\/lasilusiones.com.ar\/blog\/wp-content\/uploads\/2022\/10\/Lucia-300x293.jpg 300w\" sizes=\"auto, (max-width: 679px) 100vw, 679px\" \/><\/figure><div class=\"wp-block-media-text__content\">\n<p style=\"font-size:18px\"><strong>Luc\u00eda<\/strong><\/p>\n\n\n\n<p>Es la alteraci\u00f3n gen\u00e9tica producida por el cromosoma 21, no es una enfermedad. Somos personas que tenemos talento y tambi\u00e9n dificultades.<\/p>\n\n\n\n<p>Nuestro desaf\u00edo es incluirnos en la sociedad y cumplir nuestros sue\u00f1os.<\/p>\n\n\n\n<p>Mi mensaje es que queremos tener un lugar en el mundo y ser felices. \u00bfUstedes nos pueden ayudar?<\/p>\n<\/div><\/div>\n\n\n\n<div class=\"wp-block-media-text alignwide is-stacked-on-mobile\" style=\"grid-template-columns:38% auto\"><figure class=\"wp-block-media-text__media\"><img loading=\"lazy\" decoding=\"async\" width=\"530\" height=\"532\" src=\"https:\/\/lasilusiones.com.ar\/blog\/wp-content\/uploads\/2022\/10\/valen.png\" alt=\"\" class=\"wp-image-1788 size-full\" srcset=\"https:\/\/lasilusiones.com.ar\/blog\/wp-content\/uploads\/2022\/10\/valen.png 530w, https:\/\/lasilusiones.com.ar\/blog\/wp-content\/uploads\/2022\/10\/valen-300x300.png 300w, https:\/\/lasilusiones.com.ar\/blog\/wp-content\/uploads\/2022\/10\/valen-150x150.png 150w\" sizes=\"auto, (max-width: 530px) 100vw, 530px\" \/><\/figure><div class=\"wp-block-media-text__content\">\n<p style=\"font-size:18px\"><strong>Valen<\/strong><\/p>\n\n\n\n<p>Es una caracter\u00edstica gen\u00e9tica, es un cromosoma extra.<\/p>\n\n\n\n<p>Los objetivos son manejarnos solos, ser responsables y puntuales, tener autonom\u00eda. Esas son las cosas que yo hago: viajar en colectivo, en tren, ir a la facultad, al teatro, hacer deportes o manejar plata. Los que hacen todas las personas.<\/p>\n\n\n\n<p>Mi mensaje es que no nos desprotejan pero tampoco nos traten como ni\u00f1os ni angelitos porque vivimos las mismas realidades que todos. M\u00e1s que inclusi\u00f3n, que sea convivencia porque todos debemos convivir libremente.<\/p>\n<\/div><\/div>\n\n\n\n<div class=\"wp-block-media-text alignwide has-media-on-the-right is-stacked-on-mobile\" style=\"grid-template-columns:auto 35%\"><figure class=\"wp-block-media-text__media\"><img loading=\"lazy\" decoding=\"async\" width=\"1024\" height=\"1009\" src=\"https:\/\/lasilusiones.com.ar\/blog\/wp-content\/uploads\/2022\/10\/WhatsApp-Image-2022-10-04-at-14.09.43-1024x1009.jpeg\" alt=\"\" class=\"wp-image-1782 size-full\" srcset=\"https:\/\/lasilusiones.com.ar\/blog\/wp-content\/uploads\/2022\/10\/WhatsApp-Image-2022-10-04-at-14.09.43-1024x1009.jpeg 1024w, https:\/\/lasilusiones.com.ar\/blog\/wp-content\/uploads\/2022\/10\/WhatsApp-Image-2022-10-04-at-14.09.43-300x296.jpeg 300w, https:\/\/lasilusiones.com.ar\/blog\/wp-content\/uploads\/2022\/10\/WhatsApp-Image-2022-10-04-at-14.09.43-768x757.jpeg 768w, https:\/\/lasilusiones.com.ar\/blog\/wp-content\/uploads\/2022\/10\/WhatsApp-Image-2022-10-04-at-14.09.43.jpeg 1076w\" sizes=\"auto, (max-width: 1024px) 100vw, 1024px\" \/><\/figure><div class=\"wp-block-media-text__content\">\n<p style=\"font-size:18px\"><strong>Alejandro<\/strong><\/p>\n\n\n\n<p>Yo creo que todas las personas somos distintas, pero deber\u00edamos tener los mismos derechos. Compartimos el mismo mundo y todo ser\u00eda m\u00e1s f\u00e1cil si pens\u00e1ramos con el coraz\u00f3n.<\/p>\n<\/div><\/div>\n\n\n\n<p><\/p>\n\n\n\n<p>Deseamos que cada d\u00eda podamos convivir con nuestra diversidad en un mundo que nos juzgue menos y nos abrace m\u00e1s.<\/p>\n","protected":false},"excerpt":{"rendered":"<p>Se determin\u00f3 esta fecha con la finalidad de concientizar y ampliar la mirada de la sociedad hacia las personas con S\u00edndrome de Down. Este s\u00edndrome,&hellip;<\/p>\n","protected":false},"author":2,"featured_media":0,"comment_status":"open","ping_status":"open","sticky":false,"template":"","format":"standard","meta":{"_monsterinsights_skip_tracking":false,"_monsterinsights_sitenote_active":false,"_monsterinsights_sitenote_note":"","_monsterinsights_sitenote_category":0,"footnotes":""},"categories":[4],"tags":[],"class_list":["post-1779","post","type-post","status-publish","format-standard","hentry","category-articulo"],"_links":{"self":[{"href":"https:\/\/lasilusiones.com.ar\/blog\/wp-json\/wp\/v2\/posts\/1779","targetHints":{"allow":["GET"]}}],"collection":[{"href":"https:\/\/lasilusiones.com.ar\/blog\/wp-json\/wp\/v2\/posts"}],"about":[{"href":"https:\/\/lasilusiones.com.ar\/blog\/wp-json\/wp\/v2\/types\/post"}],"author":[{"embeddable":true,"href":"https:\/\/lasilusiones.com.ar\/blog\/wp-json\/wp\/v2\/users\/2"}],"replies":[{"embeddable":true,"href":"https:\/\/lasilusiones.com.ar\/blog\/wp-json\/wp\/v2\/comments?post=1779"}],"version-history":[{"count":4,"href":"https:\/\/lasilusiones.com.ar\/blog\/wp-json\/wp\/v2\/posts\/1779\/revisions"}],"predecessor-version":[{"id":1793,"href":"https:\/\/lasilusiones.com.ar\/blog\/wp-json\/wp\/v2\/posts\/1779\/revisions\/1793"}],"wp:attachment":[{"href":"https:\/\/lasilusiones.com.ar\/blog\/wp-json\/wp\/v2\/media?parent=1779"}],"wp:term":[{"taxonomy":"category","embeddable":true,"href":"https:\/\/lasilusiones.com.ar\/blog\/wp-json\/wp\/v2\/categories?post=1779"},{"taxonomy":"post_tag","embeddable":true,"href":"https:\/\/lasilusiones.com.ar\/blog\/wp-json\/wp\/v2\/tags?post=1779"}],"curies":[{"name":"wp","href":"https:\/\/api.w.org\/{rel}","templated":true}]}}