{"id":1799,"date":"2022-10-12T07:57:05","date_gmt":"2022-10-12T10:57:05","guid":{"rendered":"https:\/\/lasilusiones.com.ar\/blog\/?p=1799"},"modified":"2022-10-14T16:15:58","modified_gmt":"2022-10-14T19:15:58","slug":"12-de-octubre-dia-del-respeto-a-la-diversidad-cultural","status":"publish","type":"post","link":"https:\/\/lasilusiones.com.ar\/blog\/12-de-octubre-dia-del-respeto-a-la-diversidad-cultural\/","title":{"rendered":"12 de octubre: D\u00eda del Respeto a la Diversidad Cultural"},"content":{"rendered":"\n<p>El d\u00eda 12 de octubre se conmemora el D\u00eda del Respeto a la Diversidad Cultural, fecha que promueve el reconocimiento y respeto por los pueblos originarios que se encuentran en el territorio de nuestro pa\u00eds y busca visibilizar y valorizar la pluralidad de culturas que han aportado y aportan a la construcci\u00f3n de nuestra identidad.<\/p>\n\n\n\n<p>Como saben, en Las Ilusiones abrazamos la diversidad y la potencialidad que existe en ella, que nos hace crecer como sociedad. En septiembre estrenamos \u201cVolviendo al origen\u201d, producci\u00f3n de danza teatro, que se pudo llevar adelante gracias a ganar una beca de Prodanza.<\/p>\n\n\n\n<p>La obra se sit\u00faa en un futuro en donde todos visten igual, se mueven y hablan de la misma forma y tres j\u00f3venes tienen una misi\u00f3n: poder llevar paz, esperanza y aceptaci\u00f3n a la diversidad, ya que a lo largo del tiempo los habitantes de la tierra se fueron obstaculizando por su individualidad, actuando por inercia y ego y se convirtieron en una masa sin diferencias. As\u00ed, recorren distintas naciones, descubren diferentes culturas, ritmos y m\u00fasicas, llen\u00e1ndose de huellas y vivencias; redescubriendo el valor de la diversidad dentro de la comunidad.<\/p>\n\n\n\n<p><em>Volviendo al origen<\/em> tuvo cuatro funciones a sala llena en septiembre, se fue a participar en los Juegos Bonaerenses a Mar del Plata, donde gan\u00f3 medalla de plata en la categor\u00eda danza teatro y ahora vuelve a presentarse los mi\u00e9rcoles 12, 19 y 26 de octubre en el Teatro La Tertulia.<\/p>\n\n\n\n<p>Si todav\u00eda no viste este viaje m\u00e1gico, te invitamos a que saques las entradas en <a href=\"https:\/\/publico.alternativateatral.com\/entradas80267-volviendo-al-origen?o=14\">Alternativa Teatral<\/a>.<\/p>\n\n\n\n<figure class=\"wp-block-gallery has-nested-images columns-default is-cropped wp-block-gallery-1 is-layout-flex wp-block-gallery-is-layout-flex\">\n<figure class=\"wp-block-image size-large\"><img loading=\"lazy\" decoding=\"async\" width=\"1024\" height=\"682\" data-id=\"1800\" src=\"https:\/\/lasilusiones.com.ar\/blog\/wp-content\/uploads\/2022\/10\/WhatsApp-Image-2022-10-11-at-16.53.23-1024x682.jpeg\" alt=\"\" class=\"wp-image-1800\" srcset=\"https:\/\/lasilusiones.com.ar\/blog\/wp-content\/uploads\/2022\/10\/WhatsApp-Image-2022-10-11-at-16.53.23-1024x682.jpeg 1024w, https:\/\/lasilusiones.com.ar\/blog\/wp-content\/uploads\/2022\/10\/WhatsApp-Image-2022-10-11-at-16.53.23-300x200.jpeg 300w, https:\/\/lasilusiones.com.ar\/blog\/wp-content\/uploads\/2022\/10\/WhatsApp-Image-2022-10-11-at-16.53.23-768x512.jpeg 768w, https:\/\/lasilusiones.com.ar\/blog\/wp-content\/uploads\/2022\/10\/WhatsApp-Image-2022-10-11-at-16.53.23-1536x1023.jpeg 1536w, https:\/\/lasilusiones.com.ar\/blog\/wp-content\/uploads\/2022\/10\/WhatsApp-Image-2022-10-11-at-16.53.23.jpeg 1600w\" sizes=\"auto, (max-width: 1024px) 100vw, 1024px\" \/><\/figure>\n\n\n\n<figure class=\"wp-block-image size-large\"><img loading=\"lazy\" decoding=\"async\" width=\"1024\" height=\"443\" data-id=\"1802\" src=\"https:\/\/lasilusiones.com.ar\/blog\/wp-content\/uploads\/2022\/10\/Volviendo3-1024x443.jpg\" alt=\"\" class=\"wp-image-1802\" srcset=\"https:\/\/lasilusiones.com.ar\/blog\/wp-content\/uploads\/2022\/10\/Volviendo3-1024x443.jpg 1024w, https:\/\/lasilusiones.com.ar\/blog\/wp-content\/uploads\/2022\/10\/Volviendo3-300x130.jpg 300w, https:\/\/lasilusiones.com.ar\/blog\/wp-content\/uploads\/2022\/10\/Volviendo3-768x333.jpg 768w, https:\/\/lasilusiones.com.ar\/blog\/wp-content\/uploads\/2022\/10\/Volviendo3.jpg 1076w\" sizes=\"auto, (max-width: 1024px) 100vw, 1024px\" \/><\/figure>\n\n\n\n<figure class=\"wp-block-image size-large\"><img loading=\"lazy\" decoding=\"async\" width=\"1024\" height=\"461\" data-id=\"1803\" src=\"https:\/\/lasilusiones.com.ar\/blog\/wp-content\/uploads\/2022\/10\/Volviendo2-1024x461.jpg\" alt=\"\" class=\"wp-image-1803\" srcset=\"https:\/\/lasilusiones.com.ar\/blog\/wp-content\/uploads\/2022\/10\/Volviendo2-1024x461.jpg 1024w, https:\/\/lasilusiones.com.ar\/blog\/wp-content\/uploads\/2022\/10\/Volviendo2-300x135.jpg 300w, https:\/\/lasilusiones.com.ar\/blog\/wp-content\/uploads\/2022\/10\/Volviendo2-768x346.jpg 768w, https:\/\/lasilusiones.com.ar\/blog\/wp-content\/uploads\/2022\/10\/Volviendo2-1536x692.jpg 1536w, https:\/\/lasilusiones.com.ar\/blog\/wp-content\/uploads\/2022\/10\/Volviendo2.jpg 1599w\" sizes=\"auto, (max-width: 1024px) 100vw, 1024px\" \/><\/figure>\n\n\n\n<figure class=\"wp-block-image size-large\"><img loading=\"lazy\" decoding=\"async\" width=\"1024\" height=\"682\" data-id=\"1801\" src=\"https:\/\/lasilusiones.com.ar\/blog\/wp-content\/uploads\/2022\/10\/WhatsApp-Image-2022-10-11-at-16.53.24-1024x682.jpeg\" alt=\"\" class=\"wp-image-1801\" srcset=\"https:\/\/lasilusiones.com.ar\/blog\/wp-content\/uploads\/2022\/10\/WhatsApp-Image-2022-10-11-at-16.53.24-1024x682.jpeg 1024w, https:\/\/lasilusiones.com.ar\/blog\/wp-content\/uploads\/2022\/10\/WhatsApp-Image-2022-10-11-at-16.53.24-300x200.jpeg 300w, https:\/\/lasilusiones.com.ar\/blog\/wp-content\/uploads\/2022\/10\/WhatsApp-Image-2022-10-11-at-16.53.24-768x512.jpeg 768w, https:\/\/lasilusiones.com.ar\/blog\/wp-content\/uploads\/2022\/10\/WhatsApp-Image-2022-10-11-at-16.53.24-1536x1023.jpeg 1536w, https:\/\/lasilusiones.com.ar\/blog\/wp-content\/uploads\/2022\/10\/WhatsApp-Image-2022-10-11-at-16.53.24.jpeg 1600w\" sizes=\"auto, (max-width: 1024px) 100vw, 1024px\" \/><\/figure>\n<\/figure>\n","protected":false},"excerpt":{"rendered":"<p>El d\u00eda 12 de octubre se conmemora el D\u00eda del Respeto a la Diversidad Cultural, fecha que promueve el reconocimiento y respeto por los pueblos&hellip;<\/p>\n","protected":false},"author":2,"featured_media":1804,"comment_status":"open","ping_status":"open","sticky":false,"template":"","format":"standard","meta":{"_monsterinsights_skip_tracking":false,"_monsterinsights_sitenote_active":false,"_monsterinsights_sitenote_note":"","_monsterinsights_sitenote_category":0,"footnotes":""},"categories":[3,6],"tags":[],"class_list":["post-1799","post","type-post","status-publish","format-standard","has-post-thumbnail","hentry","category-actividades","category-funciones"],"_links":{"self":[{"href":"https:\/\/lasilusiones.com.ar\/blog\/wp-json\/wp\/v2\/posts\/1799","targetHints":{"allow":["GET"]}}],"collection":[{"href":"https:\/\/lasilusiones.com.ar\/blog\/wp-json\/wp\/v2\/posts"}],"about":[{"href":"https:\/\/lasilusiones.com.ar\/blog\/wp-json\/wp\/v2\/types\/post"}],"author":[{"embeddable":true,"href":"https:\/\/lasilusiones.com.ar\/blog\/wp-json\/wp\/v2\/users\/2"}],"replies":[{"embeddable":true,"href":"https:\/\/lasilusiones.com.ar\/blog\/wp-json\/wp\/v2\/comments?post=1799"}],"version-history":[{"count":2,"href":"https:\/\/lasilusiones.com.ar\/blog\/wp-json\/wp\/v2\/posts\/1799\/revisions"}],"predecessor-version":[{"id":1806,"href":"https:\/\/lasilusiones.com.ar\/blog\/wp-json\/wp\/v2\/posts\/1799\/revisions\/1806"}],"wp:featuredmedia":[{"embeddable":true,"href":"https:\/\/lasilusiones.com.ar\/blog\/wp-json\/wp\/v2\/media\/1804"}],"wp:attachment":[{"href":"https:\/\/lasilusiones.com.ar\/blog\/wp-json\/wp\/v2\/media?parent=1799"}],"wp:term":[{"taxonomy":"category","embeddable":true,"href":"https:\/\/lasilusiones.com.ar\/blog\/wp-json\/wp\/v2\/categories?post=1799"},{"taxonomy":"post_tag","embeddable":true,"href":"https:\/\/lasilusiones.com.ar\/blog\/wp-json\/wp\/v2\/tags?post=1799"}],"curies":[{"name":"wp","href":"https:\/\/api.w.org\/{rel}","templated":true}]}}