{"id":180,"date":"2018-12-03T14:55:39","date_gmt":"2018-12-03T17:55:39","guid":{"rendered":"https:\/\/lasilusiones.com.ar\/blog\/?p=180"},"modified":"2018-12-03T14:55:39","modified_gmt":"2018-12-03T17:55:39","slug":"nota-de-las-ilusiones-en-infobae-sobre-el-dia-de-la-persona-con-discapacidad","status":"publish","type":"post","link":"https:\/\/lasilusiones.com.ar\/blog\/nota-de-las-ilusiones-en-infobae-sobre-el-dia-de-la-persona-con-discapacidad\/","title":{"rendered":"Nota de Las Ilusiones en Infobae sobre el d\u00eda de la persona con discapacidad"},"content":{"rendered":"<p>En el d\u00eda en el que se conmemora a la persona con discapacidad, 3 de diciembre, el diario digital Infobae sac\u00f3 una nota en la que habla sobre la Compa\u00f1\u00eda y su trayectoria:<\/p>\n<p>&#8220;Las Ilusiones es una compa\u00f1\u00eda de teatro que se conform\u00f3 en 2009. Tras casi una d\u00e9cada de trabajo ininterrumpido, creci\u00f3 hasta conformar hoy una comunidad de 400 actores con y sin discapacidades. &#8221;\u00a0<a href=\"https:\/\/www.infobae.com\/tendencias\/2018\/12\/03\/cinco-historias-de-superacion-en-el-dia-internacional-de-las-personas-con-discapacidad\/?fbclid=IwAR07Tc_C8OWGmsOIi9HAVpLxQI15EY9bqE4MU3Bm20wTM1HjwXEDRkercRY\">Para leer la nota completa click AQU\u00cd<\/a><\/p>\n<p>&nbsp;<\/p>\n<p><img loading=\"lazy\" decoding=\"async\" class=\"alignnone size-medium wp-image-183\" src=\"https:\/\/lasilusiones.com.ar\/blog\/wp-content\/uploads\/2018\/12\/IMG_8046-300x200.jpg\" alt=\"\" width=\"300\" height=\"200\" \/><\/p>\n","protected":false},"excerpt":{"rendered":"<p>En el d\u00eda en el que se conmemora a la persona con discapacidad, 3 de diciembre, el diario digital Infobae sac\u00f3 una nota en la&hellip;<\/p>\n","protected":false},"author":1,"featured_media":182,"comment_status":"open","ping_status":"open","sticky":false,"template":"","format":"standard","meta":{"_monsterinsights_skip_tracking":false,"_monsterinsights_sitenote_active":false,"_monsterinsights_sitenote_note":"","_monsterinsights_sitenote_category":0,"footnotes":""},"categories":[9],"tags":[],"class_list":["post-180","post","type-post","status-publish","format-standard","has-post-thumbnail","hentry","category-presa"],"_links":{"self":[{"href":"https:\/\/lasilusiones.com.ar\/blog\/wp-json\/wp\/v2\/posts\/180","targetHints":{"allow":["GET"]}}],"collection":[{"href":"https:\/\/lasilusiones.com.ar\/blog\/wp-json\/wp\/v2\/posts"}],"about":[{"href":"https:\/\/lasilusiones.com.ar\/blog\/wp-json\/wp\/v2\/types\/post"}],"author":[{"embeddable":true,"href":"https:\/\/lasilusiones.com.ar\/blog\/wp-json\/wp\/v2\/users\/1"}],"replies":[{"embeddable":true,"href":"https:\/\/lasilusiones.com.ar\/blog\/wp-json\/wp\/v2\/comments?post=180"}],"version-history":[{"count":0,"href":"https:\/\/lasilusiones.com.ar\/blog\/wp-json\/wp\/v2\/posts\/180\/revisions"}],"wp:featuredmedia":[{"embeddable":true,"href":"https:\/\/lasilusiones.com.ar\/blog\/wp-json\/"}],"wp:attachment":[{"href":"https:\/\/lasilusiones.com.ar\/blog\/wp-json\/wp\/v2\/media?parent=180"}],"wp:term":[{"taxonomy":"category","embeddable":true,"href":"https:\/\/lasilusiones.com.ar\/blog\/wp-json\/wp\/v2\/categories?post=180"},{"taxonomy":"post_tag","embeddable":true,"href":"https:\/\/lasilusiones.com.ar\/blog\/wp-json\/wp\/v2\/tags?post=180"}],"curies":[{"name":"wp","href":"https:\/\/api.w.org\/{rel}","templated":true}]}}