{"id":1815,"date":"2022-10-26T19:13:17","date_gmt":"2022-10-26T22:13:17","guid":{"rendered":"https:\/\/lasilusiones.com.ar\/blog\/?p=1815"},"modified":"2022-10-27T13:11:25","modified_gmt":"2022-10-27T16:11:25","slug":"27-de-octubre-dia-mundial-de-la-terapia-ocupacional","status":"publish","type":"post","link":"https:\/\/lasilusiones.com.ar\/blog\/27-de-octubre-dia-mundial-de-la-terapia-ocupacional\/","title":{"rendered":"27 de octubre: D\u00eda Mundial de la Terapia Ocupacional"},"content":{"rendered":"\n<p><\/p>\n\n\n\n<p>La fecha fue proclamada en el a\u00f1o 2010 por la Federaci\u00f3n Mundial de Terapia Ocupacional para visibilizar y promover el trabajo y desarrollo de esta profesi\u00f3n en todo el mundo. Se busca, adem\u00e1s, crear conciencia sobre el impacto positivo que tiene esta profesi\u00f3n, ya que es totalmente imprescindible para la mejora de la vida de muchas personas.<\/p>\n\n\n\n<h2 class=\"has-regular-font-size wp-block-heading\"><strong>\u00bfQu\u00e9 es la Terapia Ocupacional?<\/strong><\/h2>\n\n\n\n<p>Es una ciencia socio-sanitaria que, a trav\u00e9s de actividades, t\u00e9cnicas, y m\u00e9todos terap\u00e9uticos, colabora con las personas a ser independientes y tener mejor calidad de vida, despu\u00e9s de haber sufrido alg\u00fan da\u00f1o cerebral o que tienen alguna dificultad para hacer cualquier actividad cotidiana. Quienes ejercen esta profesi\u00f3n pueden trabajar con las personas desde su infancia hasta la edad adulta, a fin de que puedan desarrollar destrezas, habilidades y capacidades que les posibiliten reposicionarse ante nuevas situaciones, mejorar su capacidad funcional, su calidad de vida y alcanzar el m\u00e1ximo grado de autonom\u00eda personal.<\/p>\n\n\n\n<p><\/p>\n\n\n\n<p style=\"font-size:18px\"><strong>Marina Rodr\u00edguez<\/strong><\/p>\n\n\n\n<div class=\"wp-block-media-text alignwide is-stacked-on-mobile\" style=\"grid-template-columns:43% auto\"><figure class=\"wp-block-media-text__media\"><img loading=\"lazy\" decoding=\"async\" width=\"846\" height=\"1024\" src=\"https:\/\/lasilusiones.com.ar\/blog\/wp-content\/uploads\/2022\/10\/WhatsApp-Image-2022-10-26-at-16.06.33-846x1024.jpeg\" alt=\"\" class=\"wp-image-1830 size-full\" srcset=\"https:\/\/lasilusiones.com.ar\/blog\/wp-content\/uploads\/2022\/10\/WhatsApp-Image-2022-10-26-at-16.06.33-846x1024.jpeg 846w, https:\/\/lasilusiones.com.ar\/blog\/wp-content\/uploads\/2022\/10\/WhatsApp-Image-2022-10-26-at-16.06.33-248x300.jpeg 248w, https:\/\/lasilusiones.com.ar\/blog\/wp-content\/uploads\/2022\/10\/WhatsApp-Image-2022-10-26-at-16.06.33-768x930.jpeg 768w, https:\/\/lasilusiones.com.ar\/blog\/wp-content\/uploads\/2022\/10\/WhatsApp-Image-2022-10-26-at-16.06.33.jpeg 1057w\" sizes=\"auto, (max-width: 846px) 100vw, 846px\" \/><\/figure><div class=\"wp-block-media-text__content\">\n<p>Como solemos hacer, quisimos contar en primera persona esta fecha y por eso nos contactamos con una amiga de Las Ilusiones que hoy desarrolla su profesi\u00f3n en Australia. Marina Rodr\u00edguez, en los inicios de su formaci\u00f3n, pas\u00f3 como actriz&nbsp; incluida en la sede de Olivos y luego fue referente del elenco de teatro de la misma sede.&nbsp;<\/p>\n\n\n\n<p>Pero le pasamos la palabra a ella para que nos cuente su recorrido que ha sido y es, super interesante.&nbsp;<\/p>\n\n\n\n<p><em>&#8220;Empec\u00e9 en el a\u00f1o 2009 estudiando veterinaria siguiendo mi pasi\u00f3n por trabajar con perros. Sin embargo, siempre disfrut\u00e9 mucho de trabajar con personas, conocer sus historias, charlas, generar v\u00ednculos. Luego de un par de a\u00f1os de estudiar veterinaria, me di cuenta que no era la carrera indicada para mi, por ese motivo empec\u00e9 a buscar nuevos horizontes. En ese cambio encontr\u00e9 el mundo de perros de asistencia, perros que son entrenados espec\u00edficamente como soporte para personas con discapacidad. Era un camino que combinaba mis dos pasiones&#8221;.<\/em><\/p>\n<\/div><\/div>\n\n\n\n<p><\/p>\n\n\n\n<p><em>&#8220;Empec\u00e9 a estudiar en Argentina sobre perros de asistencia y esa instancia me abri\u00f3 las puertas para hacer pasant\u00edas en los Estados Unidos. Sin embargo, quer\u00eda estudiar algo relacionado con la salud. Encontr\u00e9 Terapia Ocupacional gracias a una amiga m\u00eda que me dijo \u2018anotate, te va a encantar\u2019. Sin saber muy bien qu\u00e9 era, me anot\u00e9 y me enamor\u00e9 de la carrera instant\u00e1neamente. Sab\u00eda que esta carrera me iba a permitir combinar mis dos pasiones y sacar el mayor provecho de ambas. Tuve la posibilidad de seguir haciendo pasant\u00edas en Estados Unidos, mientras estudiaba en Argentina.&nbsp;<\/em><\/p>\n\n\n\n<p><em>Al terminar la carrera ten\u00eda ganas de viajar un poco con un plan en mente pero, el plan fue mutando a medida que las oportunidades se fueron presentando. En un principio viaje a Nueva Zelanda. Ten\u00eda planeado, como cualquiera que viaja con una Working Holiday Visa (visa de viaje y trabajo), trabajar en empleos aleatorios y recorrer. Poco dur\u00f3 mi aventura ya que me ofrecieron un trabajo en Jap\u00f3n para trabajar en un hospital con un perro que hab\u00eda sido entrenado para Hospital Facility Dog, un perro que trabaja full-time con un profesional de salud en el hospital. Viendo la posibilidad de esa nueva aventura acept\u00e9 sin dudarlo. Me mud\u00e9 a Jap\u00f3n casi un mes despu\u00e9s de la propuesta. Este trabajo luego me llev\u00f3 a empezar el primer programa que entrena espec\u00edficamente Hospital Facility Dogs en Jap\u00f3n. Estuve viviendo all\u00ed por 4 a\u00f1os desarrollando el programa. Luego de mucho trabajo pude posicionar a los primeros dos perros entrenados en Jap\u00f3n que trabajan full time en hospitales. Mientras todo esto pasaba, pude seguir form\u00e1ndome profesionalmente y ahora soy una entrenadora certificada por Karen Pryor Academy y certificada por Certified Council of Professional Dog Trainers. En suma tom\u00e9 innumerables cursos con el objetivo de brindar el mejor entrenamiento para los perritos y que puedan florecer con su profesi\u00f3n.&nbsp;<\/em><\/p>\n\n\n\n<div class=\"wp-block-media-text alignwide has-media-on-the-right is-stacked-on-mobile\" style=\"grid-template-columns:auto 40%\"><figure class=\"wp-block-media-text__media\"><img loading=\"lazy\" decoding=\"async\" width=\"1024\" height=\"1024\" src=\"https:\/\/lasilusiones.com.ar\/blog\/wp-content\/uploads\/2022\/10\/WhatsApp-Image-2022-10-26-at-16.06.00-1024x1024.jpeg\" alt=\"\" class=\"wp-image-1831 size-full\" srcset=\"https:\/\/lasilusiones.com.ar\/blog\/wp-content\/uploads\/2022\/10\/WhatsApp-Image-2022-10-26-at-16.06.00-1024x1024.jpeg 1024w, https:\/\/lasilusiones.com.ar\/blog\/wp-content\/uploads\/2022\/10\/WhatsApp-Image-2022-10-26-at-16.06.00-300x300.jpeg 300w, https:\/\/lasilusiones.com.ar\/blog\/wp-content\/uploads\/2022\/10\/WhatsApp-Image-2022-10-26-at-16.06.00-150x150.jpeg 150w, https:\/\/lasilusiones.com.ar\/blog\/wp-content\/uploads\/2022\/10\/WhatsApp-Image-2022-10-26-at-16.06.00-768x769.jpeg 768w, https:\/\/lasilusiones.com.ar\/blog\/wp-content\/uploads\/2022\/10\/WhatsApp-Image-2022-10-26-at-16.06.00.jpeg 1075w\" sizes=\"auto, (max-width: 1024px) 100vw, 1024px\" \/><\/figure><div class=\"wp-block-media-text__content\">\n<p><em>Luego de unos a\u00f1os en Jap\u00f3n tuve la posibilidad de mudarme a Australia. En este momento me encuentro alejada de los perritos pero enfoc\u00e1ndome en mi desarrollo como Terapista Ocupacional. Me encuentro trabajando con ni\u00f1os en Integraci\u00f3n Sensorial. Enfocada en esta nueva especializaci\u00f3n, estoy realizando cursos para poder comprender m\u00e1s sobre este nuevo mundo. En suma, estoy cursando mi Doctorado con la esperanza de poder hacer investigaci\u00f3n relacionando los perros con esta hermosa profesi\u00f3n y que sea un incentivo para que&nbsp; m\u00e1s profesionales los incorporen en las pr\u00e1cticas pero, al mismo tiempo, brind\u00e1ndoles a los co.terapeutras un entrenamiento adecuado y un bienestar.&nbsp; Espero en mi futuro abrir mi organizaci\u00f3n para poder entrenar perros de terapia, para hospitales y de asistencia.&nbsp;<\/em><\/p>\n<\/div><\/div>\n\n\n\n<p><em>Una de mis primer\u00edsimas experiencias laborales como estudiante de Terapia Ocupacional fue en Las Ilusiones. En realidad, mientras estudiaba estaba buscando una oportunidad de voluntariado y encontr\u00e9, por medio de la facultad, Las Ilusiones. Hab\u00eda trabajado previamente con ni\u00f1os y adolescentes con diagn\u00f3stico de autismo, siempre me gust\u00f3 el teatro y hac\u00eda comedia musical cuando era m\u00e1s joven, por estos motivos se me ocurri\u00f3 investigar sobre la propuesta. El primer a\u00f1o fui actriz integrada y luego fui creciendo en la sede. \u00a1Lo que m\u00e1s me gust\u00f3 es que me dio un mont\u00f3n de amistades en el grupo! Tuve la oportunidad de formar v\u00ednculos con todos los compa\u00f1eros del elenco. Mis mejores recuerdos recaen en formar una comunidad hermosa con integrantes con y sin discapacidad donde todos \u00e9ramos medidos con la misma vara y las mismas expectativas. Tambi\u00e9n, generar una camarader\u00eda con mis compa\u00f1eros de elenco. Las Ilusiones me ense\u00f1\u00f3 much\u00edsimo sobre m\u00ed misma, mis virtudes y las \u00e1reas que a\u00fan requieren trabajo. Pero, m\u00e1s que nada, me ense\u00f1\u00f3 lo importante de generar la conciencia de que tener una discapacidad no define a la persona y el respetar la individualidad y dignidad de cada uno. Hoy en d\u00eda siento que estas ense\u00f1anzas vienen conmigo a donde voy y me ayudan a ser una mejor profesional<\/em>&#8220;.<\/p>\n\n\n\n<p><\/p>\n\n\n\n<p>Le agradecemos a Marina por tan hermoso testimonio y los invitamos a dejar sus comentarios.&nbsp;<\/p>\n","protected":false},"excerpt":{"rendered":"<p>La fecha fue proclamada en el a\u00f1o 2010 por la Federaci\u00f3n Mundial de Terapia Ocupacional para visibilizar y promover el trabajo y desarrollo de esta&hellip;<\/p>\n","protected":false},"author":2,"featured_media":1816,"comment_status":"open","ping_status":"open","sticky":false,"template":"","format":"standard","meta":{"_monsterinsights_skip_tracking":false,"_monsterinsights_sitenote_active":false,"_monsterinsights_sitenote_note":"","_monsterinsights_sitenote_category":0,"footnotes":""},"categories":[4],"tags":[],"class_list":["post-1815","post","type-post","status-publish","format-standard","has-post-thumbnail","hentry","category-articulo"],"_links":{"self":[{"href":"https:\/\/lasilusiones.com.ar\/blog\/wp-json\/wp\/v2\/posts\/1815","targetHints":{"allow":["GET"]}}],"collection":[{"href":"https:\/\/lasilusiones.com.ar\/blog\/wp-json\/wp\/v2\/posts"}],"about":[{"href":"https:\/\/lasilusiones.com.ar\/blog\/wp-json\/wp\/v2\/types\/post"}],"author":[{"embeddable":true,"href":"https:\/\/lasilusiones.com.ar\/blog\/wp-json\/wp\/v2\/users\/2"}],"replies":[{"embeddable":true,"href":"https:\/\/lasilusiones.com.ar\/blog\/wp-json\/wp\/v2\/comments?post=1815"}],"version-history":[{"count":5,"href":"https:\/\/lasilusiones.com.ar\/blog\/wp-json\/wp\/v2\/posts\/1815\/revisions"}],"predecessor-version":[{"id":1835,"href":"https:\/\/lasilusiones.com.ar\/blog\/wp-json\/wp\/v2\/posts\/1815\/revisions\/1835"}],"wp:featuredmedia":[{"embeddable":true,"href":"https:\/\/lasilusiones.com.ar\/blog\/wp-json\/wp\/v2\/media\/1816"}],"wp:attachment":[{"href":"https:\/\/lasilusiones.com.ar\/blog\/wp-json\/wp\/v2\/media?parent=1815"}],"wp:term":[{"taxonomy":"category","embeddable":true,"href":"https:\/\/lasilusiones.com.ar\/blog\/wp-json\/wp\/v2\/categories?post=1815"},{"taxonomy":"post_tag","embeddable":true,"href":"https:\/\/lasilusiones.com.ar\/blog\/wp-json\/wp\/v2\/tags?post=1815"}],"curies":[{"name":"wp","href":"https:\/\/api.w.org\/{rel}","templated":true}]}}