{"id":1847,"date":"2022-11-25T09:22:45","date_gmt":"2022-11-25T12:22:45","guid":{"rendered":"https:\/\/lasilusiones.com.ar\/blog\/?p=1847"},"modified":"2022-11-25T09:22:46","modified_gmt":"2022-11-25T12:22:46","slug":"conociendo-a-los-artistas-de-noviembre","status":"publish","type":"post","link":"https:\/\/lasilusiones.com.ar\/blog\/conociendo-a-los-artistas-de-noviembre\/","title":{"rendered":"Conociendo a los artistas de noviembre"},"content":{"rendered":"\n<p><\/p>\n\n\n\n<p>Otro mes que pas\u00f3 y nos dej\u00f3 historias que inspiran y nos llenan de ganas de seguir haciendo cosas. Te invitamos a leer este resumen.<\/p>\n\n\n\n<p style=\"font-size:18px\"><strong>Gianna, sede Ramos<\/strong><\/p>\n\n\n\n<div class=\"wp-block-media-text alignwide is-stacked-on-mobile\" style=\"grid-template-columns:44% auto\"><figure class=\"wp-block-media-text__media\"><img loading=\"lazy\" decoding=\"async\" width=\"540\" height=\"476\" src=\"https:\/\/lasilusiones.com.ar\/blog\/wp-content\/uploads\/2022\/11\/Gianna.jpg\" alt=\"\" class=\"wp-image-1848 size-full\" srcset=\"https:\/\/lasilusiones.com.ar\/blog\/wp-content\/uploads\/2022\/11\/Gianna.jpg 540w, https:\/\/lasilusiones.com.ar\/blog\/wp-content\/uploads\/2022\/11\/Gianna-300x264.jpg 300w\" sizes=\"auto, (max-width: 540px) 100vw, 540px\" \/><\/figure><div class=\"wp-block-media-text__content\">\n<p>A Gianna le gusta todo lo que tiene que ver con la m\u00fasica. Empez\u00f3 a los 6 a\u00f1os en una academia con su hermana y fue durante 4 a\u00f1os. Hizo muestras en teatros y en su fiesta de 15, con sus compas de la academia. Bail\u00f3 con diferentes profes y ritmos de Las Ilusiones y tambi\u00e9n fue a talleres con el core\u00f3grafo Agust\u00edn P\u00e9rez Costa .<br>Hizo hip hop y moderno y ahora zumba, urbano y tango.<br>Hizo teatro y comedia musical en Centro Belene de Ramos Mejia y le gusta ir a ver obras de teatro musicales. Es una artista todo el d\u00eda, se produce, se disfraza y se graba, inventa coreos y canta con videos de YouTube y tambi\u00e9n le gustar\u00eda ser DJ.<br>Fuera de sus actividades art\u00edsticas, Gianna estudia lecto escritura y en su casa ordena y ayuda con las tareas del hogar. <em>&#8220;Le gusta cocinar, sus especialidades son los alfajores de maicena y las empanadas. Como pap\u00e1s estamos viendo c\u00f3mo tendr\u00eda que prepararse para la tareas laborales&#8221;<\/em>, nos cont\u00f3 Gustavo, pap\u00e1 de Gianna.<\/p>\n<\/div><\/div>\n\n\n\n<p><\/p>\n\n\n\n<p style=\"font-size:18px\"><strong>Ramiro, sede Ramos<\/strong> <\/p>\n\n\n\n<div class=\"wp-block-media-text alignwide has-media-on-the-right is-stacked-on-mobile\" style=\"grid-template-columns:auto 58%\"><figure class=\"wp-block-media-text__media\"><img loading=\"lazy\" decoding=\"async\" width=\"1024\" height=\"537\" src=\"https:\/\/lasilusiones.com.ar\/blog\/wp-content\/uploads\/2022\/11\/ramiro-1024x537.png\" alt=\"\" class=\"wp-image-1850 size-full\" srcset=\"https:\/\/lasilusiones.com.ar\/blog\/wp-content\/uploads\/2022\/11\/ramiro-1024x537.png 1024w, https:\/\/lasilusiones.com.ar\/blog\/wp-content\/uploads\/2022\/11\/ramiro-300x157.png 300w, https:\/\/lasilusiones.com.ar\/blog\/wp-content\/uploads\/2022\/11\/ramiro-768x403.png 768w, https:\/\/lasilusiones.com.ar\/blog\/wp-content\/uploads\/2022\/11\/ramiro.png 1270w\" sizes=\"auto, (max-width: 1024px) 100vw, 1024px\" \/><\/figure><div class=\"wp-block-media-text__content\">\n<p>Ramiro es artista de teatro y tiene dos pasiones, el f\u00fatbol y el free style.<br>Por un lado, practica f\u00fatbol dos veces por semana, en una escuelita del barrio que se llama Efecto FIFA y participa en la liga de f\u00fatbol inclusivo de la Granja Andar, donde concurre tambi\u00e9n dos veces por semana. Adem\u00e1s, en la granja tienen un emprendimiento de c\u00e1tering, que se llama \u201cC\u00e1tering delicias\u201d, donde es convocado cada vez que hay un evento. El \u00faltimo fue cuando se hizo un evento en la Asociaci\u00f3n Ramsay y estuvo con el presidente.<\/p>\n<\/div><\/div>\n\n\n\n<p>Con respecto al rap o free style, comenz\u00f3 despu\u00e9s de ver una pel\u00edcula de Eminem y otros artistas del rap. Hizo una batalla una vez en una radio local de Mor\u00f3n, en la que sali\u00f3 primero y en una fiesta, rape\u00f3 con el cantante Maxi Trusso.<br>Adem\u00e1s, particip\u00f3 en una muestra de fotos de una exposici\u00f3n de Ale Carmona, fot\u00f3grafo amigo de Las Ilusiones, que lo convoc\u00f3 como modelo de nuevas masculinidades de cuerpos diversos. <em>\u201cLa producci\u00f3n fue bastante jugada, eran desnudos, pero Rami acept\u00f3 sin problemas, ya que no tiene prejuicios con su cuerpo y le encanta sacarse fotos. Las fotos se expusieron recientemente en el Congreso\u201d<\/em>, nos cont\u00f3 Celia, su mam\u00e1.<\/p>\n\n\n\n<p><\/p>\n\n\n\n<p style=\"font-size:18px\"><strong>Yamile, sede Ramos<\/strong><\/p>\n\n\n\n<div class=\"wp-block-media-text alignwide is-stacked-on-mobile\" style=\"grid-template-columns:39% auto\"><figure class=\"wp-block-media-text__media\"><img loading=\"lazy\" decoding=\"async\" width=\"575\" height=\"1024\" src=\"https:\/\/lasilusiones.com.ar\/blog\/wp-content\/uploads\/2022\/11\/WhatsApp-Image-2022-11-24-at-14.14.49-575x1024.jpeg\" alt=\"\" class=\"wp-image-1864 size-full\" srcset=\"https:\/\/lasilusiones.com.ar\/blog\/wp-content\/uploads\/2022\/11\/WhatsApp-Image-2022-11-24-at-14.14.49-575x1024.jpeg 575w, https:\/\/lasilusiones.com.ar\/blog\/wp-content\/uploads\/2022\/11\/WhatsApp-Image-2022-11-24-at-14.14.49-169x300.jpeg 169w, https:\/\/lasilusiones.com.ar\/blog\/wp-content\/uploads\/2022\/11\/WhatsApp-Image-2022-11-24-at-14.14.49-768x1367.jpeg 768w, https:\/\/lasilusiones.com.ar\/blog\/wp-content\/uploads\/2022\/11\/WhatsApp-Image-2022-11-24-at-14.14.49-863x1536.jpeg 863w, https:\/\/lasilusiones.com.ar\/blog\/wp-content\/uploads\/2022\/11\/WhatsApp-Image-2022-11-24-at-14.14.49.jpeg 899w\" sizes=\"auto, (max-width: 575px) 100vw, 575px\" \/><\/figure><div class=\"wp-block-media-text__content\">\n<p>Yamile es artista de las Ilusiones desde el a\u00f1o 2017. Hace teatro musical y danzas en la sede de Ramos Mej\u00eda, teatro en la sede de Olivos y participa del Taller Alegr\u00eda, una escuela de danzas para personas con discapacidad en la Casa de la Cultura, tambi\u00e9n de Ramos Mej\u00eda.<\/p>\n\n\n\n<p>Tiene 29 a\u00f1os y desde chica le gusta todo lo que tiene que ver con el mundo del espect\u00e1culo ya que sus padres, por su trabajo, siempre la llevaron a entrevistas y funciones de prensa donde comenz\u00f3 a interesarse en ello y por decisi\u00f3n propia empez\u00f3 a hacer notas a varios artistas como ser a la actriz mexicana Karol Sevilla y Nico Vazquez entre otros. Particip\u00f3 en varios castings y en el a\u00f1o 2019 fue seleccionada para ser extra en una serie de HBO y Polka llamada &#8220;Entre Hombres&#8221;.<\/p>\n\n\n\n<p>Yamile estudi\u00f3 en un colegio integrado de C.A.B.A hasta s\u00e9ptimo y termin\u00f3 el CFI en el colegio de Nivelaci\u00f3n Nuevo D\u00eda. All\u00ed conoci\u00f3 a su profesora de literatura, Adriana Farkas, quien vio su potencial como escritora y ese a\u00f1o escribi\u00f3 varios cuentos &#8220;de amor&#8221;, como le gusta decir a ella, dos de los cuales fueron incluidos en el libro &#8220;Uno que contemos todos&#8221; editado por el Colegio. Ese mismo a\u00f1o fue distinguida por el espacio literario &#8220;Caf\u00e9 con Letras&#8221; por su trabajo y fue invitada a leer uno de sus cuentos en un programa virtual durante la pandemia. Tambi\u00e9n recibi\u00f3 un reconocimiento de parte de &#8220;Aunando artes&#8221; un proyecto declarado de inter\u00e9s cultural por el Ministerio de Cultura de la Naci\u00f3n. En marzo de 2021 su obra &#8220;Amor Eterno&#8221; fue seleccionada como Finalista del XXX Certamen Internacional de Lenguas Vivas.\u00a0 Actualmente est\u00e1 prepar\u00e1ndose para editar su propio libro de cuentos.<\/p>\n<\/div><\/div>\n\n\n\n<p>Tambi\u00e9n es Atleta L\u00edder de Olimpiadas Especiales Argentina donde recibe capacitaci\u00f3n para desempe\u00f1arse como oradora llevando el mensaje de OE donde lo necesiten. Junto a sus compa\u00f1eros participaron del video clip &#8220;La Marcha de la Igualdad&#8221; de PANAM y fueron invitados a participar en varios de sus shows. En el a\u00f1o 2016 participaron de un desfile inclusivo para la marca juvenil 47Street, en la Marat\u00f3n 47 Go Run, y este a\u00f1o fue invitada por el Foro de la Discapacidad y Moda Discapacidad para participar en varios desfiles realizados en embajadas, legislaturas, museos y bibliotecas donde a\u00fan hoy sigue participando de ellos.<\/p>\n\n\n\n<p><\/p>\n\n\n\n<p>\u00bfTe gustaron las historias? Dejanos tus comentarios y reflexiones <\/p>\n\n\n\n<p><\/p>\n","protected":false},"excerpt":{"rendered":"<p>Otro mes que pas\u00f3 y nos dej\u00f3 historias que inspiran y nos llenan de ganas de seguir haciendo cosas. Te invitamos a leer este resumen.&hellip;<\/p>\n","protected":false},"author":2,"featured_media":1843,"comment_status":"open","ping_status":"open","sticky":false,"template":"","format":"standard","meta":{"_monsterinsights_skip_tracking":false,"_monsterinsights_sitenote_active":false,"_monsterinsights_sitenote_note":"","_monsterinsights_sitenote_category":0,"footnotes":""},"categories":[4],"tags":[],"class_list":["post-1847","post","type-post","status-publish","format-standard","has-post-thumbnail","hentry","category-articulo"],"_links":{"self":[{"href":"https:\/\/lasilusiones.com.ar\/blog\/wp-json\/wp\/v2\/posts\/1847","targetHints":{"allow":["GET"]}}],"collection":[{"href":"https:\/\/lasilusiones.com.ar\/blog\/wp-json\/wp\/v2\/posts"}],"about":[{"href":"https:\/\/lasilusiones.com.ar\/blog\/wp-json\/wp\/v2\/types\/post"}],"author":[{"embeddable":true,"href":"https:\/\/lasilusiones.com.ar\/blog\/wp-json\/wp\/v2\/users\/2"}],"replies":[{"embeddable":true,"href":"https:\/\/lasilusiones.com.ar\/blog\/wp-json\/wp\/v2\/comments?post=1847"}],"version-history":[{"count":4,"href":"https:\/\/lasilusiones.com.ar\/blog\/wp-json\/wp\/v2\/posts\/1847\/revisions"}],"predecessor-version":[{"id":1865,"href":"https:\/\/lasilusiones.com.ar\/blog\/wp-json\/wp\/v2\/posts\/1847\/revisions\/1865"}],"wp:featuredmedia":[{"embeddable":true,"href":"https:\/\/lasilusiones.com.ar\/blog\/wp-json\/wp\/v2\/media\/1843"}],"wp:attachment":[{"href":"https:\/\/lasilusiones.com.ar\/blog\/wp-json\/wp\/v2\/media?parent=1847"}],"wp:term":[{"taxonomy":"category","embeddable":true,"href":"https:\/\/lasilusiones.com.ar\/blog\/wp-json\/wp\/v2\/categories?post=1847"},{"taxonomy":"post_tag","embeddable":true,"href":"https:\/\/lasilusiones.com.ar\/blog\/wp-json\/wp\/v2\/tags?post=1847"}],"curies":[{"name":"wp","href":"https:\/\/api.w.org\/{rel}","templated":true}]}}