{"id":1853,"date":"2022-11-22T09:28:32","date_gmt":"2022-11-22T12:28:32","guid":{"rendered":"https:\/\/lasilusiones.com.ar\/blog\/?p=1853"},"modified":"2022-11-22T09:28:33","modified_gmt":"2022-11-22T12:28:33","slug":"22-de-noviembre-dia-de-la-musica","status":"publish","type":"post","link":"https:\/\/lasilusiones.com.ar\/blog\/22-de-noviembre-dia-de-la-musica\/","title":{"rendered":"22 de noviembre: D\u00eda de la m\u00fasica"},"content":{"rendered":"\n<p><\/p>\n\n\n\n<div class=\"wp-block-media-text alignwide has-media-on-the-right is-stacked-on-mobile\" style=\"grid-template-columns:auto 31%\"><figure class=\"wp-block-media-text__media\"><img loading=\"lazy\" decoding=\"async\" width=\"392\" height=\"436\" src=\"https:\/\/lasilusiones.com.ar\/blog\/wp-content\/uploads\/2022\/11\/WhatsApp-Image-2022-11-21-at-22.17.48.jpeg\" alt=\"\" class=\"wp-image-1859 size-full\" srcset=\"https:\/\/lasilusiones.com.ar\/blog\/wp-content\/uploads\/2022\/11\/WhatsApp-Image-2022-11-21-at-22.17.48.jpeg 392w, https:\/\/lasilusiones.com.ar\/blog\/wp-content\/uploads\/2022\/11\/WhatsApp-Image-2022-11-21-at-22.17.48-270x300.jpeg 270w\" sizes=\"auto, (max-width: 392px) 100vw, 392px\" \/><\/figure><div class=\"wp-block-media-text__content\">\n<p>El 22 de noviembre se festeja el D\u00eda de la M\u00fasica, desde 1954, en honor a Santa Cecilia, patrona de todos los m\u00fasicos. <\/p>\n\n\n\n<p>Es una fecha dedicada, no solo a los m\u00fasicos, sino a todas las personas que disfrutan con la m\u00fasica.<\/p>\n\n\n\n<p><\/p>\n<\/div><\/div>\n\n\n\n<p><\/p>\n\n\n\n<div class=\"wp-block-media-text alignwide is-stacked-on-mobile\" style=\"grid-template-columns:42% auto\"><figure class=\"wp-block-media-text__media\"><img loading=\"lazy\" decoding=\"async\" width=\"1024\" height=\"678\" src=\"https:\/\/lasilusiones.com.ar\/blog\/wp-content\/uploads\/2022\/11\/WhatsApp-Image-2022-10-28-at-10.15.32-1024x678.jpeg\" alt=\"\" class=\"wp-image-1852 size-full\" srcset=\"https:\/\/lasilusiones.com.ar\/blog\/wp-content\/uploads\/2022\/11\/WhatsApp-Image-2022-10-28-at-10.15.32-1024x678.jpeg 1024w, https:\/\/lasilusiones.com.ar\/blog\/wp-content\/uploads\/2022\/11\/WhatsApp-Image-2022-10-28-at-10.15.32-300x199.jpeg 300w, https:\/\/lasilusiones.com.ar\/blog\/wp-content\/uploads\/2022\/11\/WhatsApp-Image-2022-10-28-at-10.15.32-768x509.jpeg 768w, https:\/\/lasilusiones.com.ar\/blog\/wp-content\/uploads\/2022\/11\/WhatsApp-Image-2022-10-28-at-10.15.32-1536x1018.jpeg 1536w, https:\/\/lasilusiones.com.ar\/blog\/wp-content\/uploads\/2022\/11\/WhatsApp-Image-2022-10-28-at-10.15.32.jpeg 1600w\" sizes=\"auto, (max-width: 1024px) 100vw, 1024px\" \/><\/figure><div class=\"wp-block-media-text__content\">\n<p>Para celebrar este d\u00eda, charlamos con un amigo de Las Ilusiones: <strong>Ralf Niedenthal,<\/strong> musicoterapeuta y presidente y fundador de la ONG \u201cTodos hacemos m\u00fasica\u201d. THM promueve la inclusi\u00f3n de las personas con discapacidad a trav\u00e9s de experiencias musicales como zapadas, conciertos, videoclips y capacitaciones.<\/p>\n<\/div><\/div>\n\n\n\n<p><strong>\u00bfQu\u00e9 es la m\u00fasica para vos?<\/strong><\/p>\n\n\n\n<p><em>Para m\u00ed la m\u00fasica es libertad, celebraci\u00f3n, esperanza, uni\u00f3n. A m\u00ed me apasiona. En cualquier momento del d\u00eda escucho m\u00fasica, si estoy bien, si estoy mal, triste, enojado o si estoy feliz; es mi compa\u00f1era de la vida. Y encima me permite poder ayudar a la gente y eso es m\u00e1s gratificante todav\u00eda.<\/em><\/p>\n\n\n\n<p><strong>\u00bfC\u00f3mo surge tu v\u00ednculo con ella?<\/strong><\/p>\n\n\n\n<p><em>Mi v\u00ednculo surge tempranito, con mi abuelo. \u00c9l tocaba el \u00f3rgano doble y yo, a mis 3 a\u00f1os, lo observaba y lo acompa\u00f1aba tocando canciones. A los 10 empec\u00e9 a componer canciones en el piano, para cada uno de mis familiares, porque me encantaba componer.<\/em><\/p>\n\n\n\n<p><strong>\u00bfC\u00f3mo decidiste estudiar la carrera de musicoterapia?<\/strong><\/p>\n\n\n\n<p><em>En el \u00faltimo a\u00f1o del colegio ten\u00edamos un psic\u00f3logo que asesoraba a los alumnos para que pudieran estudiar lo que les gustara. Yo le dije que quer\u00eda estudiar algo que tuviera que ver con m\u00fasica, con ayudar, con medicina y psicolog\u00eda. Me dijo \u2018existe esto que es musicoterapia\u2019. As\u00ed que me recib\u00ed del secundario y entr\u00e9 directamente a la facultad a estudiar eso porque sab\u00eda que era lo que me gustaba y apasionaba.<\/em><\/p>\n\n\n\n<p><strong>\u00bfQu\u00e9 cre\u00e9s que le brinda la m\u00fasica a las personas?<\/strong><\/p>\n\n\n\n<p><em>La m\u00fasica es un acompa\u00f1amiento para las personas. Cerati, en uno de sus temas dice \u2018pon\u00e9s canciones tristes para sentirte mejor\u2019, esa&nbsp; frase es genial. Est\u00e1s triste, pon\u00e9s una canci\u00f3n triste que te acompa\u00f1a en el momento, es una empat\u00eda enorme. Entonces, permite a las personas conectarse o escaparse de una situaci\u00f3n; o mismo la m\u00fasica que te transporta y te hace acordar de una pel\u00edcula, un momento, una emoci\u00f3n. Y ni hablar a las personas con discapacidad. En nuestra ONG, gracias a la m\u00fasica, muchas personas con discapacidad tienen trabajo, tocan, se van de gira (hace poco nos fuimos a C\u00f3rdoba, Santa Fe, a distintos lugares de Buenos Aires). La m\u00fasica les permite tener una meta en sus vidas, un compromiso, porque hay que practicar, aprender las canciones; es un trabajo, por lo cual, dignifica. Y, por supuesto, ayuda a que tengan una vida m\u00e1s llevadera.<\/em><\/p>\n\n\n\n<p><strong>\u00bfRecomendaciones musicales? <\/strong><\/p>\n\n\n\n<p><em>Eso es muy personal porque yo puedo recomendar a los Red Hot Chili Peppers porque es mi banda preferida. Me encanta, me hace bailar, saltar, me emociona. Pero capaz que otra persona no quiere saber nada. Lo mismo con Mozart o Coldplay, Divididos, Charly, Spinetta. Yo recomiendo escuchar lo que a cada uno le guste. Por eso yo creo que la m\u00fasica es tan universal y tan linda. Porque hay distintos estilos y cada uno puede elegir el estilo que quiera.<\/em><\/p>\n\n\n\n<p><\/p>\n\n\n\n<p>Esperamos que hayas disfrutado de la nota y que nos cuentes qu\u00e9 es para vos la m\u00fasica y qu\u00e9 te gusta escuchar.<\/p>\n","protected":false},"excerpt":{"rendered":"<p>El 22 de noviembre se festeja el D\u00eda de la M\u00fasica, desde 1954, en honor a Santa Cecilia, patrona de todos los m\u00fasicos. Es una&hellip;<\/p>\n","protected":false},"author":2,"featured_media":1844,"comment_status":"open","ping_status":"open","sticky":false,"template":"","format":"standard","meta":{"_monsterinsights_skip_tracking":false,"_monsterinsights_sitenote_active":false,"_monsterinsights_sitenote_note":"","_monsterinsights_sitenote_category":0,"footnotes":""},"categories":[4],"tags":[],"class_list":["post-1853","post","type-post","status-publish","format-standard","has-post-thumbnail","hentry","category-articulo"],"_links":{"self":[{"href":"https:\/\/lasilusiones.com.ar\/blog\/wp-json\/wp\/v2\/posts\/1853","targetHints":{"allow":["GET"]}}],"collection":[{"href":"https:\/\/lasilusiones.com.ar\/blog\/wp-json\/wp\/v2\/posts"}],"about":[{"href":"https:\/\/lasilusiones.com.ar\/blog\/wp-json\/wp\/v2\/types\/post"}],"author":[{"embeddable":true,"href":"https:\/\/lasilusiones.com.ar\/blog\/wp-json\/wp\/v2\/users\/2"}],"replies":[{"embeddable":true,"href":"https:\/\/lasilusiones.com.ar\/blog\/wp-json\/wp\/v2\/comments?post=1853"}],"version-history":[{"count":4,"href":"https:\/\/lasilusiones.com.ar\/blog\/wp-json\/wp\/v2\/posts\/1853\/revisions"}],"predecessor-version":[{"id":1861,"href":"https:\/\/lasilusiones.com.ar\/blog\/wp-json\/wp\/v2\/posts\/1853\/revisions\/1861"}],"wp:featuredmedia":[{"embeddable":true,"href":"https:\/\/lasilusiones.com.ar\/blog\/wp-json\/wp\/v2\/media\/1844"}],"wp:attachment":[{"href":"https:\/\/lasilusiones.com.ar\/blog\/wp-json\/wp\/v2\/media?parent=1853"}],"wp:term":[{"taxonomy":"category","embeddable":true,"href":"https:\/\/lasilusiones.com.ar\/blog\/wp-json\/wp\/v2\/categories?post=1853"},{"taxonomy":"post_tag","embeddable":true,"href":"https:\/\/lasilusiones.com.ar\/blog\/wp-json\/wp\/v2\/tags?post=1853"}],"curies":[{"name":"wp","href":"https:\/\/api.w.org\/{rel}","templated":true}]}}