{"id":1890,"date":"2022-12-03T10:43:20","date_gmt":"2022-12-03T13:43:20","guid":{"rendered":"https:\/\/lasilusiones.com.ar\/blog\/?p=1890"},"modified":"2022-12-03T10:49:05","modified_gmt":"2022-12-03T13:49:05","slug":"3-de-diciembre-dia-internacional-de-las-personas-con-discapacidad","status":"publish","type":"post","link":"https:\/\/lasilusiones.com.ar\/blog\/3-de-diciembre-dia-internacional-de-las-personas-con-discapacidad\/","title":{"rendered":"3 de diciembre: <strong>D\u00eda Internacional de las Personas con Discapacidad<\/strong>"},"content":{"rendered":"\n<p><\/p>\n\n\n\n<p>Este d\u00eda fue declarado en 1992 por la Asamblea General de las Naciones Unidas con el objetivo de promover los derechos y el bienestar de las personas con discapacidad en todos los \u00e1mbitos de la sociedad y el desarrollo de la vida pol\u00edtica, social, econ\u00f3mica y cultural.<\/p>\n\n\n\n<p>Como sabemos, la discapacidad es un concepto complejo que fue evolucionando a partir de las distintas concepciones o modelos desde donde se la ha abordado. Antes se entend\u00eda que las dificultades que experimentaban las personas con discapacidad se deb\u00edan a su situaci\u00f3n de salud y, por eso eran objeto, por ejemplo, de rehabilitaci\u00f3n para intentar \u201cnormalizarlas\u201d. Lentamente, esta concepci\u00f3n va siendo superada y el llamado \u201cModelo Social\u201d propone que las personas con discapacidad tienen restringida su participaci\u00f3n e igualdad plena en la sociedad por las diversas barreras que el entorno les pone, corriendo el foco de la condici\u00f3n de salud de las personas, hacia los obst\u00e1culos para el acceso a sus derechos.<\/p>\n\n\n\n<p>Para Las Ilusiones la inclusi\u00f3n es una posici\u00f3n en la vida, por eso, todo el a\u00f1o realizamos distintas acciones para dar visibilidad a las personas con discapacidad. Nuestra historia tiene su origen asociado al arte pero, a lo largo de los a\u00f1os, fuimos creciendo y generando nuevos espacios y proyectos de trabajo y transformaci\u00f3n. Promovemos la <strong>empleabilidad <\/strong>formando a nuestros artistas y apuntamos al <strong>desarrollo de la autonom\u00eda<\/strong>, desde una salida con amigos o viajes y el gran proyecto de <strong>vivienda independiente.<\/strong> Adem\u00e1s, nos vinculamos con nuevos y variados actores sociales llevando nuestro conocimiento y mensaje, colaborando en la creaci\u00f3n de esta so\u00f1ada sociedad inclusiva.<\/p>\n\n\n\n<p><\/p>\n\n\n\n<h5 class=\"wp-block-heading\"><strong>Hacer una pausa y mirar<\/strong><\/h5>\n\n\n\n<p>Juan Ignacio Acosta, nuestro fundador y director, fue entrevistado por el portal mitelefe en el marco de esta fecha tan importante. En la charla con el medio remarc\u00f3 la importancia del compromiso de toda la sociedad en la \u201ctarea\u201d de la inclusi\u00f3n, haciendo foco en que la aceptaci\u00f3n y la tolerancia generan una sana convivencia y que la<strong> inclusi\u00f3n nutre a la sociedad con la diversidad de sus integrantes<\/strong>.<\/p>\n\n\n\n<p>Para Nacho, la inclusi\u00f3n de las personas con discapacidad es algo tan sencillo como hacer una pausa y mirar, para hablarnos de igual a igual, dejando de lado nuestros prejuicios.<\/p>\n\n\n\n<p>Los invitamos a leer <a href=\"https:\/\/noticias.mitelefe.com\/actualidad\/dia-de-las-personas-con-discapacidad-las-sociedades-inclusivas-adquieren-un-mayor-potencial-creativo\/\">la nota completa<\/a>.&nbsp;<\/p>\n\n\n\n<p><\/p>\n","protected":false},"excerpt":{"rendered":"<p>Este d\u00eda fue declarado en 1992 por la Asamblea General de las Naciones Unidas con el objetivo de promover los derechos y el bienestar de&hellip;<\/p>\n","protected":false},"author":2,"featured_media":1891,"comment_status":"open","ping_status":"open","sticky":false,"template":"","format":"standard","meta":{"_monsterinsights_skip_tracking":false,"_monsterinsights_sitenote_active":false,"_monsterinsights_sitenote_note":"","_monsterinsights_sitenote_category":0,"footnotes":""},"categories":[4],"tags":[],"class_list":["post-1890","post","type-post","status-publish","format-standard","has-post-thumbnail","hentry","category-articulo"],"_links":{"self":[{"href":"https:\/\/lasilusiones.com.ar\/blog\/wp-json\/wp\/v2\/posts\/1890","targetHints":{"allow":["GET"]}}],"collection":[{"href":"https:\/\/lasilusiones.com.ar\/blog\/wp-json\/wp\/v2\/posts"}],"about":[{"href":"https:\/\/lasilusiones.com.ar\/blog\/wp-json\/wp\/v2\/types\/post"}],"author":[{"embeddable":true,"href":"https:\/\/lasilusiones.com.ar\/blog\/wp-json\/wp\/v2\/users\/2"}],"replies":[{"embeddable":true,"href":"https:\/\/lasilusiones.com.ar\/blog\/wp-json\/wp\/v2\/comments?post=1890"}],"version-history":[{"count":4,"href":"https:\/\/lasilusiones.com.ar\/blog\/wp-json\/wp\/v2\/posts\/1890\/revisions"}],"predecessor-version":[{"id":1895,"href":"https:\/\/lasilusiones.com.ar\/blog\/wp-json\/wp\/v2\/posts\/1890\/revisions\/1895"}],"wp:featuredmedia":[{"embeddable":true,"href":"https:\/\/lasilusiones.com.ar\/blog\/wp-json\/wp\/v2\/media\/1891"}],"wp:attachment":[{"href":"https:\/\/lasilusiones.com.ar\/blog\/wp-json\/wp\/v2\/media?parent=1890"}],"wp:term":[{"taxonomy":"category","embeddable":true,"href":"https:\/\/lasilusiones.com.ar\/blog\/wp-json\/wp\/v2\/categories?post=1890"},{"taxonomy":"post_tag","embeddable":true,"href":"https:\/\/lasilusiones.com.ar\/blog\/wp-json\/wp\/v2\/tags?post=1890"}],"curies":[{"name":"wp","href":"https:\/\/api.w.org\/{rel}","templated":true}]}}