{"id":190,"date":"2019-02-25T12:35:52","date_gmt":"2019-02-25T15:35:52","guid":{"rendered":"https:\/\/lasilusiones.com.ar\/blog\/?p=190"},"modified":"2019-02-25T12:35:52","modified_gmt":"2019-02-25T15:35:52","slug":"venecia-en-el-festival-de-teatro-mas-importante-de-la-provincia-nota-en-el-cisne","status":"publish","type":"post","link":"https:\/\/lasilusiones.com.ar\/blog\/venecia-en-el-festival-de-teatro-mas-importante-de-la-provincia-nota-en-el-cisne\/","title":{"rendered":"&#8220;Venecia&#8221; en el festival de teatro m\u00e1s importante de la provincia &#8211; Nota en el Cisne"},"content":{"rendered":"<p>El elenco de &#8220;Venecia&#8221; de la Sede de Lan\u00fas fue elegido para ser parte de la programaci\u00f3n de las Fiestas Regionales del Teatro Independiente de Buenos Aires. Los artistas se presentaron en la Fundaci\u00f3n Sordi de Glew con esta comedia divertida y din\u00e1mica para toda la familia. La entrada fue libre y gratuita para la comunidad.<\/p>\n<p>A continuaci\u00f3n pod\u00e9s leer toda la noticia haciendo click sobre la imagen.<\/p>\n<p>https:\/\/elcisne.org\/teatro-inclusivo-en-el-festival-mas-importante-de-la-provincia\/<\/p>\n","protected":false},"excerpt":{"rendered":"<p>El elenco de &#8220;Venecia&#8221; de la Sede de Lan\u00fas fue elegido para ser parte de la programaci\u00f3n de las Fiestas Regionales del Teatro Independiente de&hellip;<\/p>\n","protected":false},"author":1,"featured_media":191,"comment_status":"open","ping_status":"open","sticky":false,"template":"","format":"standard","meta":{"_monsterinsights_skip_tracking":false,"_monsterinsights_sitenote_active":false,"_monsterinsights_sitenote_note":"","_monsterinsights_sitenote_category":0,"footnotes":""},"categories":[8,10],"tags":[],"class_list":["post-190","post","type-post","status-publish","format-standard","has-post-thumbnail","hentry","category-prensa","category-presentacion"],"_links":{"self":[{"href":"https:\/\/lasilusiones.com.ar\/blog\/wp-json\/wp\/v2\/posts\/190","targetHints":{"allow":["GET"]}}],"collection":[{"href":"https:\/\/lasilusiones.com.ar\/blog\/wp-json\/wp\/v2\/posts"}],"about":[{"href":"https:\/\/lasilusiones.com.ar\/blog\/wp-json\/wp\/v2\/types\/post"}],"author":[{"embeddable":true,"href":"https:\/\/lasilusiones.com.ar\/blog\/wp-json\/wp\/v2\/users\/1"}],"replies":[{"embeddable":true,"href":"https:\/\/lasilusiones.com.ar\/blog\/wp-json\/wp\/v2\/comments?post=190"}],"version-history":[{"count":0,"href":"https:\/\/lasilusiones.com.ar\/blog\/wp-json\/wp\/v2\/posts\/190\/revisions"}],"wp:featuredmedia":[{"embeddable":true,"href":"https:\/\/lasilusiones.com.ar\/blog\/wp-json\/"}],"wp:attachment":[{"href":"https:\/\/lasilusiones.com.ar\/blog\/wp-json\/wp\/v2\/media?parent=190"}],"wp:term":[{"taxonomy":"category","embeddable":true,"href":"https:\/\/lasilusiones.com.ar\/blog\/wp-json\/wp\/v2\/categories?post=190"},{"taxonomy":"post_tag","embeddable":true,"href":"https:\/\/lasilusiones.com.ar\/blog\/wp-json\/wp\/v2\/tags?post=190"}],"curies":[{"name":"wp","href":"https:\/\/api.w.org\/{rel}","templated":true}]}}