{"id":1925,"date":"2023-02-08T07:56:46","date_gmt":"2023-02-08T10:56:46","guid":{"rendered":"https:\/\/lasilusiones.com.ar\/blog\/?p=1925"},"modified":"2023-02-08T09:56:18","modified_gmt":"2023-02-08T12:56:18","slug":"comunidad-inclusiva-una-perspectiva-creativa-nota-en-la-revista-paradigmas","status":"publish","type":"post","link":"https:\/\/lasilusiones.com.ar\/blog\/comunidad-inclusiva-una-perspectiva-creativa-nota-en-la-revista-paradigmas\/","title":{"rendered":"\u201cComunidad inclusiva, una perspectiva creativa\u201d, nota en la Revista Paradigmas"},"content":{"rendered":"\n<p><\/p>\n\n\n\n<p>Juan Ignacio Acosta fue convocado a compartir algunas reflexiones sobre inclusi\u00f3n en la Revista Paradigmas.<\/p>\n\n\n\n<p>Como hemos comentado en otras ocasiones, para Las Ilusiones, la inclusi\u00f3n se vive en cada m\u00ednimo gesto cotidiano con que cada persona contribuye. Desde este punto desarrolla su reflexi\u00f3n Juan Ignacio y luego lo cruza con el concepto de comunidad, donde articula la idea de \u201ccomunidad inclusiva\u201d. All\u00ed nos invita a pensar cuestiones como <em>\u00bfQu\u00e9 es una comunidad inclusiva? \u00bfQu\u00e9 cosas son esperables y cu\u00e1les son desaf\u00edos? \u00bfPuede<\/em> <em>transformarse? Qui\u00e9nes son los responsables o encargados? \u00bfEs importante<\/em> <em>incorporar gu\u00edas, acompa\u00f1antes, para garantizar la inclusi\u00f3n de la persona con discapacidad?. <\/em>Para responder estos interrogantes, el art\u00edculo invita a pensar un poco m\u00e1s desde d\u00f3nde nos paramos a observar y convivir con la discapacidad. Por un lado, buscando que sea desde abrazar y potenciar las diferencias y, por el otro, manifestando la importancia\u00a0 de contemplar el aspecto creativo, que es el que moviliza el sentir y la emocionalidad.<\/p>\n\n\n\n<p>Los invitamos a leer la nota completa y a dejarnos sus comentarios.<\/p>\n\n\n\n<div data-wp-interactive=\"core\/file\" class=\"wp-block-file\"><object data-wp-bind--hidden=\"!state.hasPdfPreview\" hidden class=\"wp-block-file__embed\" data=\"https:\/\/lasilusiones.com.ar\/blog\/wp-content\/uploads\/2023\/02\/Nota-Revista-Paradigmas-Ano-3-N\u00b05.pdf\" type=\"application\/pdf\" style=\"width:100%;height:600px\" aria-label=\"Incrustado de Nota-Revista-Paradigmas-Ano-3-N\u00b05.\"><\/object><a id=\"wp-block-file--media-17812ba9-77a8-4131-8bc3-8e8bc062a42e\" href=\"https:\/\/lasilusiones.com.ar\/blog\/wp-content\/uploads\/2023\/02\/Nota-Revista-Paradigmas-Ano-3-N\u00b05.pdf\">Nota-Revista-Paradigmas-Ano-3-N\u00b05<\/a><a href=\"https:\/\/lasilusiones.com.ar\/blog\/wp-content\/uploads\/2023\/02\/Nota-Revista-Paradigmas-Ano-3-N\u00b05.pdf\" class=\"wp-block-file__button wp-element-button\" download aria-describedby=\"wp-block-file--media-17812ba9-77a8-4131-8bc3-8e8bc062a42e\">Descarga<\/a><\/div>\n","protected":false},"excerpt":{"rendered":"<p>Juan Ignacio Acosta fue convocado a compartir algunas reflexiones sobre inclusi\u00f3n en la Revista Paradigmas. Como hemos comentado en otras ocasiones, para Las Ilusiones, la&hellip;<\/p>\n","protected":false},"author":2,"featured_media":1928,"comment_status":"open","ping_status":"open","sticky":false,"template":"","format":"standard","meta":{"_monsterinsights_skip_tracking":false,"_monsterinsights_sitenote_active":false,"_monsterinsights_sitenote_note":"","_monsterinsights_sitenote_category":0,"footnotes":""},"categories":[8],"tags":[],"class_list":["post-1925","post","type-post","status-publish","format-standard","has-post-thumbnail","hentry","category-prensa"],"_links":{"self":[{"href":"https:\/\/lasilusiones.com.ar\/blog\/wp-json\/wp\/v2\/posts\/1925","targetHints":{"allow":["GET"]}}],"collection":[{"href":"https:\/\/lasilusiones.com.ar\/blog\/wp-json\/wp\/v2\/posts"}],"about":[{"href":"https:\/\/lasilusiones.com.ar\/blog\/wp-json\/wp\/v2\/types\/post"}],"author":[{"embeddable":true,"href":"https:\/\/lasilusiones.com.ar\/blog\/wp-json\/wp\/v2\/users\/2"}],"replies":[{"embeddable":true,"href":"https:\/\/lasilusiones.com.ar\/blog\/wp-json\/wp\/v2\/comments?post=1925"}],"version-history":[{"count":4,"href":"https:\/\/lasilusiones.com.ar\/blog\/wp-json\/wp\/v2\/posts\/1925\/revisions"}],"predecessor-version":[{"id":1936,"href":"https:\/\/lasilusiones.com.ar\/blog\/wp-json\/wp\/v2\/posts\/1925\/revisions\/1936"}],"wp:featuredmedia":[{"embeddable":true,"href":"https:\/\/lasilusiones.com.ar\/blog\/wp-json\/wp\/v2\/media\/1928"}],"wp:attachment":[{"href":"https:\/\/lasilusiones.com.ar\/blog\/wp-json\/wp\/v2\/media?parent=1925"}],"wp:term":[{"taxonomy":"category","embeddable":true,"href":"https:\/\/lasilusiones.com.ar\/blog\/wp-json\/wp\/v2\/categories?post=1925"},{"taxonomy":"post_tag","embeddable":true,"href":"https:\/\/lasilusiones.com.ar\/blog\/wp-json\/wp\/v2\/tags?post=1925"}],"curies":[{"name":"wp","href":"https:\/\/api.w.org\/{rel}","templated":true}]}}