{"id":193,"date":"2019-02-28T16:10:44","date_gmt":"2019-02-28T19:10:44","guid":{"rendered":"https:\/\/lasilusiones.com.ar\/blog\/?p=193"},"modified":"2019-02-28T16:10:44","modified_gmt":"2019-02-28T19:10:44","slug":"el-elenco-de-lanus-recibio-la-mencion-estimulo-a-la-creacion-en-el-festival-regional-de-teatro-independiente","status":"publish","type":"post","link":"https:\/\/lasilusiones.com.ar\/blog\/el-elenco-de-lanus-recibio-la-mencion-estimulo-a-la-creacion-en-el-festival-regional-de-teatro-independiente\/","title":{"rendered":"El elenco de Lan\u00fas recibi\u00f3 la menci\u00f3n &#8220;Estimulo a la creaci\u00f3n&#8221; en el Festival Regional de Teatro Independiente"},"content":{"rendered":"<p>Tenemos el agrado de contarles que el elenco de \u201cVenecia\u201d ha participado en las Fiestas Regionales de Teatro Independiente de la Provincia de Buenos Aires, llevadas a cabo en febrero en la localidad de Glew, y ha obteniendo la menci\u00f3n <em>&#8220;<strong>Estimulo a la creaci\u00f3n<\/strong>&#8220;.<\/em><\/p>\n<p>Nos llena de orgullo haber participado de tan prestigiosa festival y haber obtenido este reconocimiento para nuestros artistas. Significa una enorme motivaci\u00f3n para continuar trabajando por la inclusi\u00f3n en espacios ajenos a la discapacidad.<\/p>\n<p><img loading=\"lazy\" decoding=\"async\" class=\"alignnone size-medium wp-image-194\" src=\"https:\/\/lasilusiones.com.ar\/blog\/wp-content\/uploads\/2019\/03\/mencion-de-la-sede-de-lanus-300x225.jpg\" alt=\"\" width=\"300\" height=\"225\" \/><\/p>\n","protected":false},"excerpt":{"rendered":"<p>Tenemos el agrado de contarles que el elenco de \u201cVenecia\u201d ha participado en las Fiestas Regionales de Teatro Independiente de la Provincia de Buenos Aires,&hellip;<\/p>\n","protected":false},"author":1,"featured_media":194,"comment_status":"open","ping_status":"open","sticky":false,"template":"","format":"standard","meta":{"_monsterinsights_skip_tracking":false,"_monsterinsights_sitenote_active":false,"_monsterinsights_sitenote_note":"","_monsterinsights_sitenote_category":0,"footnotes":""},"categories":[11],"tags":[],"class_list":["post-193","post","type-post","status-publish","format-standard","has-post-thumbnail","hentry","category-reconocimiento"],"_links":{"self":[{"href":"https:\/\/lasilusiones.com.ar\/blog\/wp-json\/wp\/v2\/posts\/193","targetHints":{"allow":["GET"]}}],"collection":[{"href":"https:\/\/lasilusiones.com.ar\/blog\/wp-json\/wp\/v2\/posts"}],"about":[{"href":"https:\/\/lasilusiones.com.ar\/blog\/wp-json\/wp\/v2\/types\/post"}],"author":[{"embeddable":true,"href":"https:\/\/lasilusiones.com.ar\/blog\/wp-json\/wp\/v2\/users\/1"}],"replies":[{"embeddable":true,"href":"https:\/\/lasilusiones.com.ar\/blog\/wp-json\/wp\/v2\/comments?post=193"}],"version-history":[{"count":0,"href":"https:\/\/lasilusiones.com.ar\/blog\/wp-json\/wp\/v2\/posts\/193\/revisions"}],"wp:featuredmedia":[{"embeddable":true,"href":"https:\/\/lasilusiones.com.ar\/blog\/wp-json\/"}],"wp:attachment":[{"href":"https:\/\/lasilusiones.com.ar\/blog\/wp-json\/wp\/v2\/media?parent=193"}],"wp:term":[{"taxonomy":"category","embeddable":true,"href":"https:\/\/lasilusiones.com.ar\/blog\/wp-json\/wp\/v2\/categories?post=193"},{"taxonomy":"post_tag","embeddable":true,"href":"https:\/\/lasilusiones.com.ar\/blog\/wp-json\/wp\/v2\/tags?post=193"}],"curies":[{"name":"wp","href":"https:\/\/api.w.org\/{rel}","templated":true}]}}