{"id":1967,"date":"2023-03-03T10:44:29","date_gmt":"2023-03-03T13:44:29","guid":{"rendered":"https:\/\/lasilusiones.com.ar\/blog\/?p=1967"},"modified":"2023-03-03T10:44:29","modified_gmt":"2023-03-03T13:44:29","slug":"conociendo-a-nuestra-comunidad","status":"publish","type":"post","link":"https:\/\/lasilusiones.com.ar\/blog\/conociendo-a-nuestra-comunidad\/","title":{"rendered":"Conociendo a nuestra comunidad"},"content":{"rendered":"\n<p><\/p>\n\n\n\n<p>Iniciamos marzo con una nueva secci\u00f3n en la que podremos compartir historias y reflexiones de las familias que forman parte de nuestra comunidad. Cada semana en <em>Conociendo a nuestra comunidad <\/em>recorreremos distintos testimonios que nos acerquen e interpelen: c\u00f3mo se transita la llegada de la discapacidad en la familia, c\u00f3mo se vive la inclusi\u00f3n en el d\u00eda a d\u00eda, qu\u00e9 esperan para el futuro.<\/p>\n\n\n\n<p>Valeria Camera, mam\u00e1 de Teresita fue la primera en compartir sus reflexiones y anhelos. Los invitamos a leer y compartir esta nota para que sigamos ampliando y creciendo en comunidad.<\/p>\n\n\n\n<p><em>&#8220;Hoy se habla mucho de inclusi\u00f3n. Desde la discapacidad, desde el g\u00e9nero, desde la realidad social, etc. Por eso, quiero dar mi punto de vista sobre este tema para que no sea una \u201c declaraci\u00f3n de derechos\u201d sino una realidad.\u00a0<\/em><\/p>\n\n\n\n<p><em>Todos los seres humanos y, dir\u00eda, todas las criaturas de este mundo, tenemos limitaciones de alg\u00fan tipo. No todos somos buenos en todo. Hay quienes pueden cantar o bailar, quienes pintan, quienes son buenos deportistas, actores, profesionales, etc. Hay quienes eligen una manera de vivir o intentan hacerlo mejorando sus posibilidades a trav\u00e9s del esfuerzo y la educaci\u00f3n y lo logran. Otros no.<\/em><\/p>\n\n\n\n<p><em>Por esto pienso que la inclusi\u00f3n pasa por dos puntos principales.\u00a0 Primero: aceptar al otro en un todo con sus posibilidades y limitaciones. Segundo: aportar desde mi realidad en todo lo posible para facilitar que mi pr\u00f3jimo lo logre.<\/em><\/p>\n\n\n\n<p><em>Ac\u00e1 vale hacer una advertencia: no se trata de ponerse por encima para dar c\u00e1tedra al \u201cpobrecito\u201d. Se trata de encontrar el punto de equilibrio entre lo que yo puedo y lo que el otro puede o quiere conseguir y lograrlo juntos. Partiendo de estas premisas, comienzo a preguntarme el \u201cc\u00f3mo\u201d y ac\u00e1 surgen muchas y variadas opciones que quisiera compartir.<\/em><\/p>\n\n\n\n<p><em>Una persona muy valiosa en el campo de la discapacidad, Luis Campos, a quien conoc\u00ed hace muchos a\u00f1os, dijo algo que creo que deber\u00eda ser el disparador de todas las acciones tendientes a vivir la inclusi\u00f3n. \u00c9l dice, con mucha claridad que, generalmente, al encarar terapias alternativas frente a una discapacidad, se pone \u00e9nfasis en lo que la persona \u201cno puede\u201d. \u00c9l sostiene que hay que apuntar a lo contrario. Si nos enfocamos en lo que la persona puede, vamos a poder acceder a ella desde el lado m\u00e1s f\u00e1cil y posible para una buena relaci\u00f3n. Luis se dedica hace mucho tiempo a adaptar la tecnolog\u00eda para facilitar la comunicaci\u00f3n de aquellas personas que por alg\u00fan motivo no pueden hacerlo de la manera tradicional y para ello parte de los movimientos voluntarios que la persona pueda hacer, por m\u00ednimos que parezcan, y as\u00ed, les permite una autonom\u00eda de vida que los incluye nuevamente en el mundo que perdieron por alguna circunstancia.<\/em><\/p>\n\n\n\n<p><em>Imaginemos por un momento la felicidad de una persona cuadripl\u00e9jica que acceda a prender o apagar una luz que le molesta sin necesidad de depender de otro. Cada d\u00eda hay m\u00e1s herramientas tecnol\u00f3gicas y terap\u00e9uticas para mejorar la vida de los que tienen una discapacidad y bienvenidas sean, pero yo quisiera poner la mirada en otra realidad y me pregunto: \u00bfestamos realmente preparados y abiertos, en la vida cotidiana, para convivir en un mundo para todos?, \u00bfNos aceptamos tal como somos y aceptamos al otro con su realidad, sin discriminar y juzgar sus acciones? \u00bfO seguimos pensando que nuestro &#8216;paradigma&#8217; de normalidad es el \u00fanico verdadero y desde ah\u00ed juzgamos qui\u00e9n puede pertenecer a esa normalidad y qui\u00e9n no?<\/em><\/p>\n\n\n\n<div class=\"wp-block-media-text alignwide is-stacked-on-mobile\" style=\"grid-template-columns:44% auto\"><figure class=\"wp-block-media-text__media\"><img loading=\"lazy\" decoding=\"async\" width=\"324\" height=\"427\" src=\"https:\/\/lasilusiones.com.ar\/blog\/wp-content\/uploads\/2023\/03\/tere.jpg\" alt=\"\" class=\"wp-image-1974 size-full\" srcset=\"https:\/\/lasilusiones.com.ar\/blog\/wp-content\/uploads\/2023\/03\/tere.jpg 324w, https:\/\/lasilusiones.com.ar\/blog\/wp-content\/uploads\/2023\/03\/tere-228x300.jpg 228w\" sizes=\"auto, (max-width: 324px) 100vw, 324px\" \/><\/figure><div class=\"wp-block-media-text__content\">\n<p><em>Muchos interrogantes para hacernos y quiz\u00e1s la respuesta sea m\u00e1s simple. Tal vez pase por observar la actitud de los m\u00e1s peque\u00f1os frente a un pr\u00f3jimo \u201cdiferente\u201d: cero reacci\u00f3n, cero conflicto, cero rechazo.\u00a0 Solo buscan la manera de lograr que sus diferencias no les impidan jugar al juego propuesto. Si no puede caminar, gateamos los dos; si no habla, ambos hacemos se\u00f1as; si no entiende el juego, lo adaptamos. Tan simple como eso.<\/em><\/p>\n\n\n\n<p><em>Josefina, una de mis hijas, que ten\u00eda 4 a\u00f1os cuando naci\u00f3 Teresita, frente a la explicaci\u00f3n de las &#8216;limitaciones&#8217; que pod\u00eda tener Tere dijo: &#8216;me est\u00e1n diciendo que cuando Tere pinte la casita, \u00bfse va a salir de la raya? No importa, yo tambi\u00e9n me salgo&#8217;.<\/em><\/p>\n\n\n\n<p><em>As\u00ed de claro y as\u00ed de simple. Todos nos \u201csalimos de la raya\u201d en alg\u00fan punto. <\/em><\/p>\n\n\n\n<p><em>Creo que tenemos que aprender a no intelectualizar la inclusi\u00f3n.\u00a0 Tenemos que vivirla<\/em>&#8220;.<\/p>\n<\/div><\/div>\n\n\n\n<p>\u00bfQuer\u00e9s compartir tu historia? Escribinos a <a rel=\"noreferrer noopener\" href=\"mailto:comunicacion@lasilusiones.com.ar\" target=\"_blank\">comunicacion@lasilusiones.com.ar<\/a><\/p>\n","protected":false},"excerpt":{"rendered":"<p>Iniciamos marzo con una nueva secci\u00f3n en la que podremos compartir historias y reflexiones de las familias que forman parte de nuestra comunidad. Cada semana&hellip;<\/p>\n","protected":false},"author":2,"featured_media":1973,"comment_status":"open","ping_status":"open","sticky":false,"template":"","format":"standard","meta":{"_monsterinsights_skip_tracking":false,"_monsterinsights_sitenote_active":false,"_monsterinsights_sitenote_note":"","_monsterinsights_sitenote_category":0,"footnotes":""},"categories":[4],"tags":[],"class_list":["post-1967","post","type-post","status-publish","format-standard","has-post-thumbnail","hentry","category-articulo"],"_links":{"self":[{"href":"https:\/\/lasilusiones.com.ar\/blog\/wp-json\/wp\/v2\/posts\/1967","targetHints":{"allow":["GET"]}}],"collection":[{"href":"https:\/\/lasilusiones.com.ar\/blog\/wp-json\/wp\/v2\/posts"}],"about":[{"href":"https:\/\/lasilusiones.com.ar\/blog\/wp-json\/wp\/v2\/types\/post"}],"author":[{"embeddable":true,"href":"https:\/\/lasilusiones.com.ar\/blog\/wp-json\/wp\/v2\/users\/2"}],"replies":[{"embeddable":true,"href":"https:\/\/lasilusiones.com.ar\/blog\/wp-json\/wp\/v2\/comments?post=1967"}],"version-history":[{"count":2,"href":"https:\/\/lasilusiones.com.ar\/blog\/wp-json\/wp\/v2\/posts\/1967\/revisions"}],"predecessor-version":[{"id":1975,"href":"https:\/\/lasilusiones.com.ar\/blog\/wp-json\/wp\/v2\/posts\/1967\/revisions\/1975"}],"wp:featuredmedia":[{"embeddable":true,"href":"https:\/\/lasilusiones.com.ar\/blog\/wp-json\/wp\/v2\/media\/1973"}],"wp:attachment":[{"href":"https:\/\/lasilusiones.com.ar\/blog\/wp-json\/wp\/v2\/media?parent=1967"}],"wp:term":[{"taxonomy":"category","embeddable":true,"href":"https:\/\/lasilusiones.com.ar\/blog\/wp-json\/wp\/v2\/categories?post=1967"},{"taxonomy":"post_tag","embeddable":true,"href":"https:\/\/lasilusiones.com.ar\/blog\/wp-json\/wp\/v2\/tags?post=1967"}],"curies":[{"name":"wp","href":"https:\/\/api.w.org\/{rel}","templated":true}]}}