{"id":1976,"date":"2023-03-06T08:08:12","date_gmt":"2023-03-06T11:08:12","guid":{"rendered":"https:\/\/lasilusiones.com.ar\/blog\/?p=1976"},"modified":"2023-03-06T08:15:25","modified_gmt":"2023-03-06T11:15:25","slug":"experiencia-social-en-danza-y-arte","status":"publish","type":"post","link":"https:\/\/lasilusiones.com.ar\/blog\/experiencia-social-en-danza-y-arte\/","title":{"rendered":"Experiencia social en danza y arte"},"content":{"rendered":"\n<p><\/p>\n\n\n\n<p>Empez\u00f3 el a\u00f1o y el calorcito nos invit\u00f3 a pensar y vivir experiencias nuevas. El espacio abierto, <em>Parque de la Estaci\u00f3n<\/em>, se nos present\u00f3 como el mejor escenario para conquistar nuevos p\u00fablicos. En esta ocasi\u00f3n, cuatro j\u00f3venes de la comunidad de Las Ilusiones de teatro musical y danza (CABA), tuvieron la oportunidad de liderar, junto a Rebeca Bonsignori, referente de la Compa\u00f1\u00eda, la propuesta de la <strong>\u201cExperiencia Social en Danza y Arte RITMOS (ESDA)&#8221;<\/strong>. Participaron\u00a0Bruno Toffolini, Victoria Fern\u00e1ndez, Gast\u00f3n Pereyra y Eva Morales.\u00a0<\/p>\n\n\n\n<p>Rebeca es core\u00f3grafa y su idea fue compartir con el p\u00fablico general las coreograf\u00edas que, durante el ciclo lectivo 2022, realizaron y aprendieron los j\u00f3venes, incorpor\u00e1ndole un formato m\u00e1s aer\u00f3bico y din\u00e1mico.\u00a0Fueron cuatro encuentros en los que <strong>prim\u00f3 la diversi\u00f3n, el movimiento agitado, las palmas y muchos gritos de alegr\u00eda y positivismo<\/strong>. Pasaron m\u00e1s de 20 participantes en los diferentes d\u00edas.\u00a0\u00a0<\/p>\n\n\n\n<p>\u201c<em>Fue una experiencia muy positiva: pudimos encontrar un formato de clase que promueve, desde diferentes \u00e1ngulos, la expresi\u00f3n genuina de cada participante y realizador. Sostuvimos una actividad de mucha exposici\u00f3n en un espacio central dentro del parque. Entramos en contacto con los vecinos y, en algunas ocasiones, formaron parte de la clase \u00a1Felices esperamos las nuevas propuestas de ESDA!<\/em>\u201d, nos cont\u00f3 Rebeca. \u00a0<\/p>\n\n\n\n<p>Les dejamos algunas im\u00e1genes de lo que fue la jornada:<\/p>\n\n\n\n<figure class=\"wp-block-gallery has-nested-images columns-default is-cropped wp-block-gallery-1 is-layout-flex wp-block-gallery-is-layout-flex\">\n<figure class=\"wp-block-image size-large\"><img loading=\"lazy\" decoding=\"async\" width=\"768\" height=\"1024\" data-id=\"1979\" src=\"https:\/\/lasilusiones.com.ar\/blog\/wp-content\/uploads\/2023\/03\/WhatsApp-Image-2023-03-02-at-10.04.36-1.jpeg\" alt=\"\" class=\"wp-image-1979\" srcset=\"https:\/\/lasilusiones.com.ar\/blog\/wp-content\/uploads\/2023\/03\/WhatsApp-Image-2023-03-02-at-10.04.36-1.jpeg 768w, https:\/\/lasilusiones.com.ar\/blog\/wp-content\/uploads\/2023\/03\/WhatsApp-Image-2023-03-02-at-10.04.36-1-225x300.jpeg 225w\" sizes=\"auto, (max-width: 768px) 100vw, 768px\" \/><\/figure>\n\n\n\n<figure class=\"wp-block-image size-large\"><img loading=\"lazy\" decoding=\"async\" width=\"1024\" height=\"576\" data-id=\"1977\" src=\"https:\/\/lasilusiones.com.ar\/blog\/wp-content\/uploads\/2023\/03\/WhatsApp-Image-2023-03-02-at-10.04.36.jpeg\" alt=\"\" class=\"wp-image-1977\" srcset=\"https:\/\/lasilusiones.com.ar\/blog\/wp-content\/uploads\/2023\/03\/WhatsApp-Image-2023-03-02-at-10.04.36.jpeg 1024w, https:\/\/lasilusiones.com.ar\/blog\/wp-content\/uploads\/2023\/03\/WhatsApp-Image-2023-03-02-at-10.04.36-300x169.jpeg 300w, https:\/\/lasilusiones.com.ar\/blog\/wp-content\/uploads\/2023\/03\/WhatsApp-Image-2023-03-02-at-10.04.36-768x432.jpeg 768w\" sizes=\"auto, (max-width: 1024px) 100vw, 1024px\" \/><\/figure>\n<\/figure>\n\n\n\n<figure class=\"wp-block-image size-full\"><img loading=\"lazy\" decoding=\"async\" width=\"1024\" height=\"725\" src=\"https:\/\/lasilusiones.com.ar\/blog\/wp-content\/uploads\/2023\/03\/Rebe-1-1.jpg\" alt=\"\" class=\"wp-image-1984\" srcset=\"https:\/\/lasilusiones.com.ar\/blog\/wp-content\/uploads\/2023\/03\/Rebe-1-1.jpg 1024w, https:\/\/lasilusiones.com.ar\/blog\/wp-content\/uploads\/2023\/03\/Rebe-1-1-300x212.jpg 300w, https:\/\/lasilusiones.com.ar\/blog\/wp-content\/uploads\/2023\/03\/Rebe-1-1-768x544.jpg 768w\" sizes=\"auto, (max-width: 1024px) 100vw, 1024px\" \/><\/figure>\n\n\n\n<figure class=\"wp-block-image size-full\"><img loading=\"lazy\" decoding=\"async\" width=\"1024\" height=\"576\" src=\"https:\/\/lasilusiones.com.ar\/blog\/wp-content\/uploads\/2023\/03\/WhatsApp-Image-2023-03-02-at-10.04.35-1.jpeg\" alt=\"\" class=\"wp-image-1985\" srcset=\"https:\/\/lasilusiones.com.ar\/blog\/wp-content\/uploads\/2023\/03\/WhatsApp-Image-2023-03-02-at-10.04.35-1.jpeg 1024w, https:\/\/lasilusiones.com.ar\/blog\/wp-content\/uploads\/2023\/03\/WhatsApp-Image-2023-03-02-at-10.04.35-1-300x169.jpeg 300w, https:\/\/lasilusiones.com.ar\/blog\/wp-content\/uploads\/2023\/03\/WhatsApp-Image-2023-03-02-at-10.04.35-1-768x432.jpeg 768w\" sizes=\"auto, (max-width: 1024px) 100vw, 1024px\" \/><\/figure>\n\n\n\n<p>Como siempre, seguimos buscando maneras de acercarnos a la mirada del p\u00fablico,\u00a0pregunt\u00e1ndonos: \u00bfCu\u00e1les son las pr\u00e1cticas que nos acercan a compartir el arte que hacemos a p\u00fablicos m\u00e1s amplios?\u00a0<\/p>\n","protected":false},"excerpt":{"rendered":"<p>Empez\u00f3 el a\u00f1o y el calorcito nos invit\u00f3 a pensar y vivir experiencias nuevas. El espacio abierto, Parque de la Estaci\u00f3n, se nos present\u00f3 como&hellip;<\/p>\n","protected":false},"author":2,"featured_media":1987,"comment_status":"open","ping_status":"open","sticky":false,"template":"","format":"standard","meta":{"_monsterinsights_skip_tracking":false,"_monsterinsights_sitenote_active":false,"_monsterinsights_sitenote_note":"","_monsterinsights_sitenote_category":0,"footnotes":""},"categories":[3],"tags":[],"class_list":["post-1976","post","type-post","status-publish","format-standard","has-post-thumbnail","hentry","category-actividades"],"_links":{"self":[{"href":"https:\/\/lasilusiones.com.ar\/blog\/wp-json\/wp\/v2\/posts\/1976","targetHints":{"allow":["GET"]}}],"collection":[{"href":"https:\/\/lasilusiones.com.ar\/blog\/wp-json\/wp\/v2\/posts"}],"about":[{"href":"https:\/\/lasilusiones.com.ar\/blog\/wp-json\/wp\/v2\/types\/post"}],"author":[{"embeddable":true,"href":"https:\/\/lasilusiones.com.ar\/blog\/wp-json\/wp\/v2\/users\/2"}],"replies":[{"embeddable":true,"href":"https:\/\/lasilusiones.com.ar\/blog\/wp-json\/wp\/v2\/comments?post=1976"}],"version-history":[{"count":3,"href":"https:\/\/lasilusiones.com.ar\/blog\/wp-json\/wp\/v2\/posts\/1976\/revisions"}],"predecessor-version":[{"id":1986,"href":"https:\/\/lasilusiones.com.ar\/blog\/wp-json\/wp\/v2\/posts\/1976\/revisions\/1986"}],"wp:featuredmedia":[{"embeddable":true,"href":"https:\/\/lasilusiones.com.ar\/blog\/wp-json\/wp\/v2\/media\/1987"}],"wp:attachment":[{"href":"https:\/\/lasilusiones.com.ar\/blog\/wp-json\/wp\/v2\/media?parent=1976"}],"wp:term":[{"taxonomy":"category","embeddable":true,"href":"https:\/\/lasilusiones.com.ar\/blog\/wp-json\/wp\/v2\/categories?post=1976"},{"taxonomy":"post_tag","embeddable":true,"href":"https:\/\/lasilusiones.com.ar\/blog\/wp-json\/wp\/v2\/tags?post=1976"}],"curies":[{"name":"wp","href":"https:\/\/api.w.org\/{rel}","templated":true}]}}