{"id":198,"date":"2019-03-07T12:31:31","date_gmt":"2019-03-07T15:31:31","guid":{"rendered":"https:\/\/lasilusiones.com.ar\/blog\/?p=198"},"modified":"2019-03-07T12:31:31","modified_gmt":"2019-03-07T15:31:31","slug":"celebramos-el-dia-de-la-persona-con-sindrome-de-down-con-funciones-en-colon","status":"publish","type":"post","link":"https:\/\/lasilusiones.com.ar\/blog\/celebramos-el-dia-de-la-persona-con-sindrome-de-down-con-funciones-en-colon\/","title":{"rendered":"Celebramos el D\u00eda de la Persona con S\u00edndrome de Down con funciones en Col\u00f3n"},"content":{"rendered":"<p>El pr\u00f3ximo 21 de marzo La Compa\u00f1\u00eda de arte inclusiva Las Ilusiones presentar\u00e1 \u201cVenecia\u201d y \u201cOr\u00edgenes\u201d en Col\u00f3n, Entre R\u00edos.<\/p>\n<p><img loading=\"lazy\" decoding=\"async\" class=\"size-medium wp-image-199 aligncenter\" src=\"https:\/\/lasilusiones.com.ar\/blog\/wp-content\/uploads\/2019\/03\/VENECIA-18-300x200.jpg\" alt=\"\" width=\"300\" height=\"200\" \/><\/p>\n<p>Con motivo de conmemorar el D\u00eda de la Persona con S\u00edndrome de Down, La Compa\u00f1\u00eda de arte inclusiva Las Ilusiones viajar\u00e1 el 21 de marzo a la ciudad de Col\u00f3n, Entre R\u00edos, con dos de sus elencos para presentar la comedia Venecia y el espect\u00e1culo de danza Or\u00edgenes.<\/p>\n<p>Tras su presentaci\u00f3n en las Fiestas Regionales de Teatro Independiente de Buenos Aires, el elenco de \u201cVenecia\u201d recibi\u00f3 la menci\u00f3n \u201cEst\u00edmulo a la creaci\u00f3n\u201d por su labor art\u00edstica.<\/p>\n<p>La escuela que entrena actores con discapacidad, promueve la inclusi\u00f3n de sus artistas llevando por el pa\u00eds los espect\u00e1culos que producen a\u00f1o tras a\u00f1o. En esta oportunidad los shows, aptos para todo p\u00fablico, ser\u00e1n en La Casa del Bicentenario de dicha ciudad.<\/p>\n<p><strong>Funci\u00f3n: jueves 21 de marzo | 21hs en la Casa del Bicentenario | Direcci\u00f3n: <\/strong><strong>Bv. Gaillard 179, Col\u00f3n, Entre R\u00edos.<\/strong><\/p>\n<p><img loading=\"lazy\" decoding=\"async\" class=\"size-medium wp-image-200 aligncenter\" src=\"https:\/\/lasilusiones.com.ar\/blog\/wp-content\/uploads\/2019\/03\/danza-las-ilusiones-300x171.jpg\" alt=\"\" width=\"300\" height=\"171\" \/><\/p>\n<p><strong><u>Sobre Las Ilusiones<\/u><\/strong><\/p>\n<p>La compa\u00f1\u00eda se conform\u00f3 en 2009. Tras 10 a\u00f1os de trabajo ininterrumpido Las Ilusiones ha crecido hasta conformar hoy una comunidad de 400 actores con y sin discapacidad. En su mayor\u00eda son personas con S\u00edndrome de Down, de todas las edades.<\/p>\n<p>La Compa\u00f1\u00eda tiene nueve sedes: CABA, Olivos, Ingeniero Maschwitz , Villa Ballester, Ramos Mej\u00eda, Lan\u00fas, La Plata, Col\u00f3n (entre R\u00edos) y Salta Capital.<\/p>\n<p>En este marco es que durante todo el a\u00f1o se realizan funciones demostrando todo el potencial art\u00edstico que tienen las personas con discapacidad intelectual y dando cuenta de los frutos del trabajo inclusivo y grupal. Las producciones realizadas por La Compa\u00f1\u00eda han sido vistas por m\u00e1s de 15000 espectadores.<\/p>\n<p>RECONOCIMIENTOS. Varios de sus espect\u00e1culos fueron declarados de inter\u00e9s cultural por la Secretar\u00eda de Cultura de la Naci\u00f3n (2010), la Municipalidad de Almirante Brown (2012) y la Legislatura de la Ciudad Aut\u00f3noma de Buenos Aires (2013).\u00a0Adem\u00e1s, recibi\u00f3 reconocimientos por est\u00e9tica visual, composici\u00f3n art\u00edstica, coreograf\u00eda y verdad esc\u00e9nica en el\u00a0Festival Mundial de <em>Teatro Adolescente Vamos Que Venimos<\/em>\u00a0(2012); y distintas nominaciones por mejor direcci\u00f3n, mejor vestuario, mejor actuaci\u00f3n masculina protag\u00f3nica y secundaria en\u00a0<em>IntegrArte<\/em> en los Barrios\u00a0(2014). Adem\u00e1s, recibi\u00f3 la declaraci\u00f3n de \u201cEmbajada de Paz\u201d otorgado por el movimiento\u00a0<em>Mil Milenios de Paz<\/em>\u00a0(2013) y el reconocimiento de \u201cinter\u00e9s social\u201d de la Legislatura porte\u00f1a por su revista institucional. Durante el mes de noviembre, recibi\u00f3 la declaraci\u00f3n de inter\u00e9s Cultural y Provincial por la honorable C\u00e1mara de Diputados de la Provincia de Buenos Aires; y la <em>declaraci\u00f3n de Inter\u00e9s Cultural por el Consejo Deliberante de la localidad de Vicente L\u00f3pez. En 2019 el elenco de la sede de Lan\u00fas recibi\u00f3 la menci\u00f3n \u201cEst\u00edmulo a la creaci\u00f3n\u201d otorgado por la organizaci\u00f3n de las Fiestas Regionales del Teatro Independiente de Buenos Aires.<\/em><\/p>\n","protected":false},"excerpt":{"rendered":"<p>El pr\u00f3ximo 21 de marzo La Compa\u00f1\u00eda de arte inclusiva Las Ilusiones presentar\u00e1 \u201cVenecia\u201d y \u201cOr\u00edgenes\u201d en Col\u00f3n, Entre R\u00edos. Con motivo de conmemorar el&hellip;<\/p>\n","protected":false},"author":1,"featured_media":200,"comment_status":"open","ping_status":"open","sticky":false,"template":"","format":"standard","meta":{"_monsterinsights_skip_tracking":false,"_monsterinsights_sitenote_active":false,"_monsterinsights_sitenote_note":"","_monsterinsights_sitenote_category":0,"footnotes":""},"categories":[6],"tags":[],"class_list":["post-198","post","type-post","status-publish","format-standard","has-post-thumbnail","hentry","category-funciones"],"_links":{"self":[{"href":"https:\/\/lasilusiones.com.ar\/blog\/wp-json\/wp\/v2\/posts\/198","targetHints":{"allow":["GET"]}}],"collection":[{"href":"https:\/\/lasilusiones.com.ar\/blog\/wp-json\/wp\/v2\/posts"}],"about":[{"href":"https:\/\/lasilusiones.com.ar\/blog\/wp-json\/wp\/v2\/types\/post"}],"author":[{"embeddable":true,"href":"https:\/\/lasilusiones.com.ar\/blog\/wp-json\/wp\/v2\/users\/1"}],"replies":[{"embeddable":true,"href":"https:\/\/lasilusiones.com.ar\/blog\/wp-json\/wp\/v2\/comments?post=198"}],"version-history":[{"count":0,"href":"https:\/\/lasilusiones.com.ar\/blog\/wp-json\/wp\/v2\/posts\/198\/revisions"}],"wp:featuredmedia":[{"embeddable":true,"href":"https:\/\/lasilusiones.com.ar\/blog\/wp-json\/"}],"wp:attachment":[{"href":"https:\/\/lasilusiones.com.ar\/blog\/wp-json\/wp\/v2\/media?parent=198"}],"wp:term":[{"taxonomy":"category","embeddable":true,"href":"https:\/\/lasilusiones.com.ar\/blog\/wp-json\/wp\/v2\/categories?post=198"},{"taxonomy":"post_tag","embeddable":true,"href":"https:\/\/lasilusiones.com.ar\/blog\/wp-json\/wp\/v2\/tags?post=198"}],"curies":[{"name":"wp","href":"https:\/\/api.w.org\/{rel}","templated":true}]}}