{"id":2009,"date":"2023-03-10T08:07:00","date_gmt":"2023-03-10T11:07:00","guid":{"rendered":"https:\/\/lasilusiones.com.ar\/blog\/?p=2009"},"modified":"2023-03-09T10:10:51","modified_gmt":"2023-03-09T13:10:51","slug":"conociendo-a-nuestra-comunidad-2","status":"publish","type":"post","link":"https:\/\/lasilusiones.com.ar\/blog\/conociendo-a-nuestra-comunidad-2\/","title":{"rendered":"Conociendo a nuestra comunidad"},"content":{"rendered":"\n<p><\/p>\n\n\n\n<p>Otro viernes de conocernos y pensarnos en comunidad. Como se suele decir, cada familia es un mundo, y hoy nos acercamos al mundo de Noe y su mam\u00e1 Lili que nos cont\u00f3 en primera persona sus vivencias.<\/p>\n\n\n\n<p><em>\u201cCuando nace una persona con discapacidad y no lo esperabas, se te desmorona el mundo. Uno busca opiniones de diferentes m\u00e9dicos esperando que alguno te diga lo contrario, pero, aunque duela, enseguida te das cuenta de que ten\u00e9s que seguir. Uno de esos m\u00e9dicos me dijo una vez &#8216;ella va a lograr todo, hablar, caminar, nadar, escribir. Dale su tiempo, no la apures&#8217;. Noelia tiene 33 a\u00f1os y fue la primera nieta, la primera sobrina, todo. Con el acompa\u00f1amiento del pap\u00e1 y los abuelos, a los tres meses empezamos con estimulaci\u00f3n temprana, fonoaudi\u00f3loga a los ocho, luego psicopedagoga; tratando de ir un paso m\u00e1s adelante de lo que me suger\u00edan. Comenzamos a buscar escuela, siempre proponiendo la integraci\u00f3n desde nuestro lado, porque los lugares que uno imagina deber\u00edan integrar, no la aceptaban. Fuimos chocando con muchas barreras. Cost\u00f3, pero hizo primaria en una escuela com\u00fan con un profesional que la acompa\u00f1\u00f3 y tomaba clases particulares y, a la par, comenz\u00f3 otras actividades como teatro, danza, folklore. No fue f\u00e1cil, pero lo fuimos logrando, no fue una verdadera inclusi\u00f3n la que recibi\u00f3, pero estuvo integrada con compa\u00f1eros con los que hoy sigue en contacto. Ahora las escuelas me parece que est\u00e1n m\u00e1s preparadas pero no hay tantos chicos incluidos. Tambi\u00e9n lo que veo es que hay familias que se resignan a llevar a sus hijos a las escuelas especiales, porque otras puertas se cierran y terminan en una escuela y luego no salen de ese c\u00edrculo. Pero a nivel social si hay logros: bailes, actividades culturales, formaci\u00f3n como Cascos Verdes, que les propone vida de universitario, con sus salidas y amigos; Noe tambi\u00e9n hizo maquillaje, bijouterie. Creo que va en el seguimiento que uno haga, la insistencia. Hoy la sociedad cambi\u00f3, no se extra\u00f1a al verlos, aunque los miran. Cuando yo voy con ella me siento s\u00faper orgullosa &#8216;s\u00ed, mirala, habla y si supieras todo lo que hace&#8217;. La gente no puede creer todas las actividades que ellos hacen y lo que van logrando y como se respetan e integran. En un momento algunas personas me dec\u00edan que estaba loca con todas las cosas que hac\u00eda Noe, yo no creo. Quiz\u00e1s no todo sali\u00f3 como se plane\u00f3 y en alg\u00fan momento la apabull\u00e9, pero lo que ella hace hoy, le resulta.Para el futuro a veces me siento contradictoria. Porque quiero la autonom\u00eda, Noe est\u00e1 haciendo los talleres de TAO, pero hay l\u00edmites que hay que poner. Hay situaciones que desestabilizan. Uno pretende una vida aut\u00f3noma, pero creo que siempre van a depender de que haya alguien cerca como para controlar determinadas situaciones, como lo har\u00edamos con un adolescente. Me gustar\u00eda que todos pudieran tener acceso a la autonom\u00eda pero, lamentablemente, no siempre se da la posibilidad de acceder a esas pr\u00e1cticas. Me gustar\u00eda que Noe pueda vivir sola o, como a veces habla, que viva con sus amigas (cuando volvieron de Mar del Plata quer\u00edan quedarse a vivir all\u00e1). Ella est\u00e1 preparada y seguro ella se manejar\u00eda mucho mejor si yo no estuviera, ella es mucho m\u00e1s pr\u00e1ctica con las cosas, me ense\u00f1a a m\u00ed&#8221;.<\/em><\/p>\n\n\n\n<p><\/p>\n\n\n\n<div class=\"wp-block-media-text alignwide is-stacked-on-mobile\" style=\"grid-template-columns:44% auto\"><figure class=\"wp-block-media-text__media\"><img loading=\"lazy\" decoding=\"async\" width=\"1024\" height=\"1009\" src=\"https:\/\/lasilusiones.com.ar\/blog\/wp-content\/uploads\/2023\/03\/WhatsApp-Image-2023-03-08-at-21.17.20-1024x1009.jpeg\" alt=\"\" class=\"wp-image-2010 size-full\" srcset=\"https:\/\/lasilusiones.com.ar\/blog\/wp-content\/uploads\/2023\/03\/WhatsApp-Image-2023-03-08-at-21.17.20-1024x1009.jpeg 1024w, https:\/\/lasilusiones.com.ar\/blog\/wp-content\/uploads\/2023\/03\/WhatsApp-Image-2023-03-08-at-21.17.20-300x296.jpeg 300w, https:\/\/lasilusiones.com.ar\/blog\/wp-content\/uploads\/2023\/03\/WhatsApp-Image-2023-03-08-at-21.17.20-768x757.jpeg 768w, https:\/\/lasilusiones.com.ar\/blog\/wp-content\/uploads\/2023\/03\/WhatsApp-Image-2023-03-08-at-21.17.20.jpeg 1080w\" sizes=\"auto, (max-width: 1024px) 100vw, 1024px\" \/><\/figure><div class=\"wp-block-media-text__content\">\n<p>&#8220;<em>Yo viv\u00ed la integraci\u00f3n de esta manera. Golpeando puertas, hablando con otras mam\u00e1s, yendo a reuniones juntas, peleando por la integraci\u00f3n<\/em>&#8220;.<\/p>\n\n\n\n<p>&#8220;<em>Desde lo que he vivido, en cuanto a escolaridad, a veces siento que es mucho discurso y no una inclusi\u00f3n real. Pero no lo viv\u00ed como un drama. A veces te frustr\u00e1s cuando te encontr\u00e1s con algunas actitudes, pero no lo viv\u00ed con tristeza, fui aprendiendo y todav\u00eda lo hago<strong>. Cuando te empez\u00e1s a acostumbrar a la discapacidad, cambi\u00e1s la visi\u00f3n. Cuando ves que la nena de al lado hizo un dibujo hermoso y tu hija hizo tres rayas, bueno, lo de ella es lo mejor del mundo, porque hizo tres rayas y es lo que pudo lograr. Como mam\u00e1 no ten\u00e9s que entrar en la comparaci\u00f3n. Hay que caminar a la par y eso es lo que venimos haciendo desde hace 33 a\u00f1os<\/strong>&#8220;.<\/em><\/p>\n<\/div><\/div>\n\n\n\n<p><\/p>\n\n\n\n<p>Te invitamos a dejarnos tu comentario y si quer\u00e9s compartir tu historia o reflexiones, escribinos a\u00a0<a rel=\"noreferrer noopener\" href=\"mailto:comunicacion@lasilusiones.com.ar\" target=\"_blank\">comunicacion@lasilusiones.com.ar<\/a><\/p>\n","protected":false},"excerpt":{"rendered":"<p>Otro viernes de conocernos y pensarnos en comunidad. Como se suele decir, cada familia es un mundo, y hoy nos acercamos al mundo de Noe&hellip;<\/p>\n","protected":false},"author":2,"featured_media":1973,"comment_status":"open","ping_status":"open","sticky":false,"template":"","format":"standard","meta":{"_monsterinsights_skip_tracking":false,"_monsterinsights_sitenote_active":false,"_monsterinsights_sitenote_note":"","_monsterinsights_sitenote_category":0,"footnotes":""},"categories":[4],"tags":[],"class_list":["post-2009","post","type-post","status-publish","format-standard","has-post-thumbnail","hentry","category-articulo"],"_links":{"self":[{"href":"https:\/\/lasilusiones.com.ar\/blog\/wp-json\/wp\/v2\/posts\/2009","targetHints":{"allow":["GET"]}}],"collection":[{"href":"https:\/\/lasilusiones.com.ar\/blog\/wp-json\/wp\/v2\/posts"}],"about":[{"href":"https:\/\/lasilusiones.com.ar\/blog\/wp-json\/wp\/v2\/types\/post"}],"author":[{"embeddable":true,"href":"https:\/\/lasilusiones.com.ar\/blog\/wp-json\/wp\/v2\/users\/2"}],"replies":[{"embeddable":true,"href":"https:\/\/lasilusiones.com.ar\/blog\/wp-json\/wp\/v2\/comments?post=2009"}],"version-history":[{"count":2,"href":"https:\/\/lasilusiones.com.ar\/blog\/wp-json\/wp\/v2\/posts\/2009\/revisions"}],"predecessor-version":[{"id":2012,"href":"https:\/\/lasilusiones.com.ar\/blog\/wp-json\/wp\/v2\/posts\/2009\/revisions\/2012"}],"wp:featuredmedia":[{"embeddable":true,"href":"https:\/\/lasilusiones.com.ar\/blog\/wp-json\/wp\/v2\/media\/1973"}],"wp:attachment":[{"href":"https:\/\/lasilusiones.com.ar\/blog\/wp-json\/wp\/v2\/media?parent=2009"}],"wp:term":[{"taxonomy":"category","embeddable":true,"href":"https:\/\/lasilusiones.com.ar\/blog\/wp-json\/wp\/v2\/categories?post=2009"},{"taxonomy":"post_tag","embeddable":true,"href":"https:\/\/lasilusiones.com.ar\/blog\/wp-json\/wp\/v2\/tags?post=2009"}],"curies":[{"name":"wp","href":"https:\/\/api.w.org\/{rel}","templated":true}]}}