{"id":2035,"date":"2023-03-24T11:21:37","date_gmt":"2023-03-24T14:21:37","guid":{"rendered":"https:\/\/lasilusiones.com.ar\/blog\/?p=2035"},"modified":"2023-03-24T11:30:58","modified_gmt":"2023-03-24T14:30:58","slug":"conociendo-a-nuestra-comunidad-4","status":"publish","type":"post","link":"https:\/\/lasilusiones.com.ar\/blog\/conociendo-a-nuestra-comunidad-4\/","title":{"rendered":"Conociendo a nuestra comunidad"},"content":{"rendered":"\n<p><\/p>\n\n\n\n<p>Hoy Silvia, mam\u00e1 de Ana Paula, nos cuenta el recorrido como familia y c\u00f3mo vivieron la inclusi\u00f3n. <\/p>\n\n\n\n<p><\/p>\n\n\n\n<p><em>Me presento: soy Mar\u00eda Silvia Castiglioni, mam\u00e1 de Ana Paula Aiello. Ana Paula naci\u00f3 hace 36 a\u00f1os naci\u00f3 en Z\u00e1rate y es la segunda hija de tres: una hermana 4 a\u00f1os mayor y luego lleg\u00f3 Juan, que tiene 6 a\u00f1os menos. Soy profesora de historia trabaj\u00e9 34 a\u00f1os en aula y mis hijos se criaron los tres estudiando y escolariz\u00e1ndose.&nbsp;<\/em><\/p>\n\n\n\n<p><em>Cuando Ana lleg\u00f3 no sab\u00edamos de su condici\u00f3n, fue una beb\u00e9 que naci\u00f3 en t\u00e9rmino y, ah\u00ed, comenz\u00f3 un cambio en toda la familia. Ana era el centro del tema, la preocupaci\u00f3n, los consultorios; entraba y sal\u00eda todos los d\u00edas de los tratamientos. Y esto repercute a veces en la familia, la mayor de sus hermanas, muchas veces lo padeci\u00f3.<\/em><\/p>\n\n\n\n<div class=\"wp-block-media-text alignwide is-stacked-on-mobile\"><figure class=\"wp-block-media-text__media\"><img loading=\"lazy\" decoding=\"async\" width=\"1024\" height=\"768\" src=\"https:\/\/lasilusiones.com.ar\/blog\/wp-content\/uploads\/2023\/03\/WhatsApp-Image-2023-03-24-at-10.58.20-1024x768.jpeg\" alt=\"\" class=\"wp-image-2037 size-full\" srcset=\"https:\/\/lasilusiones.com.ar\/blog\/wp-content\/uploads\/2023\/03\/WhatsApp-Image-2023-03-24-at-10.58.20-1024x768.jpeg 1024w, https:\/\/lasilusiones.com.ar\/blog\/wp-content\/uploads\/2023\/03\/WhatsApp-Image-2023-03-24-at-10.58.20-300x225.jpeg 300w, https:\/\/lasilusiones.com.ar\/blog\/wp-content\/uploads\/2023\/03\/WhatsApp-Image-2023-03-24-at-10.58.20-768x576.jpeg 768w, https:\/\/lasilusiones.com.ar\/blog\/wp-content\/uploads\/2023\/03\/WhatsApp-Image-2023-03-24-at-10.58.20-1536x1152.jpeg 1536w, https:\/\/lasilusiones.com.ar\/blog\/wp-content\/uploads\/2023\/03\/WhatsApp-Image-2023-03-24-at-10.58.20.jpeg 1600w\" sizes=\"auto, (max-width: 1024px) 100vw, 1024px\" \/><\/figure><div class=\"wp-block-media-text__content\">\n<p><em>As\u00ed que primero, mucho dolor, no sab\u00edamos qu\u00e9, cu\u00e1ndo, ni d\u00f3nde. Pero lleg\u00f3 a nuestras vidas Sebasti\u00e1n, que ten\u00eda un a\u00f1o, y sus pap\u00e1s nos orientaron y empezamos a viajar juntos a Capital una vez por semana para la estimulaci\u00f3n temprana. As\u00ed crecieron y, despu\u00e9s de 3 a\u00f1os, Ana Paula ingres\u00f3 en el jard\u00edn com\u00fan de Z\u00e1rate. Fue la primera nena con S\u00edndrome de Down, en el distrito, en ser integrada a un jard\u00edn com\u00fan. Siempre estuvo todo bien en la sociedad, siempre hizo una vida social normal.&nbsp; <strong>Siempre nos ense\u00f1aron que hab\u00eda que educar, educar y educar y al que no le guste su presencia, que aprenda a convivir con ella. As\u00ed pasamos a ser, en la comunidad de Z\u00e1rate, los padres y los hermanos de Ana Paula.<\/strong><\/em><\/p>\n<\/div><\/div>\n\n\n\n<div class=\"wp-block-media-text alignwide has-media-on-the-right is-stacked-on-mobile\"><div class=\"wp-block-media-text__content\">\n<p><em>Toda su vida hizo muchas actividades. Fue 8 a\u00f1os a teatro, iba a las colonias integradas en verano, a tango, a folklore y pintura y artesan\u00edas y en todos lados era feliz. Hace 15 a\u00f1os que estamos en Las Ilusiones, felices con este grupo que se arm\u00f3. Es un gran sacrificio que hacemos con alegr\u00eda. Y ac\u00e1 estamos. <strong>Nada nos detuvo, ni la pandemia, ni los problemas, ni los momentos dif\u00edciles.<\/strong> El teatro le permiti\u00f3 a Ana expresarse, sentir, compartir y aprender la disciplina. Es un orgullo ver c\u00f3mo ha crecido este maravilloso grupo, sin dejar de lado los principios originarios, del afecto y del aprendizaje.<\/em><\/p>\n<\/div><figure class=\"wp-block-media-text__media\"><img loading=\"lazy\" decoding=\"async\" width=\"1024\" height=\"460\" src=\"https:\/\/lasilusiones.com.ar\/blog\/wp-content\/uploads\/2023\/03\/WhatsApp-Image-2023-03-24-at-10.58.41-1024x460.jpeg\" alt=\"\" class=\"wp-image-2038 size-full\" srcset=\"https:\/\/lasilusiones.com.ar\/blog\/wp-content\/uploads\/2023\/03\/WhatsApp-Image-2023-03-24-at-10.58.41-1024x460.jpeg 1024w, https:\/\/lasilusiones.com.ar\/blog\/wp-content\/uploads\/2023\/03\/WhatsApp-Image-2023-03-24-at-10.58.41-300x135.jpeg 300w, https:\/\/lasilusiones.com.ar\/blog\/wp-content\/uploads\/2023\/03\/WhatsApp-Image-2023-03-24-at-10.58.41-768x345.jpeg 768w, https:\/\/lasilusiones.com.ar\/blog\/wp-content\/uploads\/2023\/03\/WhatsApp-Image-2023-03-24-at-10.58.41-1536x690.jpeg 1536w, https:\/\/lasilusiones.com.ar\/blog\/wp-content\/uploads\/2023\/03\/WhatsApp-Image-2023-03-24-at-10.58.41.jpeg 1600w\" sizes=\"auto, (max-width: 1024px) 100vw, 1024px\" \/><\/figure><\/div>\n\n\n\n<p><em>Hoy Ana Paula viaja, compra ropa, ha logrado la lectoescritura, no as\u00ed la independencia en la calle y el manejo del dinero. Tambi\u00e9n hace taller de zumba, nataci\u00f3n y teatro. Creo que vive feliz, tiene tres sobrinos que la vuelven loca. <strong>Nunca quisimos ser ejemplo de nada pero s\u00ed aprendimos con ella todos los d\u00edas.<\/strong><\/em><\/p>\n\n\n<div class=\"wp-block-image\">\n<figure class=\"aligncenter size-large is-resized\"><img loading=\"lazy\" decoding=\"async\" src=\"https:\/\/lasilusiones.com.ar\/blog\/wp-content\/uploads\/2023\/03\/WhatsApp-Image-2023-03-24-at-10.59.19-771x1024.jpeg\" alt=\"\" class=\"wp-image-2039\" width=\"459\" height=\"609\" srcset=\"https:\/\/lasilusiones.com.ar\/blog\/wp-content\/uploads\/2023\/03\/WhatsApp-Image-2023-03-24-at-10.59.19-771x1024.jpeg 771w, https:\/\/lasilusiones.com.ar\/blog\/wp-content\/uploads\/2023\/03\/WhatsApp-Image-2023-03-24-at-10.59.19-226x300.jpeg 226w, https:\/\/lasilusiones.com.ar\/blog\/wp-content\/uploads\/2023\/03\/WhatsApp-Image-2023-03-24-at-10.59.19-768x1021.jpeg 768w, https:\/\/lasilusiones.com.ar\/blog\/wp-content\/uploads\/2023\/03\/WhatsApp-Image-2023-03-24-at-10.59.19-1156x1536.jpeg 1156w, https:\/\/lasilusiones.com.ar\/blog\/wp-content\/uploads\/2023\/03\/WhatsApp-Image-2023-03-24-at-10.59.19.jpeg 1204w\" sizes=\"auto, (max-width: 459px) 100vw, 459px\" \/><\/figure>\n<\/div>","protected":false},"excerpt":{"rendered":"<p>Hoy Silvia, mam\u00e1 de Ana Paula, nos cuenta el recorrido como familia y c\u00f3mo vivieron la inclusi\u00f3n. Me presento: soy Mar\u00eda Silvia Castiglioni, mam\u00e1 de&hellip;<\/p>\n","protected":false},"author":2,"featured_media":1973,"comment_status":"open","ping_status":"open","sticky":false,"template":"","format":"standard","meta":{"_monsterinsights_skip_tracking":false,"_monsterinsights_sitenote_active":false,"_monsterinsights_sitenote_note":"","_monsterinsights_sitenote_category":0,"footnotes":""},"categories":[4],"tags":[],"class_list":["post-2035","post","type-post","status-publish","format-standard","has-post-thumbnail","hentry","category-articulo"],"_links":{"self":[{"href":"https:\/\/lasilusiones.com.ar\/blog\/wp-json\/wp\/v2\/posts\/2035","targetHints":{"allow":["GET"]}}],"collection":[{"href":"https:\/\/lasilusiones.com.ar\/blog\/wp-json\/wp\/v2\/posts"}],"about":[{"href":"https:\/\/lasilusiones.com.ar\/blog\/wp-json\/wp\/v2\/types\/post"}],"author":[{"embeddable":true,"href":"https:\/\/lasilusiones.com.ar\/blog\/wp-json\/wp\/v2\/users\/2"}],"replies":[{"embeddable":true,"href":"https:\/\/lasilusiones.com.ar\/blog\/wp-json\/wp\/v2\/comments?post=2035"}],"version-history":[{"count":4,"href":"https:\/\/lasilusiones.com.ar\/blog\/wp-json\/wp\/v2\/posts\/2035\/revisions"}],"predecessor-version":[{"id":2044,"href":"https:\/\/lasilusiones.com.ar\/blog\/wp-json\/wp\/v2\/posts\/2035\/revisions\/2044"}],"wp:featuredmedia":[{"embeddable":true,"href":"https:\/\/lasilusiones.com.ar\/blog\/wp-json\/wp\/v2\/media\/1973"}],"wp:attachment":[{"href":"https:\/\/lasilusiones.com.ar\/blog\/wp-json\/wp\/v2\/media?parent=2035"}],"wp:term":[{"taxonomy":"category","embeddable":true,"href":"https:\/\/lasilusiones.com.ar\/blog\/wp-json\/wp\/v2\/categories?post=2035"},{"taxonomy":"post_tag","embeddable":true,"href":"https:\/\/lasilusiones.com.ar\/blog\/wp-json\/wp\/v2\/tags?post=2035"}],"curies":[{"name":"wp","href":"https:\/\/api.w.org\/{rel}","templated":true}]}}