{"id":2045,"date":"2023-03-21T09:21:29","date_gmt":"2023-03-21T12:21:29","guid":{"rendered":"https:\/\/lasilusiones.com.ar\/blog\/?p=2045"},"modified":"2023-03-27T09:21:53","modified_gmt":"2023-03-27T12:21:53","slug":"entrevista-a-juan-ignacio-acosta","status":"publish","type":"post","link":"https:\/\/lasilusiones.com.ar\/blog\/entrevista-a-juan-ignacio-acosta\/","title":{"rendered":"Entrevista a Juan Ignacio Acosta"},"content":{"rendered":"\n<p><\/p>\n\n\n\n<p>Con motivo del D\u00eda Mundial del S\u00edndrome de Down, Nacho fue entrevistado por en Radio ETER por Julia Pe\u00f1alosa. All\u00ed cont\u00f3 sobre los 15 a\u00f1os de la Compa\u00f1\u00eda, las producciones art\u00edsticas y c\u00f3mo fue cambiando la mirada hacia las personas con discapacidad.<\/p>\n\n\n\n<p>Te invitamos a que la escuches aqu\u00ed.<\/p>\n\n\n\n<figure class=\"wp-block-audio\"><audio controls src=\"https:\/\/lasilusiones.com.ar\/blog\/wp-content\/uploads\/2023\/03\/WhatsApp-Audio-2023-03-21-at-12.37.18-online-audio-converter.com_.mp3\"><\/audio><\/figure>\n","protected":false},"excerpt":{"rendered":"<p>Con motivo del D\u00eda Mundial del S\u00edndrome de Down, Nacho fue entrevistado por en Radio ETER por Julia Pe\u00f1alosa. All\u00ed cont\u00f3 sobre los 15 a\u00f1os&hellip;<\/p>\n","protected":false},"author":2,"featured_media":2057,"comment_status":"open","ping_status":"open","sticky":false,"template":"","format":"standard","meta":{"_monsterinsights_skip_tracking":false,"_monsterinsights_sitenote_active":false,"_monsterinsights_sitenote_note":"","_monsterinsights_sitenote_category":0,"footnotes":""},"categories":[8],"tags":[],"class_list":["post-2045","post","type-post","status-publish","format-standard","has-post-thumbnail","hentry","category-prensa"],"_links":{"self":[{"href":"https:\/\/lasilusiones.com.ar\/blog\/wp-json\/wp\/v2\/posts\/2045","targetHints":{"allow":["GET"]}}],"collection":[{"href":"https:\/\/lasilusiones.com.ar\/blog\/wp-json\/wp\/v2\/posts"}],"about":[{"href":"https:\/\/lasilusiones.com.ar\/blog\/wp-json\/wp\/v2\/types\/post"}],"author":[{"embeddable":true,"href":"https:\/\/lasilusiones.com.ar\/blog\/wp-json\/wp\/v2\/users\/2"}],"replies":[{"embeddable":true,"href":"https:\/\/lasilusiones.com.ar\/blog\/wp-json\/wp\/v2\/comments?post=2045"}],"version-history":[{"count":2,"href":"https:\/\/lasilusiones.com.ar\/blog\/wp-json\/wp\/v2\/posts\/2045\/revisions"}],"predecessor-version":[{"id":2058,"href":"https:\/\/lasilusiones.com.ar\/blog\/wp-json\/wp\/v2\/posts\/2045\/revisions\/2058"}],"wp:featuredmedia":[{"embeddable":true,"href":"https:\/\/lasilusiones.com.ar\/blog\/wp-json\/wp\/v2\/media\/2057"}],"wp:attachment":[{"href":"https:\/\/lasilusiones.com.ar\/blog\/wp-json\/wp\/v2\/media?parent=2045"}],"wp:term":[{"taxonomy":"category","embeddable":true,"href":"https:\/\/lasilusiones.com.ar\/blog\/wp-json\/wp\/v2\/categories?post=2045"},{"taxonomy":"post_tag","embeddable":true,"href":"https:\/\/lasilusiones.com.ar\/blog\/wp-json\/wp\/v2\/tags?post=2045"}],"curies":[{"name":"wp","href":"https:\/\/api.w.org\/{rel}","templated":true}]}}