{"id":2059,"date":"2023-03-31T07:20:00","date_gmt":"2023-03-31T10:20:00","guid":{"rendered":"https:\/\/lasilusiones.com.ar\/blog\/?p=2059"},"modified":"2023-03-28T10:55:22","modified_gmt":"2023-03-28T13:55:22","slug":"conociendo-a-nuestra-comunidad-5","status":"publish","type":"post","link":"https:\/\/lasilusiones.com.ar\/blog\/conociendo-a-nuestra-comunidad-5\/","title":{"rendered":"Conociendo a nuestra comunidad"},"content":{"rendered":"\n<p><\/p>\n\n\n\n<p>Cerramos el mes con el testimonio de Carolina, que nos cuenta c\u00f3mo vivieron como familia la llegada de Agust\u00edn y todas sus experiencias en el camino de su independencia.<\/p>\n\n\n\n<p><\/p>\n\n\n\n<p><em>La llegada de Agus, hace 30 a\u00f1os atr\u00e1s, nos tom\u00f3 por sorpresa a todos, desde el momento que se adelant\u00f3 el parto hasta enterarnos que era un bebe diferente. A pesar de lo j\u00f3venes e inexpertos que \u00e9ramos, tuvimos la gran suerte de tener a nuestra familia al lado que nos acompa\u00f1\u00f3 y acompa\u00f1a en su crecimiento, como tambi\u00e9n el apoyo de profesionales que nos guiaron en su desarrollo.<\/em><\/p>\n\n\n\n<div class=\"wp-block-media-text alignwide is-stacked-on-mobile\"><figure class=\"wp-block-media-text__media\"><img loading=\"lazy\" decoding=\"async\" width=\"960\" height=\"720\" src=\"https:\/\/lasilusiones.com.ar\/blog\/wp-content\/uploads\/2023\/03\/WhatsApp-Image-2023-03-27-at-20.25.27.jpeg\" alt=\"\" class=\"wp-image-2060 size-full\" srcset=\"https:\/\/lasilusiones.com.ar\/blog\/wp-content\/uploads\/2023\/03\/WhatsApp-Image-2023-03-27-at-20.25.27.jpeg 960w, https:\/\/lasilusiones.com.ar\/blog\/wp-content\/uploads\/2023\/03\/WhatsApp-Image-2023-03-27-at-20.25.27-300x225.jpeg 300w, https:\/\/lasilusiones.com.ar\/blog\/wp-content\/uploads\/2023\/03\/WhatsApp-Image-2023-03-27-at-20.25.27-768x576.jpeg 768w\" sizes=\"auto, (max-width: 960px) 100vw, 960px\" \/><\/figure><div class=\"wp-block-media-text__content\">\n<p><em>Es el mayor de tres hermanos varones quienes lo apoyaron, guiaron e integraron en todos los \u00e1mbitos de la vida posible, como por ejemplo en la colonia y f\u00fatbol en Campo Grande<\/em>.<\/p>\n\n\n\n<p><em>Agus fue al Colegio Tognoni, donde ten\u00eda su grupo de pertenencia y se integraba al grado correspondiente en algunas actividades y materias. De esta etapa tenemos los mejores recuerdos, ya sea de los docentes, como del grupo de amigos que formamos y, hasta el d\u00eda de hoy, seguimos compartiendo salidas juntos.<\/em><\/p>\n\n\n\n<p><strong><em>\u00c9l siempre buscaba seguir la imagen de sus hermanos, quer\u00eda volver solo del colegio. Por lo tanto, le ense\u00f1amos por cu\u00e1l calle ten\u00eda que volver y, sin que \u00e9l supiera, lo segu\u00edamos desde media cuadra atr\u00e1s. Ese fue el inicio de su independencia en la calle.<\/em><\/strong><\/p>\n<\/div><\/div>\n\n\n\n<p><em>Es un chico muy tranquilo, cari\u00f1oso, respetuoso y con una memoria envidiable, se acuerda del cumplea\u00f1os de cada uno de la familia y amigos tambi\u00e9n.<\/em><\/p>\n\n\n\n<p><em>Es fan\u00e1tico de River y socio de River sin Barreras, por lo que no se pierde ni un partido, siempre busca alguien que lo acompa\u00f1e. Hace teatro, teatro musical, nataci\u00f3n, gimnasio y particip\u00f3 del proyecto de Cascos Verdes en la UCA, taller de cocina en el IAG, le gusta mucho bailar y salir con amigos. Se maneja de forma independiente en algunas cosas, va a hacer compras, principalmente al supermercado y a la librer\u00eda.\u00a0<\/em><\/p>\n\n\n\n<p><em>Trabaj\u00f3 durante cinco a\u00f1os en un estudio jur\u00eddico que le permiti\u00f3 desarrollarse como cualquier otro chico en un \u00e1mbito laboral. Fue la experiencia m\u00e1s enriquecedora hasta el momento. Se sinti\u00f3 siempre muy c\u00f3modo y acompa\u00f1ado. Luego llego la pandemia y todo cambi\u00f3\u2026 <\/em><\/p>\n\n\n\n<p><strong><em>Es un chico que ha logrado vencer muchos obst\u00e1culos que pens\u00e1bamos que no iba a poder lograr. Ahora a seguir apostando por una vida independiente.<\/em><\/strong><br><\/p>\n\n\n\n<figure class=\"wp-block-image size-full\"><img loading=\"lazy\" decoding=\"async\" width=\"1024\" height=\"765\" src=\"https:\/\/lasilusiones.com.ar\/blog\/wp-content\/uploads\/2023\/03\/WhatsApp-Image-2023-03-27-at-20.25.51.jpeg\" alt=\"\" class=\"wp-image-2061\" srcset=\"https:\/\/lasilusiones.com.ar\/blog\/wp-content\/uploads\/2023\/03\/WhatsApp-Image-2023-03-27-at-20.25.51.jpeg 1024w, https:\/\/lasilusiones.com.ar\/blog\/wp-content\/uploads\/2023\/03\/WhatsApp-Image-2023-03-27-at-20.25.51-300x224.jpeg 300w, https:\/\/lasilusiones.com.ar\/blog\/wp-content\/uploads\/2023\/03\/WhatsApp-Image-2023-03-27-at-20.25.51-768x574.jpeg 768w\" sizes=\"auto, (max-width: 1024px) 100vw, 1024px\" \/><\/figure>\n\n\n\n<p><\/p>\n\n\n\n<p>Gracias Carolina por compartir la historia de la familia. <\/p>\n\n\n\n<p>\u00bfQuer\u00e9s sumar tu testimonio? Escribinos a <a href=\"mailto:comunicacion@lasilusiones.com.ar\" target=\"_blank\" rel=\"noreferrer noopener\">comunicacion@lasilusiones.com.ar<\/a><\/p>\n\n\n\n<p><\/p>\n","protected":false},"excerpt":{"rendered":"<p>Cerramos el mes con el testimonio de Carolina, que nos cuenta c\u00f3mo vivieron como familia la llegada de Agust\u00edn y todas sus experiencias en el&hellip;<\/p>\n","protected":false},"author":2,"featured_media":1973,"comment_status":"open","ping_status":"open","sticky":false,"template":"","format":"standard","meta":{"_monsterinsights_skip_tracking":false,"_monsterinsights_sitenote_active":false,"_monsterinsights_sitenote_note":"","_monsterinsights_sitenote_category":0,"footnotes":""},"categories":[4],"tags":[],"class_list":["post-2059","post","type-post","status-publish","format-standard","has-post-thumbnail","hentry","category-articulo"],"_links":{"self":[{"href":"https:\/\/lasilusiones.com.ar\/blog\/wp-json\/wp\/v2\/posts\/2059","targetHints":{"allow":["GET"]}}],"collection":[{"href":"https:\/\/lasilusiones.com.ar\/blog\/wp-json\/wp\/v2\/posts"}],"about":[{"href":"https:\/\/lasilusiones.com.ar\/blog\/wp-json\/wp\/v2\/types\/post"}],"author":[{"embeddable":true,"href":"https:\/\/lasilusiones.com.ar\/blog\/wp-json\/wp\/v2\/users\/2"}],"replies":[{"embeddable":true,"href":"https:\/\/lasilusiones.com.ar\/blog\/wp-json\/wp\/v2\/comments?post=2059"}],"version-history":[{"count":3,"href":"https:\/\/lasilusiones.com.ar\/blog\/wp-json\/wp\/v2\/posts\/2059\/revisions"}],"predecessor-version":[{"id":2064,"href":"https:\/\/lasilusiones.com.ar\/blog\/wp-json\/wp\/v2\/posts\/2059\/revisions\/2064"}],"wp:featuredmedia":[{"embeddable":true,"href":"https:\/\/lasilusiones.com.ar\/blog\/wp-json\/wp\/v2\/media\/1973"}],"wp:attachment":[{"href":"https:\/\/lasilusiones.com.ar\/blog\/wp-json\/wp\/v2\/media?parent=2059"}],"wp:term":[{"taxonomy":"category","embeddable":true,"href":"https:\/\/lasilusiones.com.ar\/blog\/wp-json\/wp\/v2\/categories?post=2059"},{"taxonomy":"post_tag","embeddable":true,"href":"https:\/\/lasilusiones.com.ar\/blog\/wp-json\/wp\/v2\/tags?post=2059"}],"curies":[{"name":"wp","href":"https:\/\/api.w.org\/{rel}","templated":true}]}}